{"id":98562,"date":"2026-08-27T05:55:30","date_gmt":"2026-08-27T05:55:30","guid":{"rendered":"https:\/\/www.worldtradeshow.tv\/portuguese\/?p=98562"},"modified":"2026-09-01T01:29:27","modified_gmt":"2026-09-01T01:29:27","slug":"free-walk-free-bionics-japan-inc-the-3rd-caretex-tokyo-26-summer","status":"publish","type":"post","link":"https:\/\/www.worldtradeshow.tv\/portuguese\/video\/caretex-tokyo-summer-2026-japan\/free-walk-free-bionics-japan-inc-the-3rd-caretex-tokyo-26-summer\/","title":{"rendered":"Caminhada GRATUITA - FREE Bionics Japan Inc. [The 3rd CareTEX Tokyo '26 Summer]"},"content":{"rendered":"<div class=\"entry-content \">\n<blockquote class=\"wp-block-quote\">\n<p>A FREE Bionics Japan Co., Ltd. apresentou o \u201cFREE Walk\u201d, um rob\u00f4 exoesqueleto vest\u00edvel para auxiliar na caminhada, na CareTEX Tokyo 2026 Summer. Desenvolvido pela FREE Bionics, uma empresa derivada do Instituto de Pesquisa de Tecnologia Industrial de Taiwan (ITRI), o sistema foi projetado para auxiliar no treinamento e reabilita\u00e7\u00e3o da marcha de pessoas com paralisia dos membros inferiores, desde paralisia completa at\u00e9 incompleta.<\/p>\n<p>O FREE Walk pode ser ajustado para acomodar diferentes usu\u00e1rios, incluindo ajustes na largura do corpo e no comprimento das pernas, permitindo que uma \u00fanica unidade seja usada com uma ampla gama de pacientes. De acordo com as especifica\u00e7\u00f5es oficiais da empresa, o rob\u00f4 pesa 20 kg, suporta usu\u00e1rios com peso de at\u00e9 100 kg, proporciona uma velocidade de caminhada de at\u00e9 2 km\/h e tem uma autonomia de bateria de aproximadamente duas horas. Seu design tamb\u00e9m incorpora um mecanismo de fixa\u00e7\u00e3o do tronco ajust\u00e1vel, uma estrutura do quadril que se abre em 90 graus e recursos destinados a prevenir a queda do p\u00e9.<\/p>\n<p>O sistema foi projetado para uso em hospitais e centros de reabilita\u00e7\u00e3o, onde terapeutas auxiliam pacientes no treinamento da marcha. No Jap\u00e3o, a FREE Bionics tamb\u00e9m oferece op\u00e7\u00f5es de aluguel, demonstra\u00e7\u00f5es e sess\u00f5es de teste, al\u00e9m da venda do produto, proporcionando aos profissionais de sa\u00fade e reabilita\u00e7\u00e3o a oportunidade de avaliar o equipamento e sua adequa\u00e7\u00e3o aos seus usu\u00e1rios antes de considerarem a ado\u00e7\u00e3o em larga escala.<\/p>\n<\/blockquote>\n<div class=\"video-summary-grid\">\n<div class=\"summary-card\">\n<h3>Desafios abordados<\/h3>\n<ul>\n<li><a href=\"\/portuguese\/?s=Treinamento%20de%20marcha%20para%20pacientes%20com%20paralisia%20dos%20membros%20inferiores&#038;post_type=post\">Treinamento de marcha para pacientes com paralisia dos membros inferiores<\/a><\/li>\n<li><a href=\"\/portuguese\/?s=Apoio%20%C3%A0%20marcha%20na%20reabilita%C3%A7%C3%A3o&#038;post_type=post\">Apoio \u00e0 marcha na reabilita\u00e7\u00e3o<\/a><\/li>\n<li><a href=\"\/portuguese\/?s=Adapta%C3%A7%C3%A3o%20de%20equipamentos%20de%20reabilita%C3%A7%C3%A3o%20a%20diferentes%20pacientes&#038;post_type=post\">Adapta\u00e7\u00e3o de equipamentos de reabilita\u00e7\u00e3o a diferentes pacientes<\/a><\/li>\n<\/ul>\n<\/div>\n<div class=\"summary-card\">\n<h3>Solu\u00e7\u00f5es<\/h3>\n<ul>\n<li><a href=\"\/portuguese\/?s=Rob%C3%B4%20exoesqueleto%20de%20caminhada%20GR%C3%81TIS&#038;post_type=post\">Rob\u00f4 exoesqueleto de caminhada GR\u00c1TIS<\/a><\/li>\n<li><a href=\"\/portuguese\/?s=Reabilita%C3%A7%C3%A3o%20da%20marcha%20assistida%20por%20rob%C3%B4&#038;post_type=post\">Reabilita\u00e7\u00e3o da marcha assistida por rob\u00f4<\/a><\/li>\n<li><a href=\"\/portuguese\/?s=Demonstra%C3%A7%C3%B5es%20e%20op%C3%A7%C3%B5es%20de%20aluguel%20para%20avalia%C3%A7%C3%A3o.&#038;post_type=post\">Demonstra\u00e7\u00f5es e op\u00e7\u00f5es de aluguel para avalia\u00e7\u00e3o.<\/a><\/li>\n<\/ul>\n<\/div>\n<div class=\"summary-card\">\n<h3>Clientes-alvo<\/h3>\n<ul>\n<li><a href=\"\/portuguese\/?s=Hospitais%20de%20reabilita%C3%A7%C3%A3o&#038;post_type=post\">Hospitais de reabilita\u00e7\u00e3o<\/a><\/li>\n<li><a href=\"\/portuguese\/?s=Instala%C3%A7%C3%B5es%20de%20reabilita%C3%A7%C3%A3o&#038;post_type=post\">Instala\u00e7\u00f5es de reabilita\u00e7\u00e3o<\/a><\/li>\n<li><a href=\"\/portuguese\/?s=Fisioterapeutas%20e%20profissionais%20de%20reabilita%C3%A7%C3%A3o&#038;post_type=post\">Fisioterapeutas e profissionais de reabilita\u00e7\u00e3o<\/a><\/li>\n<\/ul>\n<\/div>\n<\/div>\n<div class=\"video-faq\">\n<h3 class=\"faq-heading\">Perguntas frequentes<\/h3>\n<details class=\"faq-item\">\n<summary>O que \u00e9 uma caminhada GRATUITA?<\/summary>\n<div class=\"faq-answer\">O FREE Walk \u00e9 um rob\u00f4 exoesqueleto vest\u00edvel projetado para auxiliar no treinamento e reabilita\u00e7\u00e3o da marcha de pessoas com dificuldades de locomo\u00e7\u00e3o. Na exposi\u00e7\u00e3o, foi apresentado como um sistema para pacientes com diferentes graus de paralisia, desde completa at\u00e9 incompleta.<\/div>\n<\/details>\n<details class=\"faq-item\">\n<summary>O programa FREE Walk pode ser adaptado para diferentes pacientes?<\/summary>\n<div class=\"faq-answer\">Sim. O sistema permite ajustes, incluindo largura do corpo e comprimento das pernas, possibilitando que uma \u00fanica unidade se adapte a uma ampla gama de usu\u00e1rios.<\/div>\n<\/details>\n<details class=\"faq-item\">\n<summary>Os profissionais de sa\u00fade podem experimentar o Walk gratuitamente antes de compr\u00e1-lo?<\/summary>\n<div class=\"faq-answer\">Sim. No Jap\u00e3o, al\u00e9m da venda do produto, a empresa oferece demonstra\u00e7\u00f5es, sess\u00f5es de teste e op\u00e7\u00f5es de aluguel, permitindo que profissionais de sa\u00fade e reabilita\u00e7\u00e3o avaliem o sistema antes de consider\u00e1-lo.<\/div>\n<\/details>\n<\/div>\n<details class=\"video-transcript\">\n<summary>Ver transcri\u00e7\u00e3o do v\u00eddeo<\/summary>\n<div class=\"transcript-content\">Esta \u00e9 a FREE Bionics Japan Inc.<br \/>Somos uma empresa derivada do ITRI, a maior institui\u00e7\u00e3o de pesquisa de Taiwan.<br \/>Nosso produto \u00e9 um rob\u00f4 exoesqueleto.<br \/>Este \u00e9 o nosso produto chamado FreeWalk.<br \/>O FreeWalk \u00e9 adequado para pacientes com paralisia completa ou parcial.<br \/>Com uma \u00fanica unidade, \u00e9 poss\u00edvel ajustar a largura e o comprimento das pernas, tornando-o adequado para praticamente qualquer paciente.<br \/>Entre em contato conosco caso tenha interesse. Obrigado.<\/div>\n<\/details>\n<h2>Entre em contato com a empresa.<\/h2>\n<div class=\"company-profile-section\">\n<div class=\"company-shot\"><a href=\"https:\/\/www.freebionics.com.tw\/jp\" target=\"_blank\" rel=\"noopener noreferrer\"><img decoding=\"async\" src=\"https:\/\/s.wordpress.com\/mshots\/v1\/https%3A%2F%2Fwww.freebionics.com.tw%2Fjp?w=800\" alt=\"Site oficial da FREE Bionics Japan Co., Ltd.\" loading=\"lazy\"><\/a><\/div>\n<div class=\"company-info\">\n<ul>\n<li><span class=\"label\">Sede<\/span> <span class=\"value\">S308, 3F Tensho Minami-Aoyama Building, 2-4-15 Minami-Aoyama, Minato-ku, T\u00f3quio 107-0062, Jap\u00e3o<\/span><\/li>\n<li><span class=\"label\">Estabelecido<\/span> <span class=\"value\">Abril de 2017<\/span><\/li>\n<li><span class=\"label\">Funcion\u00e1rios<\/span> <span class=\"value\">10<\/span><\/li>\n<li><span class=\"label\">Site oficial<\/span> <span class=\"value\"><a href=\"https:\/\/www.freebionics.com.tw\/jp\" target=\"_blank\" rel=\"noopener noreferrer\">https:\/\/www.freebionics.com.tw\/jp<\/a><\/span><\/li>\n<li><span class=\"label\">\u00c1reas de neg\u00f3cio<\/span> <span class=\"value\">Desenvolvimento e fornecimento de exoesqueletos e rob\u00f4s de assist\u00eancia \u00e0 marcha para reabilita\u00e7\u00e3o.<\/span><\/li>\n<li><span class=\"label\">Principais produtos e servi\u00e7os<\/span> <span class=\"value\">Rob\u00f4 exoesqueleto vest\u00edvel FREE Walk: vendas, alugu\u00e9is, demonstra\u00e7\u00f5es e sess\u00f5es de teste.<\/span><\/li>\n<\/ul>\n<\/div>\n<\/div>\n<\/div>\n","protected":false},"excerpt":{"rendered":"<p>A FREE Bionics Japan Co., Ltd. apresentou o \u201cFREE Walk\u201d, um rob\u00f4 exoesqueleto vest\u00edvel para auxiliar na caminhada, na CareTEX Tokyo 2026 Summer. Desenvolvido pela FREE Bionics, uma empresa derivada do Instituto de Pesquisa de Tecnologia Industrial de\u2026<\/p>\n","protected":false},"author":1,"featured_media":98564,"comment_status":"open","ping_status":"open","sticky":false,"template":"","format":"video","meta":{"_acf_changed":false,"footnotes":""},"categories":[821],"tags":[46,523,577,32,517,621,626,551,40,9,24,34,507,529,539,535,628,14,493,593],"class_list":["post-98562","post","type-post","status-publish","format-video","has-post-thumbnail","hentry","category-caretex-tokyo-summer-2026-japan","tag-agriculture-forestry-fishery-and-food","tag-agriculture-forestry-fishery-and-food-2","tag-medical-care-health-5","tag-medical-care-health","tag-machinery-industrial-technology-6","tag-medical-care-health-3","tag-medical-care-health-6","tag-services-1","tag-living","tag-information-telecommunication","tag-japan","tag-machinery-industrial-technology","tag-living-4","tag-machinery-industrial-technology-7","tag-services-3","tag-living-12","tag-services-9","tag-services","tag-information-telecommunication-1","tag-machinery-industrial-technology-5","post_format-post-format-video"],"acf":[],"yoast_head":"<!-- This site is optimized with the Yoast SEO plugin v27.7 - https:\/\/yoast.com\/product\/yoast-seo-wordpress\/ -->\n<title>Caminhada GRATUITA - FREE Bionics Japan Inc. [The 3rd CareTEX Tokyo &#039;26 Summer] \u2013 V\u00eddeo da Feira | WorldTradeShow.TV<\/title>\n<meta name=\"robots\" content=\"index, follow, max-snippet:-1, max-image-preview:large, max-video-preview:-1\" \/>\n<link rel=\"canonical\" href=\"https:\/\/www.worldtradeshow.tv\/portuguese\/video\/caretex-tokyo-summer-2026-japan\/free-walk-free-bionics-japan-inc-the-3rd-caretex-tokyo-26-summer\/\" \/>\n<meta property=\"og:locale\" content=\"pt_PT\" \/>\n<meta property=\"og:type\" content=\"article\" \/>\n<meta property=\"og:title\" content=\"Caminhada GRATUITA - FREE Bionics Japan Inc. [The 3rd CareTEX Tokyo &#039;26 Summer] \u2013 V\u00eddeo da Feira | WorldTradeShow.TV\" \/>\n<meta property=\"og:description\" content=\"A FREE Bionics Japan Co., Ltd. apresentou o \u201cFREE Walk\u201d, um rob\u00f4 exoesqueleto vest\u00edvel para auxiliar na caminhada, na CareTEX Tokyo 2026 Summer. Desenvolvido pela FREE Bionics, uma empresa derivada do Instituto de Pesquisa de Tecnologia Industrial de\u2026\" \/>\n<meta property=\"og:url\" content=\"https:\/\/www.worldtradeshow.tv\/portuguese\/video\/caretex-tokyo-summer-2026-japan\/free-walk-free-bionics-japan-inc-the-3rd-caretex-tokyo-26-summer\/\" \/>\n<meta property=\"og:site_name\" content=\"V\u00eddeos de Feiras Internacionais e Novos Produtos \u2013 WorldTradeShow.TV\" \/>\n<meta property=\"article:publisher\" content=\"https:\/\/www.facebook.com\/tenji.tv\" \/>\n<meta property=\"article:published_time\" content=\"2026-08-27T05:55:30+00:00\" \/>\n<meta property=\"article:modified_time\" content=\"2026-09-01T01:29:27+00:00\" \/>\n<meta property=\"og:image\" content=\"https:\/\/www.worldtradeshow.tv\/portuguese\/wp-content\/uploads\/2026\/08\/maxresdefault-68.jpg\" \/>\n\t<meta property=\"og:image:width\" content=\"1280\" \/>\n\t<meta property=\"og:image:height\" content=\"720\" \/>\n\t<meta property=\"og:image:type\" content=\"image\/jpeg\" \/>\n<meta name=\"author\" content=\"user\" \/>\n<meta name=\"twitter:card\" content=\"summary_large_image\" \/>\n<meta name=\"twitter:label1\" content=\"Escrito por\" \/>\n\t<meta name=\"twitter:data1\" content=\"user\" \/>\n\t<meta name=\"twitter:label2\" content=\"Tempo estimado de leitura\" \/>\n\t<meta name=\"twitter:data2\" content=\"3 minutos\" \/>\n<script type=\"application\/ld+json\" class=\"yoast-schema-graph\">{\"@context\":\"https:\\\/\\\/schema.org\",\"@graph\":[{\"@type\":\"Article\",\"@id\":\"https:\\\/\\\/www.worldtradeshow.tv\\\/portuguese\\\/video\\\/caretex-tokyo-summer-2026-japan\\\/free-walk-free-bionics-japan-inc-the-3rd-caretex-tokyo-26-summer\\\/#article\",\"isPartOf\":{\"@id\":\"https:\\\/\\\/www.worldtradeshow.tv\\\/portuguese\\\/video\\\/caretex-tokyo-summer-2026-japan\\\/free-walk-free-bionics-japan-inc-the-3rd-caretex-tokyo-26-summer\\\/\"},\"author\":{\"name\":\"user\",\"@id\":\"https:\\\/\\\/www.worldtradeshow.tv\\\/portuguese\\\/#\\\/schema\\\/person\\\/3ea75b2b0542da77a7d411f29d033ddc\"},\"headline\":\"Caminhada GRATUITA - FREE Bionics Japan Inc. [The 3rd CareTEX Tokyo '26 Summer]\",\"datePublished\":\"2026-08-27T05:55:30+00:00\",\"dateModified\":\"2026-09-01T01:29:27+00:00\",\"mainEntityOfPage\":{\"@id\":\"https:\\\/\\\/www.worldtradeshow.tv\\\/portuguese\\\/video\\\/caretex-tokyo-summer-2026-japan\\\/free-walk-free-bionics-japan-inc-the-3rd-caretex-tokyo-26-summer\\\/\"},\"wordCount\":622,\"commentCount\":0,\"image\":{\"@id\":\"https:\\\/\\\/www.worldtradeshow.tv\\\/portuguese\\\/video\\\/caretex-tokyo-summer-2026-japan\\\/free-walk-free-bionics-japan-inc-the-3rd-caretex-tokyo-26-summer\\\/#primaryimage\"},\"thumbnailUrl\":\"https:\\\/\\\/www.worldtradeshow.tv\\\/portuguese\\\/wp-content\\\/uploads\\\/2026\\\/08\\\/maxresdefault-68.jpg\",\"keywords\":[\"Agricultura \\\/ Florestal \\\/ Pesca e Comida\",\"Alimentos e Bebidas \\\/ Processamento de Alimentos\",\"Cuidados de Sa\u00fade (Equipamentos \\\/ Produtos e Servi\u00e7os)\",\"Cuidados M\u00e9dicos \\\/ Sa\u00fade\",\"El\u00e9trica e Eletr\u00f4nica (Produtos \\\/ M\u00e1quinas)\",\"Equipamento de bem-estar e enfermagem \\\/ Reabilita\u00e7\u00e3o\",\"Fitness\",\"Hotelaria \\\/ Restaurante e Catering\",\"Industria Viva\",\"Informa\u00e7\u00e3o \\\/ Telecomunica\u00e7\u00e3o\",\"Jap\u00e3o\",\"M\u00e1quinas \\\/ Tecnologia Industrial\",\"M\u00f3veis e M\u00f3veis \\\/ Pe\u00e7as\",\"Outras m\u00e1quinas e equipamentos industriais\",\"Publicidade \\\/ Marketing \\\/ Administra\u00e7\u00e3o de Empresas\",\"Seguran\u00e7a \\\/ Prote\u00e7\u00e3o \\\/ Prote\u00e7\u00e3o contra Inc\u00eandio \\\/ Pol\u00edcia \\\/ Defesa\",\"Seguran\u00e7a e Sa\u00fade Ocupacional \\\/ Gest\u00e3o Trabalhista\",\"Servi\u00e7os\",\"Telecomunica\u00e7\u00f5es \\\/ Processamento de Dados \\\/ Inform\u00e1tica\",\"Teste \\\/ Medi\u00e7\u00e3o e An\u00e1lise \\\/ Mec\u00e2nica de Precis\u00e3o\"],\"articleSection\":[\"The 3rd CareTEX Tokyo '26 Summer\"],\"inLanguage\":\"pt-PT\",\"potentialAction\":[{\"@type\":\"CommentAction\",\"name\":\"Comment\",\"target\":[\"https:\\\/\\\/www.worldtradeshow.tv\\\/portuguese\\\/video\\\/caretex-tokyo-summer-2026-japan\\\/free-walk-free-bionics-japan-inc-the-3rd-caretex-tokyo-26-summer\\\/#respond\"]}]},{\"@type\":\"WebPage\",\"@id\":\"https:\\\/\\\/www.worldtradeshow.tv\\\/portuguese\\\/video\\\/caretex-tokyo-summer-2026-japan\\\/free-walk-free-bionics-japan-inc-the-3rd-caretex-tokyo-26-summer\\\/\",\"url\":\"https:\\\/\\\/www.worldtradeshow.tv\\\/portuguese\\\/video\\\/caretex-tokyo-summer-2026-japan\\\/free-walk-free-bionics-japan-inc-the-3rd-caretex-tokyo-26-summer\\\/\",\"name\":\"Caminhada GRATUITA - FREE Bionics Japan Inc. [The 3rd CareTEX Tokyo '26 Summer] \u2013 V\u00eddeo da Feira | WorldTradeShow.TV\",\"isPartOf\":{\"@id\":\"https:\\\/\\\/www.worldtradeshow.tv\\\/portuguese\\\/#website\"},\"primaryImageOfPage\":{\"@id\":\"https:\\\/\\\/www.worldtradeshow.tv\\\/portuguese\\\/video\\\/caretex-tokyo-summer-2026-japan\\\/free-walk-free-bionics-japan-inc-the-3rd-caretex-tokyo-26-summer\\\/#primaryimage\"},\"image\":{\"@id\":\"https:\\\/\\\/www.worldtradeshow.tv\\\/portuguese\\\/video\\\/caretex-tokyo-summer-2026-japan\\\/free-walk-free-bionics-japan-inc-the-3rd-caretex-tokyo-26-summer\\\/#primaryimage\"},\"thumbnailUrl\":\"https:\\\/\\\/www.worldtradeshow.tv\\\/portuguese\\\/wp-content\\\/uploads\\\/2026\\\/08\\\/maxresdefault-68.jpg\",\"datePublished\":\"2026-08-27T05:55:30+00:00\",\"dateModified\":\"2026-09-01T01:29:27+00:00\",\"author\":{\"@id\":\"https:\\\/\\\/www.worldtradeshow.tv\\\/portuguese\\\/#\\\/schema\\\/person\\\/3ea75b2b0542da77a7d411f29d033ddc\"},\"breadcrumb\":{\"@id\":\"https:\\\/\\\/www.worldtradeshow.tv\\\/portuguese\\\/video\\\/caretex-tokyo-summer-2026-japan\\\/free-walk-free-bionics-japan-inc-the-3rd-caretex-tokyo-26-summer\\\/#breadcrumb\"},\"inLanguage\":\"pt-PT\",\"potentialAction\":[{\"@type\":\"ReadAction\",\"target\":[\"https:\\\/\\\/www.worldtradeshow.tv\\\/portuguese\\\/video\\\/caretex-tokyo-summer-2026-japan\\\/free-walk-free-bionics-japan-inc-the-3rd-caretex-tokyo-26-summer\\\/\"]}]},{\"@type\":\"ImageObject\",\"inLanguage\":\"pt-PT\",\"@id\":\"https:\\\/\\\/www.worldtradeshow.tv\\\/portuguese\\\/video\\\/caretex-tokyo-summer-2026-japan\\\/free-walk-free-bionics-japan-inc-the-3rd-caretex-tokyo-26-summer\\\/#primaryimage\",\"url\":\"https:\\\/\\\/www.worldtradeshow.tv\\\/portuguese\\\/wp-content\\\/uploads\\\/2026\\\/08\\\/maxresdefault-68.jpg\",\"contentUrl\":\"https:\\\/\\\/www.worldtradeshow.tv\\\/portuguese\\\/wp-content\\\/uploads\\\/2026\\\/08\\\/maxresdefault-68.jpg\",\"width\":1280,\"height\":720},{\"@type\":\"BreadcrumbList\",\"@id\":\"https:\\\/\\\/www.worldtradeshow.tv\\\/portuguese\\\/video\\\/caretex-tokyo-summer-2026-japan\\\/free-walk-free-bionics-japan-inc-the-3rd-caretex-tokyo-26-summer\\\/#breadcrumb\",\"itemListElement\":[{\"@type\":\"ListItem\",\"position\":1,\"name\":\"In\u00edcio\",\"item\":\"https:\\\/\\\/www.worldtradeshow.tv\\\/portuguese\\\/\"},{\"@type\":\"ListItem\",\"position\":2,\"name\":\"Caminhada GRATUITA - FREE Bionics Japan Inc. [The 3rd CareTEX Tokyo '26 Summer]\"}]},{\"@type\":\"WebSite\",\"@id\":\"https:\\\/\\\/www.worldtradeshow.tv\\\/portuguese\\\/#website\",\"url\":\"https:\\\/\\\/www.worldtradeshow.tv\\\/portuguese\\\/\",\"name\":\"V\u00eddeos de Feiras Internacionais e Novos Produtos \u2013 WorldTradeShow.TV\",\"description\":\"Descubra v\u00eddeos de feiras internacionais e novos produtos em portugu\u00eas\",\"potentialAction\":[{\"@type\":\"SearchAction\",\"target\":{\"@type\":\"EntryPoint\",\"urlTemplate\":\"https:\\\/\\\/www.worldtradeshow.tv\\\/portuguese\\\/?s={search_term_string}\"},\"query-input\":{\"@type\":\"PropertyValueSpecification\",\"valueRequired\":true,\"valueName\":\"search_term_string\"}}],\"inLanguage\":\"pt-PT\"},{\"@type\":\"Person\",\"@id\":\"https:\\\/\\\/www.worldtradeshow.tv\\\/portuguese\\\/#\\\/schema\\\/person\\\/3ea75b2b0542da77a7d411f29d033ddc\",\"name\":\"user\",\"image\":{\"@type\":\"ImageObject\",\"inLanguage\":\"pt-PT\",\"@id\":\"https:\\\/\\\/secure.gravatar.com\\\/avatar\\\/b4c9a289323b21a01c3e940f150eb9b8c542587f1abfd8f0e1cc1ffc5e475514?s=96&d=mm&r=g\",\"url\":\"https:\\\/\\\/secure.gravatar.com\\\/avatar\\\/b4c9a289323b21a01c3e940f150eb9b8c542587f1abfd8f0e1cc1ffc5e475514?s=96&d=mm&r=g\",\"contentUrl\":\"https:\\\/\\\/secure.gravatar.com\\\/avatar\\\/b4c9a289323b21a01c3e940f150eb9b8c542587f1abfd8f0e1cc1ffc5e475514?s=96&d=mm&r=g\",\"caption\":\"user\"},\"sameAs\":[\"http:\\\/\\\/127.0.0.1\"]}]}<\/script>\n<meta property=\"og:video\" content=\"https:\/\/www.youtube.com\/embed\/Q9PaCoaPgN0\" \/>\n<meta property=\"og:video:type\" content=\"text\/html\" \/>\n<meta property=\"og:video:duration\" content=\"47\" \/>\n<meta property=\"og:video:width\" content=\"480\" \/>\n<meta property=\"og:video:height\" content=\"270\" \/>\n<meta property=\"ya:ovs:adult\" content=\"false\" \/>\n<meta property=\"ya:ovs:allow_embed\" content=\"true\" \/>\n<!-- \/ Yoast SEO plugin. -->","yoast_head_json":{"title":"Caminhada GRATUITA - FREE Bionics Japan Inc. [The 3rd CareTEX Tokyo '26 Summer] \u2013 V\u00eddeo da Feira | WorldTradeShow.TV","robots":{"index":"index","follow":"follow","max-snippet":"max-snippet:-1","max-image-preview":"max-image-preview:large","max-video-preview":"max-video-preview:-1"},"canonical":"https:\/\/www.worldtradeshow.tv\/portuguese\/video\/caretex-tokyo-summer-2026-japan\/free-walk-free-bionics-japan-inc-the-3rd-caretex-tokyo-26-summer\/","og_locale":"pt_PT","og_type":"article","og_title":"Caminhada GRATUITA - FREE Bionics Japan Inc. [The 3rd CareTEX Tokyo '26 Summer] \u2013 V\u00eddeo da Feira | WorldTradeShow.TV","og_description":"A FREE Bionics Japan Co., Ltd. apresentou o \u201cFREE Walk\u201d, um rob\u00f4 exoesqueleto vest\u00edvel para auxiliar na caminhada, na CareTEX Tokyo 2026 Summer. Desenvolvido pela FREE Bionics, uma empresa derivada do Instituto de Pesquisa de Tecnologia Industrial de\u2026","og_url":"https:\/\/www.worldtradeshow.tv\/portuguese\/video\/caretex-tokyo-summer-2026-japan\/free-walk-free-bionics-japan-inc-the-3rd-caretex-tokyo-26-summer\/","og_site_name":"V\u00eddeos de Feiras Internacionais e Novos Produtos \u2013 WorldTradeShow.TV","article_publisher":"https:\/\/www.facebook.com\/tenji.tv","article_published_time":"2026-08-27T05:55:30+00:00","article_modified_time":"2026-09-01T01:29:27+00:00","og_image":[{"width":1280,"height":720,"url":"https:\/\/www.worldtradeshow.tv\/portuguese\/wp-content\/uploads\/2026\/08\/maxresdefault-68.jpg","type":"image\/jpeg"}],"author":"user","twitter_card":"summary_large_image","twitter_misc":{"Escrito por":"user","Tempo estimado de leitura":"3 minutos"},"schema":{"@context":"https:\/\/schema.org","@graph":[{"@type":"Article","@id":"https:\/\/www.worldtradeshow.tv\/portuguese\/video\/caretex-tokyo-summer-2026-japan\/free-walk-free-bionics-japan-inc-the-3rd-caretex-tokyo-26-summer\/#article","isPartOf":{"@id":"https:\/\/www.worldtradeshow.tv\/portuguese\/video\/caretex-tokyo-summer-2026-japan\/free-walk-free-bionics-japan-inc-the-3rd-caretex-tokyo-26-summer\/"},"author":{"name":"user","@id":"https:\/\/www.worldtradeshow.tv\/portuguese\/#\/schema\/person\/3ea75b2b0542da77a7d411f29d033ddc"},"headline":"Caminhada GRATUITA - FREE Bionics Japan Inc. [The 3rd CareTEX Tokyo '26 Summer]","datePublished":"2026-08-27T05:55:30+00:00","dateModified":"2026-09-01T01:29:27+00:00","mainEntityOfPage":{"@id":"https:\/\/www.worldtradeshow.tv\/portuguese\/video\/caretex-tokyo-summer-2026-japan\/free-walk-free-bionics-japan-inc-the-3rd-caretex-tokyo-26-summer\/"},"wordCount":622,"commentCount":0,"image":{"@id":"https:\/\/www.worldtradeshow.tv\/portuguese\/video\/caretex-tokyo-summer-2026-japan\/free-walk-free-bionics-japan-inc-the-3rd-caretex-tokyo-26-summer\/#primaryimage"},"thumbnailUrl":"https:\/\/www.worldtradeshow.tv\/portuguese\/wp-content\/uploads\/2026\/08\/maxresdefault-68.jpg","keywords":["Agricultura \/ Florestal \/ Pesca e Comida","Alimentos e Bebidas \/ Processamento de Alimentos","Cuidados de Sa\u00fade (Equipamentos \/ Produtos e Servi\u00e7os)","Cuidados M\u00e9dicos \/ Sa\u00fade","El\u00e9trica e Eletr\u00f4nica (Produtos \/ M\u00e1quinas)","Equipamento de bem-estar e enfermagem \/ Reabilita\u00e7\u00e3o","Fitness","Hotelaria \/ Restaurante e Catering","Industria Viva","Informa\u00e7\u00e3o \/ Telecomunica\u00e7\u00e3o","Jap\u00e3o","M\u00e1quinas \/ Tecnologia Industrial","M\u00f3veis e M\u00f3veis \/ Pe\u00e7as","Outras m\u00e1quinas e equipamentos industriais","Publicidade \/ Marketing \/ Administra\u00e7\u00e3o de Empresas","Seguran\u00e7a \/ Prote\u00e7\u00e3o \/ Prote\u00e7\u00e3o contra Inc\u00eandio \/ Pol\u00edcia \/ Defesa","Seguran\u00e7a e Sa\u00fade Ocupacional \/ Gest\u00e3o Trabalhista","Servi\u00e7os","Telecomunica\u00e7\u00f5es \/ Processamento de Dados \/ Inform\u00e1tica","Teste \/ Medi\u00e7\u00e3o e An\u00e1lise \/ Mec\u00e2nica de Precis\u00e3o"],"articleSection":["The 3rd CareTEX Tokyo '26 Summer"],"inLanguage":"pt-PT","potentialAction":[{"@type":"CommentAction","name":"Comment","target":["https:\/\/www.worldtradeshow.tv\/portuguese\/video\/caretex-tokyo-summer-2026-japan\/free-walk-free-bionics-japan-inc-the-3rd-caretex-tokyo-26-summer\/#respond"]}]},{"@type":"WebPage","@id":"https:\/\/www.worldtradeshow.tv\/portuguese\/video\/caretex-tokyo-summer-2026-japan\/free-walk-free-bionics-japan-inc-the-3rd-caretex-tokyo-26-summer\/","url":"https:\/\/www.worldtradeshow.tv\/portuguese\/video\/caretex-tokyo-summer-2026-japan\/free-walk-free-bionics-japan-inc-the-3rd-caretex-tokyo-26-summer\/","name":"Caminhada GRATUITA - FREE Bionics Japan Inc. [The 3rd CareTEX Tokyo '26 Summer] \u2013 V\u00eddeo da Feira | WorldTradeShow.TV","isPartOf":{"@id":"https:\/\/www.worldtradeshow.tv\/portuguese\/#website"},"primaryImageOfPage":{"@id":"https:\/\/www.worldtradeshow.tv\/portuguese\/video\/caretex-tokyo-summer-2026-japan\/free-walk-free-bionics-japan-inc-the-3rd-caretex-tokyo-26-summer\/#primaryimage"},"image":{"@id":"https:\/\/www.worldtradeshow.tv\/portuguese\/video\/caretex-tokyo-summer-2026-japan\/free-walk-free-bionics-japan-inc-the-3rd-caretex-tokyo-26-summer\/#primaryimage"},"thumbnailUrl":"https:\/\/www.worldtradeshow.tv\/portuguese\/wp-content\/uploads\/2026\/08\/maxresdefault-68.jpg","datePublished":"2026-08-27T05:55:30+00:00","dateModified":"2026-09-01T01:29:27+00:00","author":{"@id":"https:\/\/www.worldtradeshow.tv\/portuguese\/#\/schema\/person\/3ea75b2b0542da77a7d411f29d033ddc"},"breadcrumb":{"@id":"https:\/\/www.worldtradeshow.tv\/portuguese\/video\/caretex-tokyo-summer-2026-japan\/free-walk-free-bionics-japan-inc-the-3rd-caretex-tokyo-26-summer\/#breadcrumb"},"inLanguage":"pt-PT","potentialAction":[{"@type":"ReadAction","target":["https:\/\/www.worldtradeshow.tv\/portuguese\/video\/caretex-tokyo-summer-2026-japan\/free-walk-free-bionics-japan-inc-the-3rd-caretex-tokyo-26-summer\/"]}]},{"@type":"ImageObject","inLanguage":"pt-PT","@id":"https:\/\/www.worldtradeshow.tv\/portuguese\/video\/caretex-tokyo-summer-2026-japan\/free-walk-free-bionics-japan-inc-the-3rd-caretex-tokyo-26-summer\/#primaryimage","url":"https:\/\/www.worldtradeshow.tv\/portuguese\/wp-content\/uploads\/2026\/08\/maxresdefault-68.jpg","contentUrl":"https:\/\/www.worldtradeshow.tv\/portuguese\/wp-content\/uploads\/2026\/08\/maxresdefault-68.jpg","width":1280,"height":720},{"@type":"BreadcrumbList","@id":"https:\/\/www.worldtradeshow.tv\/portuguese\/video\/caretex-tokyo-summer-2026-japan\/free-walk-free-bionics-japan-inc-the-3rd-caretex-tokyo-26-summer\/#breadcrumb","itemListElement":[{"@type":"ListItem","position":1,"name":"In\u00edcio","item":"https:\/\/www.worldtradeshow.tv\/portuguese\/"},{"@type":"ListItem","position":2,"name":"Caminhada GRATUITA - FREE Bionics Japan Inc. [The 3rd CareTEX Tokyo '26 Summer]"}]},{"@type":"WebSite","@id":"https:\/\/www.worldtradeshow.tv\/portuguese\/#website","url":"https:\/\/www.worldtradeshow.tv\/portuguese\/","name":"V\u00eddeos de Feiras Internacionais e Novos Produtos \u2013 WorldTradeShow.TV","description":"Descubra v\u00eddeos de feiras internacionais e novos produtos em portugu\u00eas","potentialAction":[{"@type":"SearchAction","target":{"@type":"EntryPoint","urlTemplate":"https:\/\/www.worldtradeshow.tv\/portuguese\/?s={search_term_string}"},"query-input":{"@type":"PropertyValueSpecification","valueRequired":true,"valueName":"search_term_string"}}],"inLanguage":"pt-PT"},{"@type":"Person","@id":"https:\/\/www.worldtradeshow.tv\/portuguese\/#\/schema\/person\/3ea75b2b0542da77a7d411f29d033ddc","name":"user","image":{"@type":"ImageObject","inLanguage":"pt-PT","@id":"https:\/\/secure.gravatar.com\/avatar\/b4c9a289323b21a01c3e940f150eb9b8c542587f1abfd8f0e1cc1ffc5e475514?s=96&d=mm&r=g","url":"https:\/\/secure.gravatar.com\/avatar\/b4c9a289323b21a01c3e940f150eb9b8c542587f1abfd8f0e1cc1ffc5e475514?s=96&d=mm&r=g","contentUrl":"https:\/\/secure.gravatar.com\/avatar\/b4c9a289323b21a01c3e940f150eb9b8c542587f1abfd8f0e1cc1ffc5e475514?s=96&d=mm&r=g","caption":"user"},"sameAs":["http:\/\/127.0.0.1"]}]},"og_video":"https:\/\/www.youtube.com\/embed\/Q9PaCoaPgN0","og_video_type":"text\/html","og_video_duration":"47","og_video_width":"480","og_video_height":"270","ya_ovs_adult":"false","ya_ovs_allow_embed":"true"},"cmb2":{"poster_feature_image":{"vid_m_player_background":"on","vid_m_poster_image":"","vid_m_poster_image_id":""},"gif_feature_image":{"vid_m_gif_image":"","vid_m_gif_image_id":""},"video_movie_settings":{"vid_m_director":"","vid_m_actor":"","vid_m_imdb_ratings":"","vid_m_amazon_associates":"","vid_m_vid_tmdb_movie":"","vid_m_vid_tmdb_tv_shows":"","vid_m_vid_tmdb_thumb":"backdrop_sizes"},"vid_ads_m_videoads_settings_post":{"vid_ads_m_video_ads":"","vid_ads_m_video_ads_type":"","vid_ads_m_group_google_ima":"","vid_ads_m_group_image":"","vid_ads_m_group_html5_video":"","vid_ads_m_group_html":"","vid_ads_m_vpaid_mode":"","vid_ads_m_vast_preroll":"","vid_ads_m_vast_postroll":"","vid_ads_m_vast_pauseroll":"","vid_ads_m_vast_midroll":"","vid_ads_m_group_dynamic":"","vid_ads_m_time_to_show_ads":"","vid_ads_m_time_skip_ads":"","vid_ads_m_time_to_hide_ads":""},"feature_image_settings":{"feature_image_position":""},"video_player_settings":{"single_video_style":"","video_player_position":"","vm_video_url_btn_choose":"","vm_video_url_btn_choose_id":"","vm_video_url":"https:\/\/www.youtube.com\/watch?v=Q9PaCoaPgN0","vm_video_ratio":"16:9","vm_video_ratio_mobile":"16:9","video_player_library":"","plyr_player":"","video_streaming":"","vm_video_shortcode":"","vm_video_timelapse":"","vm_media_subtitles":"","vm_media_sources":"","vid_vtt_preview":"","vid_vtt_preview_vtt_file":"","vid_vtt_preview_vtt_file_id":"","vid_vtt_preview_sprite_image":"","vid_vtt_preview_sprite_image_id":"","vid_auto_play":"","vid_preview_mode":"","vm_video_trailer_manl_url":"","vm_screenshot_preview":"","vid_tags":"","vid_p_sync_playlist":"","vid_c_sync_channel":"","get_post_format":"","multiple_links_structure":"default","multi_links_title":"","original_video_title":"","multi_links_series":"","vm_video_multi_links":"","vm_duration":"","vid_social_locker":"","vid_locker_mode":"social","vid_social_locker_id":"","vid_social_email_locker_id":"","vid_social_signin_locker_id":"","sv_login_to_watch":"","vid_membership_action":"content-video","vm_video_trailer_url":"","vid_download_type":"free","vid_download_target":"download","vid_woo_product":"","vid_download_mode":"","vid_download_mode_trailer":"","vm_media_download":"","user_rating":"","user_rating_position":"","user_rating_mode":"","user_rating_multi_sets":"","ads_above_single_player":""},"video_auto_fetch_settings":{"vm_video_fetch":"on"},"video_fake_views_likes":{"vm_fake_views":"","vm_fake_likes":"","vm_fake_dislikes":""},"gallery_settings":{"gallery_position":""},"quote_settings":{"quote_position":""},"post_options":{"main_layout":"","main_logo":"","main_logo_id":"","main_logo_retina":"","main_logo_retina_id":"","main_logo_mobile":"","main_logo_mobile_id":"","main_logo_mobile_retina":"","main_logo_mobile_retina_id":"","sticky_logo":"","sticky_logo_id":"","sticky_logo_retina":"","sticky_logo_retina_id":"","main_nav_layout":"","header_background":"","theme_sidebar":"","single_post_comment_type":"","theme_background":""}},"_links":{"self":[{"href":"https:\/\/www.worldtradeshow.tv\/portuguese\/wp-json\/wp\/v2\/posts\/98562","targetHints":{"allow":["GET"]}}],"collection":[{"href":"https:\/\/www.worldtradeshow.tv\/portuguese\/wp-json\/wp\/v2\/posts"}],"about":[{"href":"https:\/\/www.worldtradeshow.tv\/portuguese\/wp-json\/wp\/v2\/types\/post"}],"author":[{"embeddable":true,"href":"https:\/\/www.worldtradeshow.tv\/portuguese\/wp-json\/wp\/v2\/users\/1"}],"replies":[{"embeddable":true,"href":"https:\/\/www.worldtradeshow.tv\/portuguese\/wp-json\/wp\/v2\/comments?post=98562"}],"version-history":[{"count":1,"href":"https:\/\/www.worldtradeshow.tv\/portuguese\/wp-json\/wp\/v2\/posts\/98562\/revisions"}],"predecessor-version":[{"id":98563,"href":"https:\/\/www.worldtradeshow.tv\/portuguese\/wp-json\/wp\/v2\/posts\/98562\/revisions\/98563"}],"wp:featuredmedia":[{"embeddable":true,"href":"https:\/\/www.worldtradeshow.tv\/portuguese\/wp-json\/wp\/v2\/media\/98564"}],"wp:attachment":[{"href":"https:\/\/www.worldtradeshow.tv\/portuguese\/wp-json\/wp\/v2\/media?parent=98562"}],"wp:term":[{"taxonomy":"category","embeddable":true,"href":"https:\/\/www.worldtradeshow.tv\/portuguese\/wp-json\/wp\/v2\/categories?post=98562"},{"taxonomy":"post_tag","embeddable":true,"href":"https:\/\/www.worldtradeshow.tv\/portuguese\/wp-json\/wp\/v2\/tags?post=98562"}],"curies":[{"name":"wp","href":"https:\/\/api.w.org\/{rel}","templated":true}]}}