{"id":98553,"date":"2026-08-27T05:55:36","date_gmt":"2026-08-27T05:55:36","guid":{"rendered":"https:\/\/www.worldtradeshow.tv\/portuguese\/?p=98553"},"modified":"2026-09-01T01:29:24","modified_gmt":"2026-09-01T01:29:24","slug":"rx-5-devices-unlimited-japan-co-ltd-the-3rd-caretex-tokyo-26-summer","status":"publish","type":"post","link":"https:\/\/www.worldtradeshow.tv\/portuguese\/video\/caretex-tokyo-summer-2026-japan\/rx-5-devices-unlimited-japan-co-ltd-the-3rd-caretex-tokyo-26-summer\/","title":{"rendered":"RX-5 - Devices-Unlimited Japan Co., Ltd. [The 3rd CareTEX Tokyo '26 Summer]"},"content":{"rendered":"<div class=\"entry-content \">\n<blockquote class=\"wp-block-quote\">\n<p>A Devices Unlimited Japan Co., Ltd. apresentou o \u201cRX-5\u201d, um sistema de monitoramento que combina tecnologia de v\u00eddeo e sensores, na CareTEX Tokyo 2026 Summer. Quando o sensor detecta o movimento de um usu\u00e1rio, cuidadores ou enfermeiros podem verificar o v\u00eddeo correspondente e avaliar se \u00e9 necess\u00e1ria uma interven\u00e7\u00e3o no local.<\/p>\n<p>O RX-5 foi projetado para fornecer contexto visual, em vez de exigir que a equipe responda apenas com base em um alerta do sensor. Se a equipe revisar o v\u00eddeo e determinar que nenhuma a\u00e7\u00e3o \u00e9 necess\u00e1ria, n\u00e3o precisa realizar nenhuma opera\u00e7\u00e3o adicional; a tela de v\u00eddeo retorna automaticamente ao seu estado normal e o sistema fica pronto para o pr\u00f3ximo alerta.<\/p>\n<p>Em ambientes de cuidados e enfermagem, responder a cada alerta de monitoramento pode aumentar a carga de trabalho associada \u00e0 verifica\u00e7\u00e3o presencial dos residentes. Combinando a detec\u00e7\u00e3o por sensores com a confirma\u00e7\u00e3o por v\u00eddeo, a empresa apresentou o RX-5 como uma solu\u00e7\u00e3o que auxilia a equipe a avaliar situa\u00e7\u00f5es remotamente e priorizar as respostas de acordo com as condi\u00e7\u00f5es reais.<\/p>\n<\/blockquote>\n<div class=\"video-summary-grid\">\n<div class=\"summary-card\">\n<h3>Desafios abordados<\/h3>\n<ul>\n<li><a href=\"\/portuguese\/?s=Reduzir%20a%20carga%20de%20trabalho%20de%20alertas%20de%20monitoramento&#038;post_type=post\">Reduzir a carga de trabalho de alertas de monitoramento<\/a><\/li>\n<li><a href=\"\/portuguese\/?s=Reduzir%20verifica%C3%A7%C3%B5es%20presenciais%20desnecess%C3%A1rias&#038;post_type=post\">Reduzir verifica\u00e7\u00f5es presenciais desnecess\u00e1rias<\/a><\/li>\n<li><a href=\"\/portuguese\/?s=Entender%20as%20condi%C3%A7%C3%B5es%20em%20que%20os%20alertas%20ocorrem.&#038;post_type=post\">Entender as condi\u00e7\u00f5es em que os alertas ocorrem.<\/a><\/li>\n<\/ul>\n<\/div>\n<div class=\"summary-card\">\n<h3>Solu\u00e7\u00f5es<\/h3>\n<ul>\n<li><a href=\"\/portuguese\/?s=Sistema%20de%20monitoramento%20RX-5&#038;post_type=post\">Sistema de monitoramento RX-5<\/a><\/li>\n<li><a href=\"\/portuguese\/?s=Monitoramento%20baseado%20em%20v%C3%ADdeo%20e%20sensores&#038;post_type=post\">Monitoramento baseado em v\u00eddeo e sensores<\/a><\/li>\n<li><a href=\"\/portuguese\/?s=Verifica%C3%A7%C3%A3o%20em%20v%C3%ADdeo%20de%20alertas%20de%20monitoramento&#038;post_type=post\">Verifica\u00e7\u00e3o em v\u00eddeo de alertas de monitoramento<\/a><\/li>\n<\/ul>\n<\/div>\n<div class=\"summary-card\">\n<h3>Clientes-alvo<\/h3>\n<ul>\n<li><a href=\"\/portuguese\/?s=instala%C3%A7%C3%B5es%20de%20cuidados%20de%20enfermagem&#038;post_type=post\">instala\u00e7\u00f5es de cuidados de enfermagem<\/a><\/li>\n<li><a href=\"\/portuguese\/?s=instala%C3%A7%C3%B5es%20de%20cuidados%20para%20idosos&#038;post_type=post\">instala\u00e7\u00f5es de cuidados para idosos<\/a><\/li>\n<li><a href=\"\/portuguese\/?s=Cuidadores%20e%20enfermeiros&#038;post_type=post\">Cuidadores e enfermeiros<\/a><\/li>\n<\/ul>\n<\/div>\n<\/div>\n<div class=\"video-faq\">\n<h3 class=\"faq-heading\">Perguntas frequentes<\/h3>\n<details class=\"faq-item\">\n<summary>O que \u00e9 RX-5?<\/summary>\n<div class=\"faq-answer\">O RX-5 \u00e9 um sistema de monitoramento que combina tecnologia de v\u00eddeo e sensores. Quando um sensor detecta o movimento de um usu\u00e1rio, a equipe pode verificar o v\u00eddeo para avaliar a situa\u00e7\u00e3o e determinar se \u00e9 necess\u00e1ria alguma interven\u00e7\u00e3o.<\/div>\n<\/details>\n<details class=\"faq-item\">\n<summary>A equipe precisa visitar o residente sempre que um alerta for acionado?<\/summary>\n<div class=\"faq-answer\">O RX-5 permite que cuidadores e enfermeiros revisem o v\u00eddeo quando um alerta ocorre, ajudando-os a determinar se uma resposta presencial \u00e9 necess\u00e1ria.<\/div>\n<\/details>\n<details class=\"faq-item\">\n<summary>O que acontece se a equipe determinar que nenhuma a\u00e7\u00e3o \u00e9 necess\u00e1ria?<\/summary>\n<div class=\"faq-answer\">Se o v\u00eddeo indicar que n\u00e3o h\u00e1 problemas, nenhuma opera\u00e7\u00e3o adicional ser\u00e1 necess\u00e1ria. A tela de v\u00eddeo retorna automaticamente ao seu estado normal e o sistema fica pronto para o pr\u00f3ximo alerta.<\/div>\n<\/details>\n<\/div>\n<details class=\"video-transcript\">\n<summary>Ver transcri\u00e7\u00e3o do v\u00eddeo<\/summary>\n<div class=\"transcript-content\">Esta \u00e9 a Devices-Unlimited Japan Co., Ltd.<br \/>Hoje, gostar\u00edamos de apresentar o nosso RX-5.<br \/>O RX-5 \u00e9 um sistema abrangente que combina v\u00eddeo e sensores, desfazendo a no\u00e7\u00e3o convencional de que os sensores devem apenas detectar.<br \/>Ao utilizar este sistema, quando o sensor detecta o movimento do usu\u00e1rio, cuidadores, enfermeiros, etc., podem visualizar o v\u00eddeo e tomar decis\u00f5es.<br \/>Por outro lado, se determinarem que n\u00e3o h\u00e1 problema ap\u00f3s visualizarem o v\u00eddeo, podem simplesmente prosseguir sem precisar inserir nada, e o v\u00eddeo retornar\u00e1 automaticamente ao seu estado original, exibindo o pr\u00f3ximo alerta.<br \/>Este \u00e9 um sistema de ponta de uma nova empresa, portanto, se tiver o m\u00ednimo interesse, entre em contato conosco atrav\u00e9s do site da Devices-Unlimited Japan Co., Ltd.<br \/>Obrigado.<\/div>\n<\/details>\n<h2>Entre em contato com a empresa.<\/h2>\n<div class=\"company-profile-section\">\n<div class=\"company-shot\"><a href=\"https:\/\/www.devicesunlimited.co.jp\/\" target=\"_blank\" rel=\"noopener noreferrer\"><img decoding=\"async\" src=\"https:\/\/s.wordpress.com\/mshots\/v1\/https%3A%2F%2Fwww.devicesunlimited.co.jp%2F?w=800\" alt=\"Site oficial da Devices Unlimited Japan Co., Ltd.\" loading=\"lazy\"><\/a><\/div>\n<div class=\"company-info\">\n<ul>\n<li><span class=\"label\">Sede<\/span> <span class=\"value\">Edif\u00edcio 7F Kinko, 7-3 Kinko-cho, Kanagawa-ku, Yokohama, Kanagawa 221-0056, Jap\u00e3o<\/span><\/li>\n<li><span class=\"label\">Estabelecido<\/span> <span class=\"value\">&#8211;<\/span><\/li>\n<li><span class=\"label\">Funcion\u00e1rios<\/span> <span class=\"value\">&#8211;<\/span><\/li>\n<li><span class=\"label\">Site oficial<\/span> <span class=\"value\"><a href=\"https:\/\/www.devicesunlimited.co.jp\/\" target=\"_blank\" rel=\"noopener noreferrer\">https:\/\/www.devicesunlimited.co.jp\/<\/a><\/span><\/li>\n<li><span class=\"label\">\u00c1reas de neg\u00f3cio<\/span> <span class=\"value\">Fabrica\u00e7\u00e3o, vendas e servi\u00e7os para sistemas de medi\u00e7\u00e3o de energia e outros sistemas de IoT.<\/span><\/li>\n<li><span class=\"label\">Principais produtos e servi\u00e7os<\/span> <span class=\"value\">Sistemas de monitoramento de cuidados, sistemas de visualiza\u00e7\u00e3o de energia, sistemas de IoT, sistema de monitoramento RX-5<\/span><\/li>\n<\/ul>\n<\/div>\n<\/div>\n<\/div>\n","protected":false},"excerpt":{"rendered":"<p>A Devices Unlimited Japan Co., Ltd. apresentou o \u201cRX-5\u201d, um sistema de monitoramento que combina tecnologia de v\u00eddeo e sensores, na CareTEX Tokyo 2026 Summer. Quando o sensor detecta o movimento de um usu\u00e1rio, cuidadores ou enfermeiros podem verifica\u2026<\/p>\n","protected":false},"author":1,"featured_media":98555,"comment_status":"open","ping_status":"open","sticky":false,"template":"","format":"video","meta":{"_acf_changed":false,"footnotes":""},"categories":[821],"tags":[46,523,577,32,517,621,626,551,40,9,24,34,507,529,539,535,628,14,493,593],"class_list":["post-98553","post","type-post","status-publish","format-video","has-post-thumbnail","hentry","category-caretex-tokyo-summer-2026-japan","tag-agriculture-forestry-fishery-and-food","tag-agriculture-forestry-fishery-and-food-2","tag-medical-care-health-5","tag-medical-care-health","tag-machinery-industrial-technology-6","tag-medical-care-health-3","tag-medical-care-health-6","tag-services-1","tag-living","tag-information-telecommunication","tag-japan","tag-machinery-industrial-technology","tag-living-4","tag-machinery-industrial-technology-7","tag-services-3","tag-living-12","tag-services-9","tag-services","tag-information-telecommunication-1","tag-machinery-industrial-technology-5","post_format-post-format-video"],"acf":[],"yoast_head":"<!-- This site is optimized with the Yoast SEO plugin v27.7 - https:\/\/yoast.com\/product\/yoast-seo-wordpress\/ -->\n<title>RX-5 - Devices-Unlimited Japan Co., Ltd. [The 3rd CareTEX Tokyo &#039;26 Summer] \u2013 V\u00eddeo da Feira | WorldTradeShow.TV<\/title>\n<meta name=\"robots\" content=\"index, follow, max-snippet:-1, max-image-preview:large, max-video-preview:-1\" \/>\n<link rel=\"canonical\" href=\"https:\/\/www.worldtradeshow.tv\/portuguese\/video\/caretex-tokyo-summer-2026-japan\/rx-5-devices-unlimited-japan-co-ltd-the-3rd-caretex-tokyo-26-summer\/\" \/>\n<meta property=\"og:locale\" content=\"pt_PT\" \/>\n<meta property=\"og:type\" content=\"article\" \/>\n<meta property=\"og:title\" content=\"RX-5 - Devices-Unlimited Japan Co., Ltd. [The 3rd CareTEX Tokyo &#039;26 Summer] \u2013 V\u00eddeo da Feira | WorldTradeShow.TV\" \/>\n<meta property=\"og:description\" content=\"A Devices Unlimited Japan Co., Ltd. apresentou o \u201cRX-5\u201d, um sistema de monitoramento que combina tecnologia de v\u00eddeo e sensores, na CareTEX Tokyo 2026 Summer. Quando o sensor detecta o movimento de um usu\u00e1rio, cuidadores ou enfermeiros podem verifica\u2026\" \/>\n<meta property=\"og:url\" content=\"https:\/\/www.worldtradeshow.tv\/portuguese\/video\/caretex-tokyo-summer-2026-japan\/rx-5-devices-unlimited-japan-co-ltd-the-3rd-caretex-tokyo-26-summer\/\" \/>\n<meta property=\"og:site_name\" content=\"V\u00eddeos de Feiras Internacionais e Novos Produtos \u2013 WorldTradeShow.TV\" \/>\n<meta property=\"article:publisher\" content=\"https:\/\/www.facebook.com\/tenji.tv\" \/>\n<meta property=\"article:published_time\" content=\"2026-08-27T05:55:36+00:00\" \/>\n<meta property=\"article:modified_time\" content=\"2026-09-01T01:29:24+00:00\" \/>\n<meta property=\"og:image\" content=\"https:\/\/www.worldtradeshow.tv\/portuguese\/wp-content\/uploads\/2026\/08\/maxresdefault-65.jpg\" \/>\n\t<meta property=\"og:image:width\" content=\"1280\" \/>\n\t<meta property=\"og:image:height\" content=\"720\" \/>\n\t<meta property=\"og:image:type\" content=\"image\/jpeg\" \/>\n<meta name=\"author\" content=\"user\" \/>\n<meta name=\"twitter:card\" content=\"summary_large_image\" \/>\n<meta name=\"twitter:label1\" content=\"Escrito por\" \/>\n\t<meta name=\"twitter:data1\" content=\"user\" \/>\n\t<meta name=\"twitter:label2\" content=\"Tempo estimado de leitura\" \/>\n\t<meta name=\"twitter:data2\" content=\"3 minutos\" \/>\n<script type=\"application\/ld+json\" class=\"yoast-schema-graph\">{\"@context\":\"https:\\\/\\\/schema.org\",\"@graph\":[{\"@type\":\"Article\",\"@id\":\"https:\\\/\\\/www.worldtradeshow.tv\\\/portuguese\\\/video\\\/caretex-tokyo-summer-2026-japan\\\/rx-5-devices-unlimited-japan-co-ltd-the-3rd-caretex-tokyo-26-summer\\\/#article\",\"isPartOf\":{\"@id\":\"https:\\\/\\\/www.worldtradeshow.tv\\\/portuguese\\\/video\\\/caretex-tokyo-summer-2026-japan\\\/rx-5-devices-unlimited-japan-co-ltd-the-3rd-caretex-tokyo-26-summer\\\/\"},\"author\":{\"name\":\"user\",\"@id\":\"https:\\\/\\\/www.worldtradeshow.tv\\\/portuguese\\\/#\\\/schema\\\/person\\\/3ea75b2b0542da77a7d411f29d033ddc\"},\"headline\":\"RX-5 - Devices-Unlimited Japan Co., Ltd. [The 3rd CareTEX Tokyo '26 Summer]\",\"datePublished\":\"2026-08-27T05:55:36+00:00\",\"dateModified\":\"2026-09-01T01:29:24+00:00\",\"mainEntityOfPage\":{\"@id\":\"https:\\\/\\\/www.worldtradeshow.tv\\\/portuguese\\\/video\\\/caretex-tokyo-summer-2026-japan\\\/rx-5-devices-unlimited-japan-co-ltd-the-3rd-caretex-tokyo-26-summer\\\/\"},\"wordCount\":611,\"commentCount\":0,\"image\":{\"@id\":\"https:\\\/\\\/www.worldtradeshow.tv\\\/portuguese\\\/video\\\/caretex-tokyo-summer-2026-japan\\\/rx-5-devices-unlimited-japan-co-ltd-the-3rd-caretex-tokyo-26-summer\\\/#primaryimage\"},\"thumbnailUrl\":\"https:\\\/\\\/www.worldtradeshow.tv\\\/portuguese\\\/wp-content\\\/uploads\\\/2026\\\/08\\\/maxresdefault-65.jpg\",\"keywords\":[\"Agricultura \\\/ Florestal \\\/ Pesca e Comida\",\"Alimentos e Bebidas \\\/ Processamento de Alimentos\",\"Cuidados de Sa\u00fade (Equipamentos \\\/ Produtos e Servi\u00e7os)\",\"Cuidados M\u00e9dicos \\\/ Sa\u00fade\",\"El\u00e9trica e Eletr\u00f4nica (Produtos \\\/ M\u00e1quinas)\",\"Equipamento de bem-estar e enfermagem \\\/ Reabilita\u00e7\u00e3o\",\"Fitness\",\"Hotelaria \\\/ Restaurante e Catering\",\"Industria Viva\",\"Informa\u00e7\u00e3o \\\/ Telecomunica\u00e7\u00e3o\",\"Jap\u00e3o\",\"M\u00e1quinas \\\/ Tecnologia Industrial\",\"M\u00f3veis e M\u00f3veis \\\/ Pe\u00e7as\",\"Outras m\u00e1quinas e equipamentos industriais\",\"Publicidade \\\/ Marketing \\\/ Administra\u00e7\u00e3o de Empresas\",\"Seguran\u00e7a \\\/ Prote\u00e7\u00e3o \\\/ Prote\u00e7\u00e3o contra Inc\u00eandio \\\/ Pol\u00edcia \\\/ Defesa\",\"Seguran\u00e7a e Sa\u00fade Ocupacional \\\/ Gest\u00e3o Trabalhista\",\"Servi\u00e7os\",\"Telecomunica\u00e7\u00f5es \\\/ Processamento de Dados \\\/ Inform\u00e1tica\",\"Teste \\\/ Medi\u00e7\u00e3o e An\u00e1lise \\\/ Mec\u00e2nica de Precis\u00e3o\"],\"articleSection\":[\"The 3rd CareTEX Tokyo '26 Summer\"],\"inLanguage\":\"pt-PT\",\"potentialAction\":[{\"@type\":\"CommentAction\",\"name\":\"Comment\",\"target\":[\"https:\\\/\\\/www.worldtradeshow.tv\\\/portuguese\\\/video\\\/caretex-tokyo-summer-2026-japan\\\/rx-5-devices-unlimited-japan-co-ltd-the-3rd-caretex-tokyo-26-summer\\\/#respond\"]}]},{\"@type\":\"WebPage\",\"@id\":\"https:\\\/\\\/www.worldtradeshow.tv\\\/portuguese\\\/video\\\/caretex-tokyo-summer-2026-japan\\\/rx-5-devices-unlimited-japan-co-ltd-the-3rd-caretex-tokyo-26-summer\\\/\",\"url\":\"https:\\\/\\\/www.worldtradeshow.tv\\\/portuguese\\\/video\\\/caretex-tokyo-summer-2026-japan\\\/rx-5-devices-unlimited-japan-co-ltd-the-3rd-caretex-tokyo-26-summer\\\/\",\"name\":\"RX-5 - Devices-Unlimited Japan Co., Ltd. [The 3rd CareTEX Tokyo '26 Summer] \u2013 V\u00eddeo da Feira | WorldTradeShow.TV\",\"isPartOf\":{\"@id\":\"https:\\\/\\\/www.worldtradeshow.tv\\\/portuguese\\\/#website\"},\"primaryImageOfPage\":{\"@id\":\"https:\\\/\\\/www.worldtradeshow.tv\\\/portuguese\\\/video\\\/caretex-tokyo-summer-2026-japan\\\/rx-5-devices-unlimited-japan-co-ltd-the-3rd-caretex-tokyo-26-summer\\\/#primaryimage\"},\"image\":{\"@id\":\"https:\\\/\\\/www.worldtradeshow.tv\\\/portuguese\\\/video\\\/caretex-tokyo-summer-2026-japan\\\/rx-5-devices-unlimited-japan-co-ltd-the-3rd-caretex-tokyo-26-summer\\\/#primaryimage\"},\"thumbnailUrl\":\"https:\\\/\\\/www.worldtradeshow.tv\\\/portuguese\\\/wp-content\\\/uploads\\\/2026\\\/08\\\/maxresdefault-65.jpg\",\"datePublished\":\"2026-08-27T05:55:36+00:00\",\"dateModified\":\"2026-09-01T01:29:24+00:00\",\"author\":{\"@id\":\"https:\\\/\\\/www.worldtradeshow.tv\\\/portuguese\\\/#\\\/schema\\\/person\\\/3ea75b2b0542da77a7d411f29d033ddc\"},\"breadcrumb\":{\"@id\":\"https:\\\/\\\/www.worldtradeshow.tv\\\/portuguese\\\/video\\\/caretex-tokyo-summer-2026-japan\\\/rx-5-devices-unlimited-japan-co-ltd-the-3rd-caretex-tokyo-26-summer\\\/#breadcrumb\"},\"inLanguage\":\"pt-PT\",\"potentialAction\":[{\"@type\":\"ReadAction\",\"target\":[\"https:\\\/\\\/www.worldtradeshow.tv\\\/portuguese\\\/video\\\/caretex-tokyo-summer-2026-japan\\\/rx-5-devices-unlimited-japan-co-ltd-the-3rd-caretex-tokyo-26-summer\\\/\"]}]},{\"@type\":\"ImageObject\",\"inLanguage\":\"pt-PT\",\"@id\":\"https:\\\/\\\/www.worldtradeshow.tv\\\/portuguese\\\/video\\\/caretex-tokyo-summer-2026-japan\\\/rx-5-devices-unlimited-japan-co-ltd-the-3rd-caretex-tokyo-26-summer\\\/#primaryimage\",\"url\":\"https:\\\/\\\/www.worldtradeshow.tv\\\/portuguese\\\/wp-content\\\/uploads\\\/2026\\\/08\\\/maxresdefault-65.jpg\",\"contentUrl\":\"https:\\\/\\\/www.worldtradeshow.tv\\\/portuguese\\\/wp-content\\\/uploads\\\/2026\\\/08\\\/maxresdefault-65.jpg\",\"width\":1280,\"height\":720},{\"@type\":\"BreadcrumbList\",\"@id\":\"https:\\\/\\\/www.worldtradeshow.tv\\\/portuguese\\\/video\\\/caretex-tokyo-summer-2026-japan\\\/rx-5-devices-unlimited-japan-co-ltd-the-3rd-caretex-tokyo-26-summer\\\/#breadcrumb\",\"itemListElement\":[{\"@type\":\"ListItem\",\"position\":1,\"name\":\"In\u00edcio\",\"item\":\"https:\\\/\\\/www.worldtradeshow.tv\\\/portuguese\\\/\"},{\"@type\":\"ListItem\",\"position\":2,\"name\":\"RX-5 - Devices-Unlimited Japan Co., Ltd. [The 3rd CareTEX Tokyo '26 Summer]\"}]},{\"@type\":\"WebSite\",\"@id\":\"https:\\\/\\\/www.worldtradeshow.tv\\\/portuguese\\\/#website\",\"url\":\"https:\\\/\\\/www.worldtradeshow.tv\\\/portuguese\\\/\",\"name\":\"V\u00eddeos de Feiras Internacionais e Novos Produtos \u2013 WorldTradeShow.TV\",\"description\":\"Descubra v\u00eddeos de feiras internacionais e novos produtos em portugu\u00eas\",\"potentialAction\":[{\"@type\":\"SearchAction\",\"target\":{\"@type\":\"EntryPoint\",\"urlTemplate\":\"https:\\\/\\\/www.worldtradeshow.tv\\\/portuguese\\\/?s={search_term_string}\"},\"query-input\":{\"@type\":\"PropertyValueSpecification\",\"valueRequired\":true,\"valueName\":\"search_term_string\"}}],\"inLanguage\":\"pt-PT\"},{\"@type\":\"Person\",\"@id\":\"https:\\\/\\\/www.worldtradeshow.tv\\\/portuguese\\\/#\\\/schema\\\/person\\\/3ea75b2b0542da77a7d411f29d033ddc\",\"name\":\"user\",\"image\":{\"@type\":\"ImageObject\",\"inLanguage\":\"pt-PT\",\"@id\":\"https:\\\/\\\/secure.gravatar.com\\\/avatar\\\/b4c9a289323b21a01c3e940f150eb9b8c542587f1abfd8f0e1cc1ffc5e475514?s=96&d=mm&r=g\",\"url\":\"https:\\\/\\\/secure.gravatar.com\\\/avatar\\\/b4c9a289323b21a01c3e940f150eb9b8c542587f1abfd8f0e1cc1ffc5e475514?s=96&d=mm&r=g\",\"contentUrl\":\"https:\\\/\\\/secure.gravatar.com\\\/avatar\\\/b4c9a289323b21a01c3e940f150eb9b8c542587f1abfd8f0e1cc1ffc5e475514?s=96&d=mm&r=g\",\"caption\":\"user\"},\"sameAs\":[\"http:\\\/\\\/127.0.0.1\"]}]}<\/script>\n<meta property=\"og:video\" content=\"https:\/\/www.youtube.com\/embed\/lP9KSqmrlYk\" \/>\n<meta property=\"og:video:type\" content=\"text\/html\" \/>\n<meta property=\"og:video:duration\" content=\"62\" \/>\n<meta property=\"og:video:width\" content=\"480\" \/>\n<meta property=\"og:video:height\" content=\"270\" \/>\n<meta property=\"ya:ovs:adult\" content=\"false\" \/>\n<meta property=\"ya:ovs:allow_embed\" content=\"true\" \/>\n<!-- \/ Yoast SEO plugin. -->","yoast_head_json":{"title":"RX-5 - Devices-Unlimited Japan Co., Ltd. [The 3rd CareTEX Tokyo '26 Summer] \u2013 V\u00eddeo da Feira | WorldTradeShow.TV","robots":{"index":"index","follow":"follow","max-snippet":"max-snippet:-1","max-image-preview":"max-image-preview:large","max-video-preview":"max-video-preview:-1"},"canonical":"https:\/\/www.worldtradeshow.tv\/portuguese\/video\/caretex-tokyo-summer-2026-japan\/rx-5-devices-unlimited-japan-co-ltd-the-3rd-caretex-tokyo-26-summer\/","og_locale":"pt_PT","og_type":"article","og_title":"RX-5 - Devices-Unlimited Japan Co., Ltd. [The 3rd CareTEX Tokyo '26 Summer] \u2013 V\u00eddeo da Feira | WorldTradeShow.TV","og_description":"A Devices Unlimited Japan Co., Ltd. apresentou o \u201cRX-5\u201d, um sistema de monitoramento que combina tecnologia de v\u00eddeo e sensores, na CareTEX Tokyo 2026 Summer. Quando o sensor detecta o movimento de um usu\u00e1rio, cuidadores ou enfermeiros podem verifica\u2026","og_url":"https:\/\/www.worldtradeshow.tv\/portuguese\/video\/caretex-tokyo-summer-2026-japan\/rx-5-devices-unlimited-japan-co-ltd-the-3rd-caretex-tokyo-26-summer\/","og_site_name":"V\u00eddeos de Feiras Internacionais e Novos Produtos \u2013 WorldTradeShow.TV","article_publisher":"https:\/\/www.facebook.com\/tenji.tv","article_published_time":"2026-08-27T05:55:36+00:00","article_modified_time":"2026-09-01T01:29:24+00:00","og_image":[{"width":1280,"height":720,"url":"https:\/\/www.worldtradeshow.tv\/portuguese\/wp-content\/uploads\/2026\/08\/maxresdefault-65.jpg","type":"image\/jpeg"}],"author":"user","twitter_card":"summary_large_image","twitter_misc":{"Escrito por":"user","Tempo estimado de leitura":"3 minutos"},"schema":{"@context":"https:\/\/schema.org","@graph":[{"@type":"Article","@id":"https:\/\/www.worldtradeshow.tv\/portuguese\/video\/caretex-tokyo-summer-2026-japan\/rx-5-devices-unlimited-japan-co-ltd-the-3rd-caretex-tokyo-26-summer\/#article","isPartOf":{"@id":"https:\/\/www.worldtradeshow.tv\/portuguese\/video\/caretex-tokyo-summer-2026-japan\/rx-5-devices-unlimited-japan-co-ltd-the-3rd-caretex-tokyo-26-summer\/"},"author":{"name":"user","@id":"https:\/\/www.worldtradeshow.tv\/portuguese\/#\/schema\/person\/3ea75b2b0542da77a7d411f29d033ddc"},"headline":"RX-5 - Devices-Unlimited Japan Co., Ltd. [The 3rd CareTEX Tokyo '26 Summer]","datePublished":"2026-08-27T05:55:36+00:00","dateModified":"2026-09-01T01:29:24+00:00","mainEntityOfPage":{"@id":"https:\/\/www.worldtradeshow.tv\/portuguese\/video\/caretex-tokyo-summer-2026-japan\/rx-5-devices-unlimited-japan-co-ltd-the-3rd-caretex-tokyo-26-summer\/"},"wordCount":611,"commentCount":0,"image":{"@id":"https:\/\/www.worldtradeshow.tv\/portuguese\/video\/caretex-tokyo-summer-2026-japan\/rx-5-devices-unlimited-japan-co-ltd-the-3rd-caretex-tokyo-26-summer\/#primaryimage"},"thumbnailUrl":"https:\/\/www.worldtradeshow.tv\/portuguese\/wp-content\/uploads\/2026\/08\/maxresdefault-65.jpg","keywords":["Agricultura \/ Florestal \/ Pesca e Comida","Alimentos e Bebidas \/ Processamento de Alimentos","Cuidados de Sa\u00fade (Equipamentos \/ Produtos e Servi\u00e7os)","Cuidados M\u00e9dicos \/ Sa\u00fade","El\u00e9trica e Eletr\u00f4nica (Produtos \/ M\u00e1quinas)","Equipamento de bem-estar e enfermagem \/ Reabilita\u00e7\u00e3o","Fitness","Hotelaria \/ Restaurante e Catering","Industria Viva","Informa\u00e7\u00e3o \/ Telecomunica\u00e7\u00e3o","Jap\u00e3o","M\u00e1quinas \/ Tecnologia Industrial","M\u00f3veis e M\u00f3veis \/ Pe\u00e7as","Outras m\u00e1quinas e equipamentos industriais","Publicidade \/ Marketing \/ Administra\u00e7\u00e3o de Empresas","Seguran\u00e7a \/ Prote\u00e7\u00e3o \/ Prote\u00e7\u00e3o contra Inc\u00eandio \/ Pol\u00edcia \/ Defesa","Seguran\u00e7a e Sa\u00fade Ocupacional \/ Gest\u00e3o Trabalhista","Servi\u00e7os","Telecomunica\u00e7\u00f5es \/ Processamento de Dados \/ Inform\u00e1tica","Teste \/ Medi\u00e7\u00e3o e An\u00e1lise \/ Mec\u00e2nica de Precis\u00e3o"],"articleSection":["The 3rd CareTEX Tokyo '26 Summer"],"inLanguage":"pt-PT","potentialAction":[{"@type":"CommentAction","name":"Comment","target":["https:\/\/www.worldtradeshow.tv\/portuguese\/video\/caretex-tokyo-summer-2026-japan\/rx-5-devices-unlimited-japan-co-ltd-the-3rd-caretex-tokyo-26-summer\/#respond"]}]},{"@type":"WebPage","@id":"https:\/\/www.worldtradeshow.tv\/portuguese\/video\/caretex-tokyo-summer-2026-japan\/rx-5-devices-unlimited-japan-co-ltd-the-3rd-caretex-tokyo-26-summer\/","url":"https:\/\/www.worldtradeshow.tv\/portuguese\/video\/caretex-tokyo-summer-2026-japan\/rx-5-devices-unlimited-japan-co-ltd-the-3rd-caretex-tokyo-26-summer\/","name":"RX-5 - Devices-Unlimited Japan Co., Ltd. [The 3rd CareTEX Tokyo '26 Summer] \u2013 V\u00eddeo da Feira | WorldTradeShow.TV","isPartOf":{"@id":"https:\/\/www.worldtradeshow.tv\/portuguese\/#website"},"primaryImageOfPage":{"@id":"https:\/\/www.worldtradeshow.tv\/portuguese\/video\/caretex-tokyo-summer-2026-japan\/rx-5-devices-unlimited-japan-co-ltd-the-3rd-caretex-tokyo-26-summer\/#primaryimage"},"image":{"@id":"https:\/\/www.worldtradeshow.tv\/portuguese\/video\/caretex-tokyo-summer-2026-japan\/rx-5-devices-unlimited-japan-co-ltd-the-3rd-caretex-tokyo-26-summer\/#primaryimage"},"thumbnailUrl":"https:\/\/www.worldtradeshow.tv\/portuguese\/wp-content\/uploads\/2026\/08\/maxresdefault-65.jpg","datePublished":"2026-08-27T05:55:36+00:00","dateModified":"2026-09-01T01:29:24+00:00","author":{"@id":"https:\/\/www.worldtradeshow.tv\/portuguese\/#\/schema\/person\/3ea75b2b0542da77a7d411f29d033ddc"},"breadcrumb":{"@id":"https:\/\/www.worldtradeshow.tv\/portuguese\/video\/caretex-tokyo-summer-2026-japan\/rx-5-devices-unlimited-japan-co-ltd-the-3rd-caretex-tokyo-26-summer\/#breadcrumb"},"inLanguage":"pt-PT","potentialAction":[{"@type":"ReadAction","target":["https:\/\/www.worldtradeshow.tv\/portuguese\/video\/caretex-tokyo-summer-2026-japan\/rx-5-devices-unlimited-japan-co-ltd-the-3rd-caretex-tokyo-26-summer\/"]}]},{"@type":"ImageObject","inLanguage":"pt-PT","@id":"https:\/\/www.worldtradeshow.tv\/portuguese\/video\/caretex-tokyo-summer-2026-japan\/rx-5-devices-unlimited-japan-co-ltd-the-3rd-caretex-tokyo-26-summer\/#primaryimage","url":"https:\/\/www.worldtradeshow.tv\/portuguese\/wp-content\/uploads\/2026\/08\/maxresdefault-65.jpg","contentUrl":"https:\/\/www.worldtradeshow.tv\/portuguese\/wp-content\/uploads\/2026\/08\/maxresdefault-65.jpg","width":1280,"height":720},{"@type":"BreadcrumbList","@id":"https:\/\/www.worldtradeshow.tv\/portuguese\/video\/caretex-tokyo-summer-2026-japan\/rx-5-devices-unlimited-japan-co-ltd-the-3rd-caretex-tokyo-26-summer\/#breadcrumb","itemListElement":[{"@type":"ListItem","position":1,"name":"In\u00edcio","item":"https:\/\/www.worldtradeshow.tv\/portuguese\/"},{"@type":"ListItem","position":2,"name":"RX-5 - Devices-Unlimited Japan Co., Ltd. [The 3rd CareTEX Tokyo '26 Summer]"}]},{"@type":"WebSite","@id":"https:\/\/www.worldtradeshow.tv\/portuguese\/#website","url":"https:\/\/www.worldtradeshow.tv\/portuguese\/","name":"V\u00eddeos de Feiras Internacionais e Novos Produtos \u2013 WorldTradeShow.TV","description":"Descubra v\u00eddeos de feiras internacionais e novos produtos em portugu\u00eas","potentialAction":[{"@type":"SearchAction","target":{"@type":"EntryPoint","urlTemplate":"https:\/\/www.worldtradeshow.tv\/portuguese\/?s={search_term_string}"},"query-input":{"@type":"PropertyValueSpecification","valueRequired":true,"valueName":"search_term_string"}}],"inLanguage":"pt-PT"},{"@type":"Person","@id":"https:\/\/www.worldtradeshow.tv\/portuguese\/#\/schema\/person\/3ea75b2b0542da77a7d411f29d033ddc","name":"user","image":{"@type":"ImageObject","inLanguage":"pt-PT","@id":"https:\/\/secure.gravatar.com\/avatar\/b4c9a289323b21a01c3e940f150eb9b8c542587f1abfd8f0e1cc1ffc5e475514?s=96&d=mm&r=g","url":"https:\/\/secure.gravatar.com\/avatar\/b4c9a289323b21a01c3e940f150eb9b8c542587f1abfd8f0e1cc1ffc5e475514?s=96&d=mm&r=g","contentUrl":"https:\/\/secure.gravatar.com\/avatar\/b4c9a289323b21a01c3e940f150eb9b8c542587f1abfd8f0e1cc1ffc5e475514?s=96&d=mm&r=g","caption":"user"},"sameAs":["http:\/\/127.0.0.1"]}]},"og_video":"https:\/\/www.youtube.com\/embed\/lP9KSqmrlYk","og_video_type":"text\/html","og_video_duration":"62","og_video_width":"480","og_video_height":"270","ya_ovs_adult":"false","ya_ovs_allow_embed":"true"},"cmb2":{"poster_feature_image":{"vid_m_player_background":"on","vid_m_poster_image":"","vid_m_poster_image_id":""},"gif_feature_image":{"vid_m_gif_image":"","vid_m_gif_image_id":""},"video_movie_settings":{"vid_m_director":"","vid_m_actor":"","vid_m_imdb_ratings":"","vid_m_amazon_associates":"","vid_m_vid_tmdb_movie":"","vid_m_vid_tmdb_tv_shows":"","vid_m_vid_tmdb_thumb":"backdrop_sizes"},"vid_ads_m_videoads_settings_post":{"vid_ads_m_video_ads":"","vid_ads_m_video_ads_type":"","vid_ads_m_group_google_ima":"","vid_ads_m_group_image":"","vid_ads_m_group_html5_video":"","vid_ads_m_group_html":"","vid_ads_m_vpaid_mode":"","vid_ads_m_vast_preroll":"","vid_ads_m_vast_postroll":"","vid_ads_m_vast_pauseroll":"","vid_ads_m_vast_midroll":"","vid_ads_m_group_dynamic":"","vid_ads_m_time_to_show_ads":"","vid_ads_m_time_skip_ads":"","vid_ads_m_time_to_hide_ads":""},"feature_image_settings":{"feature_image_position":""},"video_player_settings":{"single_video_style":"","video_player_position":"","vm_video_url_btn_choose":"","vm_video_url_btn_choose_id":"","vm_video_url":"https:\/\/www.youtube.com\/watch?v=lP9KSqmrlYk","vm_video_ratio":"16:9","vm_video_ratio_mobile":"16:9","video_player_library":"","plyr_player":"","video_streaming":"","vm_video_shortcode":"","vm_video_timelapse":"","vm_media_subtitles":"","vm_media_sources":"","vid_vtt_preview":"","vid_vtt_preview_vtt_file":"","vid_vtt_preview_vtt_file_id":"","vid_vtt_preview_sprite_image":"","vid_vtt_preview_sprite_image_id":"","vid_auto_play":"","vid_preview_mode":"","vm_video_trailer_manl_url":"","vm_screenshot_preview":"","vid_tags":"","vid_p_sync_playlist":"","vid_c_sync_channel":"","get_post_format":"","multiple_links_structure":"default","multi_links_title":"","original_video_title":"","multi_links_series":"","vm_video_multi_links":"","vm_duration":"","vid_social_locker":"","vid_locker_mode":"social","vid_social_locker_id":"","vid_social_email_locker_id":"","vid_social_signin_locker_id":"","sv_login_to_watch":"","vid_membership_action":"content-video","vm_video_trailer_url":"","vid_download_type":"free","vid_download_target":"download","vid_woo_product":"","vid_download_mode":"","vid_download_mode_trailer":"","vm_media_download":"","user_rating":"","user_rating_position":"","user_rating_mode":"","user_rating_multi_sets":"","ads_above_single_player":""},"video_auto_fetch_settings":{"vm_video_fetch":"on"},"video_fake_views_likes":{"vm_fake_views":"","vm_fake_likes":"","vm_fake_dislikes":""},"gallery_settings":{"gallery_position":""},"quote_settings":{"quote_position":""},"post_options":{"main_layout":"","main_logo":"","main_logo_id":"","main_logo_retina":"","main_logo_retina_id":"","main_logo_mobile":"","main_logo_mobile_id":"","main_logo_mobile_retina":"","main_logo_mobile_retina_id":"","sticky_logo":"","sticky_logo_id":"","sticky_logo_retina":"","sticky_logo_retina_id":"","main_nav_layout":"","header_background":"","theme_sidebar":"","single_post_comment_type":"","theme_background":""}},"_links":{"self":[{"href":"https:\/\/www.worldtradeshow.tv\/portuguese\/wp-json\/wp\/v2\/posts\/98553","targetHints":{"allow":["GET"]}}],"collection":[{"href":"https:\/\/www.worldtradeshow.tv\/portuguese\/wp-json\/wp\/v2\/posts"}],"about":[{"href":"https:\/\/www.worldtradeshow.tv\/portuguese\/wp-json\/wp\/v2\/types\/post"}],"author":[{"embeddable":true,"href":"https:\/\/www.worldtradeshow.tv\/portuguese\/wp-json\/wp\/v2\/users\/1"}],"replies":[{"embeddable":true,"href":"https:\/\/www.worldtradeshow.tv\/portuguese\/wp-json\/wp\/v2\/comments?post=98553"}],"version-history":[{"count":1,"href":"https:\/\/www.worldtradeshow.tv\/portuguese\/wp-json\/wp\/v2\/posts\/98553\/revisions"}],"predecessor-version":[{"id":98554,"href":"https:\/\/www.worldtradeshow.tv\/portuguese\/wp-json\/wp\/v2\/posts\/98553\/revisions\/98554"}],"wp:featuredmedia":[{"embeddable":true,"href":"https:\/\/www.worldtradeshow.tv\/portuguese\/wp-json\/wp\/v2\/media\/98555"}],"wp:attachment":[{"href":"https:\/\/www.worldtradeshow.tv\/portuguese\/wp-json\/wp\/v2\/media?parent=98553"}],"wp:term":[{"taxonomy":"category","embeddable":true,"href":"https:\/\/www.worldtradeshow.tv\/portuguese\/wp-json\/wp\/v2\/categories?post=98553"},{"taxonomy":"post_tag","embeddable":true,"href":"https:\/\/www.worldtradeshow.tv\/portuguese\/wp-json\/wp\/v2\/tags?post=98553"}],"curies":[{"name":"wp","href":"https:\/\/api.w.org\/{rel}","templated":true}]}}