{"id":98550,"date":"2026-08-27T05:55:40","date_gmt":"2026-08-27T05:55:40","guid":{"rendered":"https:\/\/www.worldtradeshow.tv\/portuguese\/?p=98550"},"modified":"2026-09-01T01:29:21","modified_gmt":"2026-09-01T01:29:21","slug":"fukuyakkun-cuc-i-data-inc-the-3rd-caretex-tokyo-26-summer","status":"publish","type":"post","link":"https:\/\/www.worldtradeshow.tv\/portuguese\/video\/caretex-tokyo-summer-2026-japan\/fukuyakkun-cuc-i-data-inc-the-3rd-caretex-tokyo-26-summer\/","title":{"rendered":"Fukuyakkun - CUC i-DATA Inc. [The 3rd CareTEX Tokyo '26 Summer]"},"content":{"rendered":"<div class=\"entry-content \">\n<blockquote class=\"wp-block-quote\">\n<p>A CUC iData Co., Ltd. apresentou o \u201cFukuyakkun\u201d, um sistema de preven\u00e7\u00e3o de erros de medica\u00e7\u00e3o para institui\u00e7\u00f5es de cuidados, na CareTEX Tokyo 2026 Summer. Utilizando um aplicativo m\u00f3vel dedicado para escanear c\u00f3digos QR, o sistema verifica se a medica\u00e7\u00e3o est\u00e1 sendo administrada ao residente correto, ajudando as institui\u00e7\u00f5es a prevenir erros de medica\u00e7\u00e3o durante as opera\u00e7\u00f5es di\u00e1rias de cuidados.<\/p>\n<p>O sistema tamb\u00e9m foi projetado para agilizar os fluxos de trabalho de administra\u00e7\u00e3o de medicamentos. Segundo a empresa, processos que antes exigiam dois funcion\u00e1rios para dupla verifica\u00e7\u00e3o agora podem ser realizados por uma \u00fanica pessoa, gra\u00e7as \u00e0 verifica\u00e7\u00e3o automatizada do sistema. Os registros de medicamentos tamb\u00e9m s\u00e3o criados automaticamente, reduzindo o trabalho administrativo associado \u00e0 documenta\u00e7\u00e3o da administra\u00e7\u00e3o de medicamentos.<\/p>\n<p>Ao combinar a verifica\u00e7\u00e3o por c\u00f3digo QR com o registro autom\u00e1tico de dados, o Fukuyakkun aborda tanto a seguran\u00e7a da medica\u00e7\u00e3o quanto a efici\u00eancia operacional. A CUC iData apresentou o sistema como uma solu\u00e7\u00e3o para institui\u00e7\u00f5es de sa\u00fade que buscam reduzir o risco de erros de medica\u00e7\u00e3o, ao mesmo tempo que aliviam a carga de trabalho associada a verifica\u00e7\u00f5es manuais e ao gerenciamento de registros.<\/p>\n<\/blockquote>\n<div class=\"video-summary-grid\">\n<div class=\"summary-card\">\n<h3>Desafios abordados<\/h3>\n<ul>\n<li><a href=\"\/portuguese\/?s=Preven%C3%A7%C3%A3o%20de%20erros%20de%20medica%C3%A7%C3%A3o%20em%20institui%C3%A7%C3%B5es%20de%20sa%C3%BAde&#038;post_type=post\">Preven\u00e7\u00e3o de erros de medica\u00e7\u00e3o em institui\u00e7\u00f5es de sa\u00fade<\/a><\/li>\n<li><a href=\"\/portuguese\/?s=Reduzir%20a%20carga%20de%20trabalho%20da%20dupla%20verifica%C3%A7%C3%A3o%20de%20medicamentos&#038;post_type=post\">Reduzir a carga de trabalho da dupla verifica\u00e7\u00e3o de medicamentos<\/a><\/li>\n<li><a href=\"\/portuguese\/?s=Simplifica%C3%A7%C3%A3o%20do%20registro%20de%20medicamentos&#038;post_type=post\">Simplifica\u00e7\u00e3o do registro de medicamentos<\/a><\/li>\n<\/ul>\n<\/div>\n<div class=\"summary-card\">\n<h3>Solu\u00e7\u00f5es<\/h3>\n<ul>\n<li><a href=\"\/portuguese\/?s=Sistema%20de%20preven%C3%A7%C3%A3o%20de%20erros%20de%20medica%C3%A7%C3%A3o%20Fukuyakkun&#038;post_type=post\">Sistema de preven\u00e7\u00e3o de erros de medica\u00e7\u00e3o Fukuyakkun<\/a><\/li>\n<li><a href=\"\/portuguese\/?s=Verifica%C3%A7%C3%A3o%20de%20medicamentos%20baseada%20em%20c%C3%B3digo%20QR&#038;post_type=post\">Verifica\u00e7\u00e3o de medicamentos baseada em c\u00f3digo QR<\/a><\/li>\n<li><a href=\"\/portuguese\/?s=Registro%20autom%C3%A1tico%20de%20medicamentos&#038;post_type=post\">Registro autom\u00e1tico de medicamentos<\/a><\/li>\n<\/ul>\n<\/div>\n<div class=\"summary-card\">\n<h3>Clientes-alvo<\/h3>\n<ul>\n<li><a href=\"\/portuguese\/?s=instala%C3%A7%C3%B5es%20de%20cuidados%20de%20enfermagem&#038;post_type=post\">instala\u00e7\u00f5es de cuidados de enfermagem<\/a><\/li>\n<li><a href=\"\/portuguese\/?s=instala%C3%A7%C3%B5es%20de%20cuidados%20para%20idosos&#038;post_type=post\">instala\u00e7\u00f5es de cuidados para idosos<\/a><\/li>\n<li><a href=\"\/portuguese\/?s=Cuidadores%20e%20equipe%20de%20apoio%20%C3%A0%20medica%C3%A7%C3%A3o&#038;post_type=post\">Cuidadores e equipe de apoio \u00e0 medica\u00e7\u00e3o<\/a><\/li>\n<\/ul>\n<\/div>\n<\/div>\n<div class=\"video-faq\">\n<h3 class=\"faq-heading\">Perguntas frequentes<\/h3>\n<details class=\"faq-item\">\n<summary>Como o Fukuyakkun ajuda a prevenir erros de medica\u00e7\u00e3o?<\/summary>\n<div class=\"faq-answer\">Um aplicativo espec\u00edfico para dispositivos m\u00f3veis escaneia c\u00f3digos QR para verificar se a medica\u00e7\u00e3o est\u00e1 sendo administrada ao residente correto, ajudando a equipe a prevenir erros na administra\u00e7\u00e3o de medicamentos.<\/div>\n<\/details>\n<details class=\"faq-item\">\n<summary>O sistema pode reduzir a necessidade de dupla verifica\u00e7\u00e3o manual?<\/summary>\n<div class=\"faq-answer\">Segundo a empresa, o aux\u00edlio na administra\u00e7\u00e3o de medicamentos, que antes exigia dois funcion\u00e1rios para dupla verifica\u00e7\u00e3o, agora pode ser realizado por uma \u00fanica pessoa, com a verifica\u00e7\u00e3o feita pelo sistema.<\/div>\n<\/details>\n<details class=\"faq-item\">\n<summary>Fukuyakkun mant\u00e9m registros de medicamentos?<\/summary>\n<div class=\"faq-answer\">Sim. Os registros de medicamentos s\u00e3o criados automaticamente, ajudando a reduzir a carga de trabalho associada \u00e0 documenta\u00e7\u00e3o manual da administra\u00e7\u00e3o de medicamentos.<\/div>\n<\/details>\n<\/div>\n<details class=\"video-transcript\">\n<summary>Ver transcri\u00e7\u00e3o do v\u00eddeo<\/summary>\n<div class=\"transcript-content\">\u682a\u5f0f\u4f1a\u793e\u30b7\u30fc\u30e6\u30fc\u30b7\u30fc\u30fb\u30a2\u30a4\u30c7\u30fc\u30bf\u3067\u300c\u670d\u3084\u3063\u304f\u3093\u300d\u3068\u3044\u3046\u8aa4\u85ac\u3092\u9632\u6b62\u3059\u308b\u30b7\u30b9\u30c6\u30e0\u306e\u8ca9\u58f2\u3092\u3057\u3066\u304a\u308a\u307e\u3059\u3002QR\u30b3\u30fc\u30c9\u3092\u3001\u30e2\u30d0\u30a4\u30eb\u7aef\u672b\u306b\u5165\u308c\u3066\u3044\u305f\u3060\u304f\u3001\u5f0a\u793e\u306e\u5c02\u5c5e\u306e\u30a2\u30d7\u30ea\u306b\u3088\u3063\u3066\u8aad\u307f\u53d6\u308b\u3053\u3068\u306b\u3088\u3063\u3066\u3001\u6b63\u3057\u3044\u4eba\u306b\u3001\u6b63\u3057\u3044\u304a\u85ac\u3092\u304a\u6e21\u305b\u3067\u304d\u3066\u3044\u308b\u304b\u3068\u3044\u3046 \u30c1\u30a7\u30c3\u30af\u3092\u3059\u308b\u3053\u3068\u306b\u3088\u3063\u3066\u3001\u3054\u65bd\u8a2d\u69d8\u3067\u306e\u8aa4\u85ac\u3092\u9632\u6b62\u3059\u308b\u30b7\u30b9\u30c6\u30e0\u3068\u306a\u3063\u3066\u304a\u308a\u307e\u3059\u3002\u304b\u3064\u3001\u3053\u306e\u30b7\u30b9\u30c6\u30e0\u3092\u5c0e\u5165\u3059\u308b\u3053\u3068\u306b\u3088\u3063\u3066\u3001\u4eca\u307e\u30672\u540d\u4f53\u5236\u3001\u30c0\u30d6\u30eb\u30c1\u30a7\u30c3\u30af\u3067\u30c1\u30a7\u30c3\u30af\u3057\u3066\u3044\u305f\u3060\u3044\u3066\u3044\u305f\u3001\u670d\u85ac\u4ecb\u52a9\u3092\u30011\u4eba\u3067\u884c\u3048\u308b\u3053\u3068\u306b\u306a\u308b\u3053\u3068\u3084\u3001\u81ea\u52d5\u3067\u670d\u85ac\u306e\u8a18\u9332\u304c\u6b8b\u308b\u3053\u3068\u306b\u3088\u3063\u3066\u3001\u696d\u52d9\u306e\u52b9\u7387\u5316\u3082\u304a\u624b\u4f1d\u3044\u304c\u3067\u304d\u308b\u30b7\u30b9\u30c6\u30e0\u3068\u306a\u3063\u3066\u304a\u308a\u307e\u3059\u3002\u4ecb\u8b77\u73fe\u5834\u306e\u5927\u304d\u306a\u554f\u984c\u3067\u3042\u308b\u3001\u8aa4\u85ac\u3068\u3044\u3046\u3068\u3053\u308d\u3092\u3001\u78ba\u5b9f\u306b\u3001\u9593\u9055\u3044\u306a\u304f\u9632\u3052\u308b\u3001\u304b\u3064\u3001\u696d\u52d9\u306e\u52b9\u7387\u5316\u306e\u304a\u624b\u4f1d\u3044\u3082\u3067\u304d\u308b\u30b7\u30b9\u30c6\u30e0\u3068\u306a\u3063\u3066\u304a\u308a\u307e\u3059\u306e\u3067\u3001\u662f\u975e\u3054\u8208\u5473\u3042\u308b\u65b9\u306f\u304a\u7acb\u3061\u5bc4\u308a\u304f\u3060\u3055\u3044\u3002<\/div>\n<\/details>\n<h2>Entre em contato com a empresa.<\/h2>\n<div class=\"company-profile-section\">\n<div class=\"company-shot\"><a href=\"https:\/\/www.cuc-id.com\/\" target=\"_blank\" rel=\"noopener noreferrer\"><img decoding=\"async\" src=\"https:\/\/s.wordpress.com\/mshots\/v1\/https%3A%2F%2Fwww.cuc-id.com%2F?w=800\" alt=\"Site oficial da CUC iData Co., Ltd.\" loading=\"lazy\"><\/a><\/div>\n<div class=\"company-info\">\n<ul>\n<li><span class=\"label\">Sede<\/span> <span class=\"value\">&#8211;<\/span><\/li>\n<li><span class=\"label\">Estabelecido<\/span> <span class=\"value\">&#8211;<\/span><\/li>\n<li><span class=\"label\">Funcion\u00e1rios<\/span> <span class=\"value\">&#8211;<\/span><\/li>\n<li><span class=\"label\">Site oficial<\/span> <span class=\"value\"><a href=\"https:\/\/www.cuc-id.com\/\" target=\"_blank\" rel=\"noopener noreferrer\">https:\/\/www.cuc-id.com\/<\/a><\/span><\/li>\n<li><span class=\"label\">\u00c1reas de neg\u00f3cio<\/span> <span class=\"value\">Solu\u00e7\u00f5es de TIC para seguran\u00e7a da medica\u00e7\u00e3o e efici\u00eancia operacional em instala\u00e7\u00f5es de cuidados de enfermagem<\/span><\/li>\n<li><span class=\"label\">Principais produtos e servi\u00e7os<\/span> <span class=\"value\">Sistema de preven\u00e7\u00e3o de erros de medica\u00e7\u00e3o Fukuyakkun, verifica\u00e7\u00e3o de medicamentos baseada em c\u00f3digo QR, registro autom\u00e1tico de medicamentos.<\/span><\/li>\n<\/ul>\n<\/div>\n<\/div>\n<\/div>\n","protected":false},"excerpt":{"rendered":"<p>A CUC iData Co., Ltd. apresentou o \u201cFukuyakkun\u201d, um sistema de preven\u00e7\u00e3o de erros de medica\u00e7\u00e3o para institui\u00e7\u00f5es de cuidados, na CareTEX Tokyo 2026 Summer. Utilizando um aplicativo m\u00f3vel dedicado para escanear c\u00f3digos QR, o sistema verifica se a medi\u2026<\/p>\n","protected":false},"author":1,"featured_media":98552,"comment_status":"open","ping_status":"open","sticky":false,"template":"","format":"video","meta":{"_acf_changed":false,"footnotes":""},"categories":[821],"tags":[46,523,577,32,517,621,626,551,40,9,24,34,507,529,539,535,628,14,493,593],"class_list":["post-98550","post","type-post","status-publish","format-video","has-post-thumbnail","hentry","category-caretex-tokyo-summer-2026-japan","tag-agriculture-forestry-fishery-and-food","tag-agriculture-forestry-fishery-and-food-2","tag-medical-care-health-5","tag-medical-care-health","tag-machinery-industrial-technology-6","tag-medical-care-health-3","tag-medical-care-health-6","tag-services-1","tag-living","tag-information-telecommunication","tag-japan","tag-machinery-industrial-technology","tag-living-4","tag-machinery-industrial-technology-7","tag-services-3","tag-living-12","tag-services-9","tag-services","tag-information-telecommunication-1","tag-machinery-industrial-technology-5","post_format-post-format-video"],"acf":[],"yoast_head":"<!-- This site is optimized with the Yoast SEO plugin v27.7 - https:\/\/yoast.com\/product\/yoast-seo-wordpress\/ -->\n<title>Fukuyakkun - CUC i-DATA Inc. [The 3rd CareTEX Tokyo &#039;26 Summer] \u2013 V\u00eddeo da Feira | WorldTradeShow.TV<\/title>\n<meta name=\"robots\" content=\"index, follow, max-snippet:-1, max-image-preview:large, max-video-preview:-1\" \/>\n<link rel=\"canonical\" href=\"https:\/\/www.worldtradeshow.tv\/portuguese\/video\/caretex-tokyo-summer-2026-japan\/fukuyakkun-cuc-i-data-inc-the-3rd-caretex-tokyo-26-summer\/\" \/>\n<meta property=\"og:locale\" content=\"pt_PT\" \/>\n<meta property=\"og:type\" content=\"article\" \/>\n<meta property=\"og:title\" content=\"Fukuyakkun - CUC i-DATA Inc. [The 3rd CareTEX Tokyo &#039;26 Summer] \u2013 V\u00eddeo da Feira | WorldTradeShow.TV\" \/>\n<meta property=\"og:description\" content=\"A CUC iData Co., Ltd. apresentou o \u201cFukuyakkun\u201d, um sistema de preven\u00e7\u00e3o de erros de medica\u00e7\u00e3o para institui\u00e7\u00f5es de cuidados, na CareTEX Tokyo 2026 Summer. Utilizando um aplicativo m\u00f3vel dedicado para escanear c\u00f3digos QR, o sistema verifica se a medi\u2026\" \/>\n<meta property=\"og:url\" content=\"https:\/\/www.worldtradeshow.tv\/portuguese\/video\/caretex-tokyo-summer-2026-japan\/fukuyakkun-cuc-i-data-inc-the-3rd-caretex-tokyo-26-summer\/\" \/>\n<meta property=\"og:site_name\" content=\"V\u00eddeos de Feiras Internacionais e Novos Produtos \u2013 WorldTradeShow.TV\" \/>\n<meta property=\"article:publisher\" content=\"https:\/\/www.facebook.com\/tenji.tv\" \/>\n<meta property=\"article:published_time\" content=\"2026-08-27T05:55:40+00:00\" \/>\n<meta property=\"article:modified_time\" content=\"2026-09-01T01:29:21+00:00\" \/>\n<meta property=\"og:image\" content=\"https:\/\/www.worldtradeshow.tv\/portuguese\/wp-content\/uploads\/2026\/08\/maxresdefault-64.jpg\" \/>\n\t<meta property=\"og:image:width\" content=\"1280\" \/>\n\t<meta property=\"og:image:height\" content=\"720\" \/>\n\t<meta property=\"og:image:type\" content=\"image\/jpeg\" \/>\n<meta name=\"author\" content=\"user\" \/>\n<meta name=\"twitter:card\" content=\"summary_large_image\" \/>\n<meta name=\"twitter:label1\" content=\"Escrito por\" \/>\n\t<meta name=\"twitter:data1\" content=\"user\" \/>\n\t<meta name=\"twitter:label2\" content=\"Tempo estimado de leitura\" \/>\n\t<meta name=\"twitter:data2\" content=\"2 minutos\" \/>\n<script type=\"application\/ld+json\" class=\"yoast-schema-graph\">{\"@context\":\"https:\\\/\\\/schema.org\",\"@graph\":[{\"@type\":\"Article\",\"@id\":\"https:\\\/\\\/www.worldtradeshow.tv\\\/portuguese\\\/video\\\/caretex-tokyo-summer-2026-japan\\\/fukuyakkun-cuc-i-data-inc-the-3rd-caretex-tokyo-26-summer\\\/#article\",\"isPartOf\":{\"@id\":\"https:\\\/\\\/www.worldtradeshow.tv\\\/portuguese\\\/video\\\/caretex-tokyo-summer-2026-japan\\\/fukuyakkun-cuc-i-data-inc-the-3rd-caretex-tokyo-26-summer\\\/\"},\"author\":{\"name\":\"user\",\"@id\":\"https:\\\/\\\/www.worldtradeshow.tv\\\/portuguese\\\/#\\\/schema\\\/person\\\/3ea75b2b0542da77a7d411f29d033ddc\"},\"headline\":\"Fukuyakkun - CUC i-DATA Inc. [The 3rd CareTEX Tokyo '26 Summer]\",\"datePublished\":\"2026-08-27T05:55:40+00:00\",\"dateModified\":\"2026-09-01T01:29:21+00:00\",\"mainEntityOfPage\":{\"@id\":\"https:\\\/\\\/www.worldtradeshow.tv\\\/portuguese\\\/video\\\/caretex-tokyo-summer-2026-japan\\\/fukuyakkun-cuc-i-data-inc-the-3rd-caretex-tokyo-26-summer\\\/\"},\"wordCount\":506,\"commentCount\":0,\"image\":{\"@id\":\"https:\\\/\\\/www.worldtradeshow.tv\\\/portuguese\\\/video\\\/caretex-tokyo-summer-2026-japan\\\/fukuyakkun-cuc-i-data-inc-the-3rd-caretex-tokyo-26-summer\\\/#primaryimage\"},\"thumbnailUrl\":\"https:\\\/\\\/www.worldtradeshow.tv\\\/portuguese\\\/wp-content\\\/uploads\\\/2026\\\/08\\\/maxresdefault-64.jpg\",\"keywords\":[\"Agricultura \\\/ Florestal \\\/ Pesca e Comida\",\"Alimentos e Bebidas \\\/ Processamento de Alimentos\",\"Cuidados de Sa\u00fade (Equipamentos \\\/ Produtos e Servi\u00e7os)\",\"Cuidados M\u00e9dicos \\\/ Sa\u00fade\",\"El\u00e9trica e Eletr\u00f4nica (Produtos \\\/ M\u00e1quinas)\",\"Equipamento de bem-estar e enfermagem \\\/ Reabilita\u00e7\u00e3o\",\"Fitness\",\"Hotelaria \\\/ Restaurante e Catering\",\"Industria Viva\",\"Informa\u00e7\u00e3o \\\/ Telecomunica\u00e7\u00e3o\",\"Jap\u00e3o\",\"M\u00e1quinas \\\/ Tecnologia Industrial\",\"M\u00f3veis e M\u00f3veis \\\/ Pe\u00e7as\",\"Outras m\u00e1quinas e equipamentos industriais\",\"Publicidade \\\/ Marketing \\\/ Administra\u00e7\u00e3o de Empresas\",\"Seguran\u00e7a \\\/ Prote\u00e7\u00e3o \\\/ Prote\u00e7\u00e3o contra Inc\u00eandio \\\/ Pol\u00edcia \\\/ Defesa\",\"Seguran\u00e7a e Sa\u00fade Ocupacional \\\/ Gest\u00e3o Trabalhista\",\"Servi\u00e7os\",\"Telecomunica\u00e7\u00f5es \\\/ Processamento de Dados \\\/ Inform\u00e1tica\",\"Teste \\\/ Medi\u00e7\u00e3o e An\u00e1lise \\\/ Mec\u00e2nica de Precis\u00e3o\"],\"articleSection\":[\"The 3rd CareTEX Tokyo '26 Summer\"],\"inLanguage\":\"pt-PT\",\"potentialAction\":[{\"@type\":\"CommentAction\",\"name\":\"Comment\",\"target\":[\"https:\\\/\\\/www.worldtradeshow.tv\\\/portuguese\\\/video\\\/caretex-tokyo-summer-2026-japan\\\/fukuyakkun-cuc-i-data-inc-the-3rd-caretex-tokyo-26-summer\\\/#respond\"]}]},{\"@type\":\"WebPage\",\"@id\":\"https:\\\/\\\/www.worldtradeshow.tv\\\/portuguese\\\/video\\\/caretex-tokyo-summer-2026-japan\\\/fukuyakkun-cuc-i-data-inc-the-3rd-caretex-tokyo-26-summer\\\/\",\"url\":\"https:\\\/\\\/www.worldtradeshow.tv\\\/portuguese\\\/video\\\/caretex-tokyo-summer-2026-japan\\\/fukuyakkun-cuc-i-data-inc-the-3rd-caretex-tokyo-26-summer\\\/\",\"name\":\"Fukuyakkun - CUC i-DATA Inc. [The 3rd CareTEX Tokyo '26 Summer] \u2013 V\u00eddeo da Feira | WorldTradeShow.TV\",\"isPartOf\":{\"@id\":\"https:\\\/\\\/www.worldtradeshow.tv\\\/portuguese\\\/#website\"},\"primaryImageOfPage\":{\"@id\":\"https:\\\/\\\/www.worldtradeshow.tv\\\/portuguese\\\/video\\\/caretex-tokyo-summer-2026-japan\\\/fukuyakkun-cuc-i-data-inc-the-3rd-caretex-tokyo-26-summer\\\/#primaryimage\"},\"image\":{\"@id\":\"https:\\\/\\\/www.worldtradeshow.tv\\\/portuguese\\\/video\\\/caretex-tokyo-summer-2026-japan\\\/fukuyakkun-cuc-i-data-inc-the-3rd-caretex-tokyo-26-summer\\\/#primaryimage\"},\"thumbnailUrl\":\"https:\\\/\\\/www.worldtradeshow.tv\\\/portuguese\\\/wp-content\\\/uploads\\\/2026\\\/08\\\/maxresdefault-64.jpg\",\"datePublished\":\"2026-08-27T05:55:40+00:00\",\"dateModified\":\"2026-09-01T01:29:21+00:00\",\"author\":{\"@id\":\"https:\\\/\\\/www.worldtradeshow.tv\\\/portuguese\\\/#\\\/schema\\\/person\\\/3ea75b2b0542da77a7d411f29d033ddc\"},\"breadcrumb\":{\"@id\":\"https:\\\/\\\/www.worldtradeshow.tv\\\/portuguese\\\/video\\\/caretex-tokyo-summer-2026-japan\\\/fukuyakkun-cuc-i-data-inc-the-3rd-caretex-tokyo-26-summer\\\/#breadcrumb\"},\"inLanguage\":\"pt-PT\",\"potentialAction\":[{\"@type\":\"ReadAction\",\"target\":[\"https:\\\/\\\/www.worldtradeshow.tv\\\/portuguese\\\/video\\\/caretex-tokyo-summer-2026-japan\\\/fukuyakkun-cuc-i-data-inc-the-3rd-caretex-tokyo-26-summer\\\/\"]}]},{\"@type\":\"ImageObject\",\"inLanguage\":\"pt-PT\",\"@id\":\"https:\\\/\\\/www.worldtradeshow.tv\\\/portuguese\\\/video\\\/caretex-tokyo-summer-2026-japan\\\/fukuyakkun-cuc-i-data-inc-the-3rd-caretex-tokyo-26-summer\\\/#primaryimage\",\"url\":\"https:\\\/\\\/www.worldtradeshow.tv\\\/portuguese\\\/wp-content\\\/uploads\\\/2026\\\/08\\\/maxresdefault-64.jpg\",\"contentUrl\":\"https:\\\/\\\/www.worldtradeshow.tv\\\/portuguese\\\/wp-content\\\/uploads\\\/2026\\\/08\\\/maxresdefault-64.jpg\",\"width\":1280,\"height\":720},{\"@type\":\"BreadcrumbList\",\"@id\":\"https:\\\/\\\/www.worldtradeshow.tv\\\/portuguese\\\/video\\\/caretex-tokyo-summer-2026-japan\\\/fukuyakkun-cuc-i-data-inc-the-3rd-caretex-tokyo-26-summer\\\/#breadcrumb\",\"itemListElement\":[{\"@type\":\"ListItem\",\"position\":1,\"name\":\"In\u00edcio\",\"item\":\"https:\\\/\\\/www.worldtradeshow.tv\\\/portuguese\\\/\"},{\"@type\":\"ListItem\",\"position\":2,\"name\":\"Fukuyakkun - CUC i-DATA Inc. [The 3rd CareTEX Tokyo '26 Summer]\"}]},{\"@type\":\"WebSite\",\"@id\":\"https:\\\/\\\/www.worldtradeshow.tv\\\/portuguese\\\/#website\",\"url\":\"https:\\\/\\\/www.worldtradeshow.tv\\\/portuguese\\\/\",\"name\":\"V\u00eddeos de Feiras Internacionais e Novos Produtos \u2013 WorldTradeShow.TV\",\"description\":\"Descubra v\u00eddeos de feiras internacionais e novos produtos em portugu\u00eas\",\"potentialAction\":[{\"@type\":\"SearchAction\",\"target\":{\"@type\":\"EntryPoint\",\"urlTemplate\":\"https:\\\/\\\/www.worldtradeshow.tv\\\/portuguese\\\/?s={search_term_string}\"},\"query-input\":{\"@type\":\"PropertyValueSpecification\",\"valueRequired\":true,\"valueName\":\"search_term_string\"}}],\"inLanguage\":\"pt-PT\"},{\"@type\":\"Person\",\"@id\":\"https:\\\/\\\/www.worldtradeshow.tv\\\/portuguese\\\/#\\\/schema\\\/person\\\/3ea75b2b0542da77a7d411f29d033ddc\",\"name\":\"user\",\"image\":{\"@type\":\"ImageObject\",\"inLanguage\":\"pt-PT\",\"@id\":\"https:\\\/\\\/secure.gravatar.com\\\/avatar\\\/b4c9a289323b21a01c3e940f150eb9b8c542587f1abfd8f0e1cc1ffc5e475514?s=96&d=mm&r=g\",\"url\":\"https:\\\/\\\/secure.gravatar.com\\\/avatar\\\/b4c9a289323b21a01c3e940f150eb9b8c542587f1abfd8f0e1cc1ffc5e475514?s=96&d=mm&r=g\",\"contentUrl\":\"https:\\\/\\\/secure.gravatar.com\\\/avatar\\\/b4c9a289323b21a01c3e940f150eb9b8c542587f1abfd8f0e1cc1ffc5e475514?s=96&d=mm&r=g\",\"caption\":\"user\"},\"sameAs\":[\"http:\\\/\\\/127.0.0.1\"]}]}<\/script>\n<meta property=\"og:video\" content=\"https:\/\/www.youtube.com\/embed\/VWwBkCANJR4\" \/>\n<meta property=\"og:video:type\" content=\"text\/html\" \/>\n<meta property=\"og:video:duration\" content=\"63\" \/>\n<meta property=\"og:video:width\" content=\"480\" \/>\n<meta property=\"og:video:height\" content=\"270\" \/>\n<meta property=\"ya:ovs:adult\" content=\"false\" \/>\n<meta property=\"ya:ovs:allow_embed\" content=\"true\" \/>\n<!-- \/ Yoast SEO plugin. -->","yoast_head_json":{"title":"Fukuyakkun - CUC i-DATA Inc. [The 3rd CareTEX Tokyo '26 Summer] \u2013 V\u00eddeo da Feira | WorldTradeShow.TV","robots":{"index":"index","follow":"follow","max-snippet":"max-snippet:-1","max-image-preview":"max-image-preview:large","max-video-preview":"max-video-preview:-1"},"canonical":"https:\/\/www.worldtradeshow.tv\/portuguese\/video\/caretex-tokyo-summer-2026-japan\/fukuyakkun-cuc-i-data-inc-the-3rd-caretex-tokyo-26-summer\/","og_locale":"pt_PT","og_type":"article","og_title":"Fukuyakkun - CUC i-DATA Inc. [The 3rd CareTEX Tokyo '26 Summer] \u2013 V\u00eddeo da Feira | WorldTradeShow.TV","og_description":"A CUC iData Co., Ltd. apresentou o \u201cFukuyakkun\u201d, um sistema de preven\u00e7\u00e3o de erros de medica\u00e7\u00e3o para institui\u00e7\u00f5es de cuidados, na CareTEX Tokyo 2026 Summer. Utilizando um aplicativo m\u00f3vel dedicado para escanear c\u00f3digos QR, o sistema verifica se a medi\u2026","og_url":"https:\/\/www.worldtradeshow.tv\/portuguese\/video\/caretex-tokyo-summer-2026-japan\/fukuyakkun-cuc-i-data-inc-the-3rd-caretex-tokyo-26-summer\/","og_site_name":"V\u00eddeos de Feiras Internacionais e Novos Produtos \u2013 WorldTradeShow.TV","article_publisher":"https:\/\/www.facebook.com\/tenji.tv","article_published_time":"2026-08-27T05:55:40+00:00","article_modified_time":"2026-09-01T01:29:21+00:00","og_image":[{"width":1280,"height":720,"url":"https:\/\/www.worldtradeshow.tv\/portuguese\/wp-content\/uploads\/2026\/08\/maxresdefault-64.jpg","type":"image\/jpeg"}],"author":"user","twitter_card":"summary_large_image","twitter_misc":{"Escrito por":"user","Tempo estimado de leitura":"2 minutos"},"schema":{"@context":"https:\/\/schema.org","@graph":[{"@type":"Article","@id":"https:\/\/www.worldtradeshow.tv\/portuguese\/video\/caretex-tokyo-summer-2026-japan\/fukuyakkun-cuc-i-data-inc-the-3rd-caretex-tokyo-26-summer\/#article","isPartOf":{"@id":"https:\/\/www.worldtradeshow.tv\/portuguese\/video\/caretex-tokyo-summer-2026-japan\/fukuyakkun-cuc-i-data-inc-the-3rd-caretex-tokyo-26-summer\/"},"author":{"name":"user","@id":"https:\/\/www.worldtradeshow.tv\/portuguese\/#\/schema\/person\/3ea75b2b0542da77a7d411f29d033ddc"},"headline":"Fukuyakkun - CUC i-DATA Inc. [The 3rd CareTEX Tokyo '26 Summer]","datePublished":"2026-08-27T05:55:40+00:00","dateModified":"2026-09-01T01:29:21+00:00","mainEntityOfPage":{"@id":"https:\/\/www.worldtradeshow.tv\/portuguese\/video\/caretex-tokyo-summer-2026-japan\/fukuyakkun-cuc-i-data-inc-the-3rd-caretex-tokyo-26-summer\/"},"wordCount":506,"commentCount":0,"image":{"@id":"https:\/\/www.worldtradeshow.tv\/portuguese\/video\/caretex-tokyo-summer-2026-japan\/fukuyakkun-cuc-i-data-inc-the-3rd-caretex-tokyo-26-summer\/#primaryimage"},"thumbnailUrl":"https:\/\/www.worldtradeshow.tv\/portuguese\/wp-content\/uploads\/2026\/08\/maxresdefault-64.jpg","keywords":["Agricultura \/ Florestal \/ Pesca e Comida","Alimentos e Bebidas \/ Processamento de Alimentos","Cuidados de Sa\u00fade (Equipamentos \/ Produtos e Servi\u00e7os)","Cuidados M\u00e9dicos \/ Sa\u00fade","El\u00e9trica e Eletr\u00f4nica (Produtos \/ M\u00e1quinas)","Equipamento de bem-estar e enfermagem \/ Reabilita\u00e7\u00e3o","Fitness","Hotelaria \/ Restaurante e Catering","Industria Viva","Informa\u00e7\u00e3o \/ Telecomunica\u00e7\u00e3o","Jap\u00e3o","M\u00e1quinas \/ Tecnologia Industrial","M\u00f3veis e M\u00f3veis \/ Pe\u00e7as","Outras m\u00e1quinas e equipamentos industriais","Publicidade \/ Marketing \/ Administra\u00e7\u00e3o de Empresas","Seguran\u00e7a \/ Prote\u00e7\u00e3o \/ Prote\u00e7\u00e3o contra Inc\u00eandio \/ Pol\u00edcia \/ Defesa","Seguran\u00e7a e Sa\u00fade Ocupacional \/ Gest\u00e3o Trabalhista","Servi\u00e7os","Telecomunica\u00e7\u00f5es \/ Processamento de Dados \/ Inform\u00e1tica","Teste \/ Medi\u00e7\u00e3o e An\u00e1lise \/ Mec\u00e2nica de Precis\u00e3o"],"articleSection":["The 3rd CareTEX Tokyo '26 Summer"],"inLanguage":"pt-PT","potentialAction":[{"@type":"CommentAction","name":"Comment","target":["https:\/\/www.worldtradeshow.tv\/portuguese\/video\/caretex-tokyo-summer-2026-japan\/fukuyakkun-cuc-i-data-inc-the-3rd-caretex-tokyo-26-summer\/#respond"]}]},{"@type":"WebPage","@id":"https:\/\/www.worldtradeshow.tv\/portuguese\/video\/caretex-tokyo-summer-2026-japan\/fukuyakkun-cuc-i-data-inc-the-3rd-caretex-tokyo-26-summer\/","url":"https:\/\/www.worldtradeshow.tv\/portuguese\/video\/caretex-tokyo-summer-2026-japan\/fukuyakkun-cuc-i-data-inc-the-3rd-caretex-tokyo-26-summer\/","name":"Fukuyakkun - CUC i-DATA Inc. [The 3rd CareTEX Tokyo '26 Summer] \u2013 V\u00eddeo da Feira | WorldTradeShow.TV","isPartOf":{"@id":"https:\/\/www.worldtradeshow.tv\/portuguese\/#website"},"primaryImageOfPage":{"@id":"https:\/\/www.worldtradeshow.tv\/portuguese\/video\/caretex-tokyo-summer-2026-japan\/fukuyakkun-cuc-i-data-inc-the-3rd-caretex-tokyo-26-summer\/#primaryimage"},"image":{"@id":"https:\/\/www.worldtradeshow.tv\/portuguese\/video\/caretex-tokyo-summer-2026-japan\/fukuyakkun-cuc-i-data-inc-the-3rd-caretex-tokyo-26-summer\/#primaryimage"},"thumbnailUrl":"https:\/\/www.worldtradeshow.tv\/portuguese\/wp-content\/uploads\/2026\/08\/maxresdefault-64.jpg","datePublished":"2026-08-27T05:55:40+00:00","dateModified":"2026-09-01T01:29:21+00:00","author":{"@id":"https:\/\/www.worldtradeshow.tv\/portuguese\/#\/schema\/person\/3ea75b2b0542da77a7d411f29d033ddc"},"breadcrumb":{"@id":"https:\/\/www.worldtradeshow.tv\/portuguese\/video\/caretex-tokyo-summer-2026-japan\/fukuyakkun-cuc-i-data-inc-the-3rd-caretex-tokyo-26-summer\/#breadcrumb"},"inLanguage":"pt-PT","potentialAction":[{"@type":"ReadAction","target":["https:\/\/www.worldtradeshow.tv\/portuguese\/video\/caretex-tokyo-summer-2026-japan\/fukuyakkun-cuc-i-data-inc-the-3rd-caretex-tokyo-26-summer\/"]}]},{"@type":"ImageObject","inLanguage":"pt-PT","@id":"https:\/\/www.worldtradeshow.tv\/portuguese\/video\/caretex-tokyo-summer-2026-japan\/fukuyakkun-cuc-i-data-inc-the-3rd-caretex-tokyo-26-summer\/#primaryimage","url":"https:\/\/www.worldtradeshow.tv\/portuguese\/wp-content\/uploads\/2026\/08\/maxresdefault-64.jpg","contentUrl":"https:\/\/www.worldtradeshow.tv\/portuguese\/wp-content\/uploads\/2026\/08\/maxresdefault-64.jpg","width":1280,"height":720},{"@type":"BreadcrumbList","@id":"https:\/\/www.worldtradeshow.tv\/portuguese\/video\/caretex-tokyo-summer-2026-japan\/fukuyakkun-cuc-i-data-inc-the-3rd-caretex-tokyo-26-summer\/#breadcrumb","itemListElement":[{"@type":"ListItem","position":1,"name":"In\u00edcio","item":"https:\/\/www.worldtradeshow.tv\/portuguese\/"},{"@type":"ListItem","position":2,"name":"Fukuyakkun - CUC i-DATA Inc. [The 3rd CareTEX Tokyo '26 Summer]"}]},{"@type":"WebSite","@id":"https:\/\/www.worldtradeshow.tv\/portuguese\/#website","url":"https:\/\/www.worldtradeshow.tv\/portuguese\/","name":"V\u00eddeos de Feiras Internacionais e Novos Produtos \u2013 WorldTradeShow.TV","description":"Descubra v\u00eddeos de feiras internacionais e novos produtos em portugu\u00eas","potentialAction":[{"@type":"SearchAction","target":{"@type":"EntryPoint","urlTemplate":"https:\/\/www.worldtradeshow.tv\/portuguese\/?s={search_term_string}"},"query-input":{"@type":"PropertyValueSpecification","valueRequired":true,"valueName":"search_term_string"}}],"inLanguage":"pt-PT"},{"@type":"Person","@id":"https:\/\/www.worldtradeshow.tv\/portuguese\/#\/schema\/person\/3ea75b2b0542da77a7d411f29d033ddc","name":"user","image":{"@type":"ImageObject","inLanguage":"pt-PT","@id":"https:\/\/secure.gravatar.com\/avatar\/b4c9a289323b21a01c3e940f150eb9b8c542587f1abfd8f0e1cc1ffc5e475514?s=96&d=mm&r=g","url":"https:\/\/secure.gravatar.com\/avatar\/b4c9a289323b21a01c3e940f150eb9b8c542587f1abfd8f0e1cc1ffc5e475514?s=96&d=mm&r=g","contentUrl":"https:\/\/secure.gravatar.com\/avatar\/b4c9a289323b21a01c3e940f150eb9b8c542587f1abfd8f0e1cc1ffc5e475514?s=96&d=mm&r=g","caption":"user"},"sameAs":["http:\/\/127.0.0.1"]}]},"og_video":"https:\/\/www.youtube.com\/embed\/VWwBkCANJR4","og_video_type":"text\/html","og_video_duration":"63","og_video_width":"480","og_video_height":"270","ya_ovs_adult":"false","ya_ovs_allow_embed":"true"},"cmb2":{"poster_feature_image":{"vid_m_player_background":"on","vid_m_poster_image":"","vid_m_poster_image_id":""},"gif_feature_image":{"vid_m_gif_image":"","vid_m_gif_image_id":""},"video_movie_settings":{"vid_m_director":"","vid_m_actor":"","vid_m_imdb_ratings":"","vid_m_amazon_associates":"","vid_m_vid_tmdb_movie":"","vid_m_vid_tmdb_tv_shows":"","vid_m_vid_tmdb_thumb":"backdrop_sizes"},"vid_ads_m_videoads_settings_post":{"vid_ads_m_video_ads":"","vid_ads_m_video_ads_type":"","vid_ads_m_group_google_ima":"","vid_ads_m_group_image":"","vid_ads_m_group_html5_video":"","vid_ads_m_group_html":"","vid_ads_m_vpaid_mode":"","vid_ads_m_vast_preroll":"","vid_ads_m_vast_postroll":"","vid_ads_m_vast_pauseroll":"","vid_ads_m_vast_midroll":"","vid_ads_m_group_dynamic":"","vid_ads_m_time_to_show_ads":"","vid_ads_m_time_skip_ads":"","vid_ads_m_time_to_hide_ads":""},"feature_image_settings":{"feature_image_position":""},"video_player_settings":{"single_video_style":"","video_player_position":"","vm_video_url_btn_choose":"","vm_video_url_btn_choose_id":"","vm_video_url":"https:\/\/www.youtube.com\/watch?v=VWwBkCANJR4","vm_video_ratio":"16:9","vm_video_ratio_mobile":"16:9","video_player_library":"","plyr_player":"","video_streaming":"","vm_video_shortcode":"","vm_video_timelapse":"","vm_media_subtitles":"","vm_media_sources":"","vid_vtt_preview":"","vid_vtt_preview_vtt_file":"","vid_vtt_preview_vtt_file_id":"","vid_vtt_preview_sprite_image":"","vid_vtt_preview_sprite_image_id":"","vid_auto_play":"","vid_preview_mode":"","vm_video_trailer_manl_url":"","vm_screenshot_preview":"","vid_tags":"","vid_p_sync_playlist":"","vid_c_sync_channel":"","get_post_format":"","multiple_links_structure":"default","multi_links_title":"","original_video_title":"","multi_links_series":"","vm_video_multi_links":"","vm_duration":"","vid_social_locker":"","vid_locker_mode":"social","vid_social_locker_id":"","vid_social_email_locker_id":"","vid_social_signin_locker_id":"","sv_login_to_watch":"","vid_membership_action":"content-video","vm_video_trailer_url":"","vid_download_type":"free","vid_download_target":"download","vid_woo_product":"","vid_download_mode":"","vid_download_mode_trailer":"","vm_media_download":"","user_rating":"","user_rating_position":"","user_rating_mode":"","user_rating_multi_sets":"","ads_above_single_player":""},"video_auto_fetch_settings":{"vm_video_fetch":"on"},"video_fake_views_likes":{"vm_fake_views":"","vm_fake_likes":"","vm_fake_dislikes":""},"gallery_settings":{"gallery_position":""},"quote_settings":{"quote_position":""},"post_options":{"main_layout":"","main_logo":"","main_logo_id":"","main_logo_retina":"","main_logo_retina_id":"","main_logo_mobile":"","main_logo_mobile_id":"","main_logo_mobile_retina":"","main_logo_mobile_retina_id":"","sticky_logo":"","sticky_logo_id":"","sticky_logo_retina":"","sticky_logo_retina_id":"","main_nav_layout":"","header_background":"","theme_sidebar":"","single_post_comment_type":"","theme_background":""}},"_links":{"self":[{"href":"https:\/\/www.worldtradeshow.tv\/portuguese\/wp-json\/wp\/v2\/posts\/98550","targetHints":{"allow":["GET"]}}],"collection":[{"href":"https:\/\/www.worldtradeshow.tv\/portuguese\/wp-json\/wp\/v2\/posts"}],"about":[{"href":"https:\/\/www.worldtradeshow.tv\/portuguese\/wp-json\/wp\/v2\/types\/post"}],"author":[{"embeddable":true,"href":"https:\/\/www.worldtradeshow.tv\/portuguese\/wp-json\/wp\/v2\/users\/1"}],"replies":[{"embeddable":true,"href":"https:\/\/www.worldtradeshow.tv\/portuguese\/wp-json\/wp\/v2\/comments?post=98550"}],"version-history":[{"count":1,"href":"https:\/\/www.worldtradeshow.tv\/portuguese\/wp-json\/wp\/v2\/posts\/98550\/revisions"}],"predecessor-version":[{"id":98551,"href":"https:\/\/www.worldtradeshow.tv\/portuguese\/wp-json\/wp\/v2\/posts\/98550\/revisions\/98551"}],"wp:featuredmedia":[{"embeddable":true,"href":"https:\/\/www.worldtradeshow.tv\/portuguese\/wp-json\/wp\/v2\/media\/98552"}],"wp:attachment":[{"href":"https:\/\/www.worldtradeshow.tv\/portuguese\/wp-json\/wp\/v2\/media?parent=98550"}],"wp:term":[{"taxonomy":"category","embeddable":true,"href":"https:\/\/www.worldtradeshow.tv\/portuguese\/wp-json\/wp\/v2\/categories?post=98550"},{"taxonomy":"post_tag","embeddable":true,"href":"https:\/\/www.worldtradeshow.tv\/portuguese\/wp-json\/wp\/v2\/tags?post=98550"}],"curies":[{"name":"wp","href":"https:\/\/api.w.org\/{rel}","templated":true}]}}