{"id":98544,"date":"2026-08-27T05:55:43","date_gmt":"2026-08-27T05:55:43","guid":{"rendered":"https:\/\/www.worldtradeshow.tv\/portuguese\/?p=98544"},"modified":"2026-09-01T01:29:19","modified_gmt":"2026-09-01T01:29:19","slug":"techmat-east-bio-inc-the-3rd-caretex-tokyo-26-summer","status":"publish","type":"post","link":"https:\/\/www.worldtradeshow.tv\/portuguese\/video\/caretex-tokyo-summer-2026-japan\/techmat-east-bio-inc-the-3rd-caretex-tokyo-26-summer\/","title":{"rendered":"TECHMAT - East Bio, Inc. [The 3rd CareTEX Tokyo '26 Summer]"},"content":{"rendered":"<div class=\"entry-content \">\n<blockquote class=\"wp-block-quote\">\n<p>A East Bio Co., Ltd. apresentou o \u201cTECHMAT\u201d, um sistema de monitoramento projetado para ambientes de cuidados, na CareTEX Tokyo 2026 Summer. Al\u00e9m de medir a frequ\u00eancia card\u00edaca, a frequ\u00eancia respirat\u00f3ria e o estado do sono \u2014 fun\u00e7\u00f5es comumente associadas a sistemas de monitoramento \u2014 o TECHMAT tamb\u00e9m pode medir a press\u00e3o corporal, fornecendo informa\u00e7\u00f5es que podem ser usadas para auxiliar na preven\u00e7\u00e3o de \u00falceras de press\u00e3o e nos cuidados relacionados.<\/p>\n<p>Uma caracter\u00edstica fundamental \u00e9 o seu design com sensores de corpo inteiro. Ao cobrir uma ampla \u00e1rea da cama, o sistema foi projetado para reduzir falsos alarmes durante o monitoramento da condi\u00e7\u00e3o do usu\u00e1rio. A combina\u00e7\u00e3o do monitoramento de sinais vitais, do sono e da press\u00e3o arterial permite que os profissionais de sa\u00fade obtenham diversos tipos de informa\u00e7\u00e3o por meio de um \u00fanico sistema.<\/p>\n<p>Na exposi\u00e7\u00e3o, a East Bio apresentou o TECHMAT como uma solu\u00e7\u00e3o para institui\u00e7\u00f5es de cuidados que buscam fortalecer o monitoramento dos residentes, ao mesmo tempo que apoiam a preven\u00e7\u00e3o. Em particular, a capacidade de medir a press\u00e3o corporal foi destacada como um recurso que pode ajudar a equipe a avaliar a distribui\u00e7\u00e3o da press\u00e3o e usar as informa\u00e7\u00f5es ao fornecer cuidados voltados para a preven\u00e7\u00e3o de \u00falceras de press\u00e3o.<\/p>\n<\/blockquote>\n<div class=\"video-summary-grid\">\n<div class=\"summary-card\">\n<h3>Desafios abordados<\/h3>\n<ul>\n<li><a href=\"\/portuguese\/?s=Apoio%20%C3%A0%20preven%C3%A7%C3%A3o%20de%20%C3%BAlceras%20de%20press%C3%A3o&#038;post_type=post\">Apoio \u00e0 preven\u00e7\u00e3o de \u00falceras de press\u00e3o<\/a><\/li>\n<li><a href=\"\/portuguese\/?s=Monitoramento%20de%20residentes%20em%20instala%C3%A7%C3%B5es%20de%20cuidados&#038;post_type=post\">Monitoramento de residentes em instala\u00e7\u00f5es de cuidados<\/a><\/li>\n<li><a href=\"\/portuguese\/?s=Reduzindo%20falsos%20positivos%20no%20monitoramento.&#038;post_type=post\">Reduzindo falsos positivos no monitoramento.<\/a><\/li>\n<\/ul>\n<\/div>\n<div class=\"summary-card\">\n<h3>Solu\u00e7\u00f5es<\/h3>\n<ul>\n<li><a href=\"\/portuguese\/?s=Sistema%20de%20monitoramento%20TECHMAT&#038;post_type=post\">Sistema de monitoramento TECHMAT<\/a><\/li>\n<li><a href=\"\/portuguese\/?s=Medi%C3%A7%C3%A3o%20da%20press%C3%A3o%20corporal&#038;post_type=post\">Medi\u00e7\u00e3o da press\u00e3o corporal<\/a><\/li>\n<li><a href=\"\/portuguese\/?s=Monitoramento%20da%20frequ%C3%AAncia%20card%C3%ADaca%2C%20respira%C3%A7%C3%A3o%20e%20sono&#038;post_type=post\">Monitoramento da frequ\u00eancia card\u00edaca, respira\u00e7\u00e3o e sono<\/a><\/li>\n<\/ul>\n<\/div>\n<div class=\"summary-card\">\n<h3>Clientes-alvo<\/h3>\n<ul>\n<li><a href=\"\/portuguese\/?s=instala%C3%A7%C3%B5es%20de%20cuidados%20de%20enfermagem&#038;post_type=post\">instala\u00e7\u00f5es de cuidados de enfermagem<\/a><\/li>\n<li><a href=\"\/portuguese\/?s=instala%C3%A7%C3%B5es%20de%20cuidados%20para%20idosos&#038;post_type=post\">instala\u00e7\u00f5es de cuidados para idosos<\/a><\/li>\n<li><a href=\"\/portuguese\/?s=Cuidadores%20e%20equipe%20de%20enfermagem&#038;post_type=post\">Cuidadores e equipe de enfermagem<\/a><\/li>\n<\/ul>\n<\/div>\n<\/div>\n<div class=\"video-faq\">\n<h3 class=\"faq-heading\">Perguntas frequentes<\/h3>\n<details class=\"faq-item\">\n<summary>O que a TECHMAT consegue medir?<\/summary>\n<div class=\"faq-answer\">O TECHMAT pode medir a frequ\u00eancia card\u00edaca, a frequ\u00eancia respirat\u00f3ria, o estado de sono e a press\u00e3o corporal. Os dados de press\u00e3o corporal podem ser usados \u200b\u200bpara auxiliar nos cuidados com o objetivo de prevenir \u00falceras de press\u00e3o.<\/div>\n<\/details>\n<details class=\"faq-item\">\n<summary>Como a TECHMAT pode auxiliar na preven\u00e7\u00e3o de \u00falceras de press\u00e3o?<\/summary>\n<div class=\"faq-answer\">O sistema mede a press\u00e3o corporal, fornecendo informa\u00e7\u00f5es que a equipe de sa\u00fade pode usar ao considerar a preven\u00e7\u00e3o de \u00falceras de press\u00e3o e os cuidados relacionados.<\/div>\n<\/details>\n<details class=\"faq-item\">\n<summary>O que torna o sensor TECHMAT diferente?<\/summary>\n<div class=\"faq-answer\">A empresa descreve o TECHMAT como um sistema que utiliza um sensor que cobre toda a \u00e1rea do corpo. Essa ampla \u00e1rea de detec\u00e7\u00e3o foi projetada para reduzir falsos positivos em compara\u00e7\u00e3o com configura\u00e7\u00f5es de detec\u00e7\u00e3o mais limitadas.<\/div>\n<\/details>\n<\/div>\n<details class=\"video-transcript\">\n<summary>Ver transcri\u00e7\u00e3o do v\u00eddeo<\/summary>\n<div class=\"transcript-content\">Somos a East Bio, Inc. \u00c9 um prazer conhec\u00ea-lo(a). Nosso produto, TECHMAT, foi lan\u00e7ado recentemente, em 1\u00ba de julho. Al\u00e9m das fun\u00e7\u00f5es padr\u00e3o de monitoramento, como medir frequ\u00eancia card\u00edaca, frequ\u00eancia respirat\u00f3ria e qualidade do sono, ele tamb\u00e9m mede a press\u00e3o arterial. A medi\u00e7\u00e3o da press\u00e3o arterial pode ser \u00fatil para fins como a preven\u00e7\u00e3o de escaras. Al\u00e9m disso, como utiliza um sensor que cobre todo o corpo, apresenta uma taxa relativamente baixa de falsos alarmes. Caso tenha interesse, entre em contato conosco. Obrigado(a).<\/div>\n<\/details>\n<h2>Entre em contato com a empresa.<\/h2>\n<div class=\"company-profile-section\">\n<div class=\"company-shot\"><a href=\"https:\/\/www.eastbio.co.jp\/\" target=\"_blank\" rel=\"noopener noreferrer\"><img decoding=\"async\" src=\"https:\/\/s.wordpress.com\/mshots\/v1\/https%3A%2F%2Fwww.eastbio.co.jp%2F?w=800\" alt=\"Site oficial da East Bio Co., Ltd.\" loading=\"lazy\"><\/a><\/div>\n<div class=\"company-info\">\n<ul>\n<li><span class=\"label\">Sede<\/span> <span class=\"value\">&#8211;<\/span><\/li>\n<li><span class=\"label\">Estabelecido<\/span> <span class=\"value\">&#8211;<\/span><\/li>\n<li><span class=\"label\">Funcion\u00e1rios<\/span> <span class=\"value\">&#8211;<\/span><\/li>\n<li><span class=\"label\">Site oficial<\/span> <span class=\"value\"><a href=\"https:\/\/www.eastbio.co.jp\/\" target=\"_blank\" rel=\"noopener noreferrer\">https:\/\/www.eastbio.co.jp\/<\/a><\/span><\/li>\n<li><span class=\"label\">\u00c1reas de neg\u00f3cio<\/span> <span class=\"value\">Solu\u00e7\u00f5es de monitoramento e detec\u00e7\u00e3o para cuidados de enfermagem<\/span><\/li>\n<li><span class=\"label\">Principais produtos e servi\u00e7os<\/span> <span class=\"value\">Sistema de monitoramento TECHMAT, monitoramento da frequ\u00eancia card\u00edaca e respirat\u00f3ria, monitoramento do sono, medi\u00e7\u00e3o da press\u00e3o corporal.<\/span><\/li>\n<\/ul>\n<\/div>\n<\/div>\n<\/div>\n","protected":false},"excerpt":{"rendered":"<p>A East Bio Co., Ltd. apresentou o \u201cTECHMAT\u201d, um sistema de monitoramento projetado para ambientes de cuidados, na CareTEX Tokyo 2026 Summer. Al\u00e9m de medir a frequ\u00eancia card\u00edaca, a frequ\u00eancia respirat\u00f3ria e o estado do sono \u2014 fun\u00e7\u00f5es comumente associa\u2026<\/p>\n","protected":false},"author":1,"featured_media":98546,"comment_status":"open","ping_status":"open","sticky":false,"template":"","format":"video","meta":{"_acf_changed":false,"footnotes":""},"categories":[821],"tags":[46,523,577,32,517,621,626,551,40,9,24,34,507,529,539,535,628,14,493,593],"class_list":["post-98544","post","type-post","status-publish","format-video","has-post-thumbnail","hentry","category-caretex-tokyo-summer-2026-japan","tag-agriculture-forestry-fishery-and-food","tag-agriculture-forestry-fishery-and-food-2","tag-medical-care-health-5","tag-medical-care-health","tag-machinery-industrial-technology-6","tag-medical-care-health-3","tag-medical-care-health-6","tag-services-1","tag-living","tag-information-telecommunication","tag-japan","tag-machinery-industrial-technology","tag-living-4","tag-machinery-industrial-technology-7","tag-services-3","tag-living-12","tag-services-9","tag-services","tag-information-telecommunication-1","tag-machinery-industrial-technology-5","post_format-post-format-video"],"acf":[],"yoast_head":"<!-- This site is optimized with the Yoast SEO plugin v27.7 - https:\/\/yoast.com\/product\/yoast-seo-wordpress\/ -->\n<title>TECHMAT - East Bio, Inc. [The 3rd CareTEX Tokyo &#039;26 Summer] \u2013 V\u00eddeo da Feira | WorldTradeShow.TV<\/title>\n<meta name=\"robots\" content=\"index, follow, max-snippet:-1, max-image-preview:large, max-video-preview:-1\" \/>\n<link rel=\"canonical\" href=\"https:\/\/www.worldtradeshow.tv\/portuguese\/video\/caretex-tokyo-summer-2026-japan\/techmat-east-bio-inc-the-3rd-caretex-tokyo-26-summer\/\" \/>\n<meta property=\"og:locale\" content=\"pt_PT\" \/>\n<meta property=\"og:type\" content=\"article\" \/>\n<meta property=\"og:title\" content=\"TECHMAT - East Bio, Inc. [The 3rd CareTEX Tokyo &#039;26 Summer] \u2013 V\u00eddeo da Feira | WorldTradeShow.TV\" \/>\n<meta property=\"og:description\" content=\"A East Bio Co., Ltd. apresentou o \u201cTECHMAT\u201d, um sistema de monitoramento projetado para ambientes de cuidados, na CareTEX Tokyo 2026 Summer. Al\u00e9m de medir a frequ\u00eancia card\u00edaca, a frequ\u00eancia respirat\u00f3ria e o estado do sono \u2014 fun\u00e7\u00f5es comumente associa\u2026\" \/>\n<meta property=\"og:url\" content=\"https:\/\/www.worldtradeshow.tv\/portuguese\/video\/caretex-tokyo-summer-2026-japan\/techmat-east-bio-inc-the-3rd-caretex-tokyo-26-summer\/\" \/>\n<meta property=\"og:site_name\" content=\"V\u00eddeos de Feiras Internacionais e Novos Produtos \u2013 WorldTradeShow.TV\" \/>\n<meta property=\"article:publisher\" content=\"https:\/\/www.facebook.com\/tenji.tv\" \/>\n<meta property=\"article:published_time\" content=\"2026-08-27T05:55:43+00:00\" \/>\n<meta property=\"article:modified_time\" content=\"2026-09-01T01:29:19+00:00\" \/>\n<meta property=\"og:image\" content=\"https:\/\/www.worldtradeshow.tv\/portuguese\/wp-content\/uploads\/2026\/08\/maxresdefault-62.jpg\" \/>\n\t<meta property=\"og:image:width\" content=\"1280\" \/>\n\t<meta property=\"og:image:height\" content=\"720\" \/>\n\t<meta property=\"og:image:type\" content=\"image\/jpeg\" \/>\n<meta name=\"author\" content=\"user\" \/>\n<meta name=\"twitter:card\" content=\"summary_large_image\" \/>\n<meta name=\"twitter:label1\" content=\"Escrito por\" \/>\n\t<meta name=\"twitter:data1\" content=\"user\" \/>\n\t<meta name=\"twitter:label2\" content=\"Tempo estimado de leitura\" \/>\n\t<meta name=\"twitter:data2\" content=\"3 minutos\" \/>\n<script type=\"application\/ld+json\" class=\"yoast-schema-graph\">{\"@context\":\"https:\\\/\\\/schema.org\",\"@graph\":[{\"@type\":\"Article\",\"@id\":\"https:\\\/\\\/www.worldtradeshow.tv\\\/portuguese\\\/video\\\/caretex-tokyo-summer-2026-japan\\\/techmat-east-bio-inc-the-3rd-caretex-tokyo-26-summer\\\/#article\",\"isPartOf\":{\"@id\":\"https:\\\/\\\/www.worldtradeshow.tv\\\/portuguese\\\/video\\\/caretex-tokyo-summer-2026-japan\\\/techmat-east-bio-inc-the-3rd-caretex-tokyo-26-summer\\\/\"},\"author\":{\"name\":\"user\",\"@id\":\"https:\\\/\\\/www.worldtradeshow.tv\\\/portuguese\\\/#\\\/schema\\\/person\\\/3ea75b2b0542da77a7d411f29d033ddc\"},\"headline\":\"TECHMAT - East Bio, Inc. [The 3rd CareTEX Tokyo '26 Summer]\",\"datePublished\":\"2026-08-27T05:55:43+00:00\",\"dateModified\":\"2026-09-01T01:29:19+00:00\",\"mainEntityOfPage\":{\"@id\":\"https:\\\/\\\/www.worldtradeshow.tv\\\/portuguese\\\/video\\\/caretex-tokyo-summer-2026-japan\\\/techmat-east-bio-inc-the-3rd-caretex-tokyo-26-summer\\\/\"},\"wordCount\":614,\"commentCount\":0,\"image\":{\"@id\":\"https:\\\/\\\/www.worldtradeshow.tv\\\/portuguese\\\/video\\\/caretex-tokyo-summer-2026-japan\\\/techmat-east-bio-inc-the-3rd-caretex-tokyo-26-summer\\\/#primaryimage\"},\"thumbnailUrl\":\"https:\\\/\\\/www.worldtradeshow.tv\\\/portuguese\\\/wp-content\\\/uploads\\\/2026\\\/08\\\/maxresdefault-62.jpg\",\"keywords\":[\"Agricultura \\\/ Florestal \\\/ Pesca e Comida\",\"Alimentos e Bebidas \\\/ Processamento de Alimentos\",\"Cuidados de Sa\u00fade (Equipamentos \\\/ Produtos e Servi\u00e7os)\",\"Cuidados M\u00e9dicos \\\/ Sa\u00fade\",\"El\u00e9trica e Eletr\u00f4nica (Produtos \\\/ M\u00e1quinas)\",\"Equipamento de bem-estar e enfermagem \\\/ Reabilita\u00e7\u00e3o\",\"Fitness\",\"Hotelaria \\\/ Restaurante e Catering\",\"Industria Viva\",\"Informa\u00e7\u00e3o \\\/ Telecomunica\u00e7\u00e3o\",\"Jap\u00e3o\",\"M\u00e1quinas \\\/ Tecnologia Industrial\",\"M\u00f3veis e M\u00f3veis \\\/ Pe\u00e7as\",\"Outras m\u00e1quinas e equipamentos industriais\",\"Publicidade \\\/ Marketing \\\/ Administra\u00e7\u00e3o de Empresas\",\"Seguran\u00e7a \\\/ Prote\u00e7\u00e3o \\\/ Prote\u00e7\u00e3o contra Inc\u00eandio \\\/ Pol\u00edcia \\\/ Defesa\",\"Seguran\u00e7a e Sa\u00fade Ocupacional \\\/ Gest\u00e3o Trabalhista\",\"Servi\u00e7os\",\"Telecomunica\u00e7\u00f5es \\\/ Processamento de Dados \\\/ Inform\u00e1tica\",\"Teste \\\/ Medi\u00e7\u00e3o e An\u00e1lise \\\/ Mec\u00e2nica de Precis\u00e3o\"],\"articleSection\":[\"The 3rd CareTEX Tokyo '26 Summer\"],\"inLanguage\":\"pt-PT\",\"potentialAction\":[{\"@type\":\"CommentAction\",\"name\":\"Comment\",\"target\":[\"https:\\\/\\\/www.worldtradeshow.tv\\\/portuguese\\\/video\\\/caretex-tokyo-summer-2026-japan\\\/techmat-east-bio-inc-the-3rd-caretex-tokyo-26-summer\\\/#respond\"]}]},{\"@type\":\"WebPage\",\"@id\":\"https:\\\/\\\/www.worldtradeshow.tv\\\/portuguese\\\/video\\\/caretex-tokyo-summer-2026-japan\\\/techmat-east-bio-inc-the-3rd-caretex-tokyo-26-summer\\\/\",\"url\":\"https:\\\/\\\/www.worldtradeshow.tv\\\/portuguese\\\/video\\\/caretex-tokyo-summer-2026-japan\\\/techmat-east-bio-inc-the-3rd-caretex-tokyo-26-summer\\\/\",\"name\":\"TECHMAT - East Bio, Inc. [The 3rd CareTEX Tokyo '26 Summer] \u2013 V\u00eddeo da Feira | WorldTradeShow.TV\",\"isPartOf\":{\"@id\":\"https:\\\/\\\/www.worldtradeshow.tv\\\/portuguese\\\/#website\"},\"primaryImageOfPage\":{\"@id\":\"https:\\\/\\\/www.worldtradeshow.tv\\\/portuguese\\\/video\\\/caretex-tokyo-summer-2026-japan\\\/techmat-east-bio-inc-the-3rd-caretex-tokyo-26-summer\\\/#primaryimage\"},\"image\":{\"@id\":\"https:\\\/\\\/www.worldtradeshow.tv\\\/portuguese\\\/video\\\/caretex-tokyo-summer-2026-japan\\\/techmat-east-bio-inc-the-3rd-caretex-tokyo-26-summer\\\/#primaryimage\"},\"thumbnailUrl\":\"https:\\\/\\\/www.worldtradeshow.tv\\\/portuguese\\\/wp-content\\\/uploads\\\/2026\\\/08\\\/maxresdefault-62.jpg\",\"datePublished\":\"2026-08-27T05:55:43+00:00\",\"dateModified\":\"2026-09-01T01:29:19+00:00\",\"author\":{\"@id\":\"https:\\\/\\\/www.worldtradeshow.tv\\\/portuguese\\\/#\\\/schema\\\/person\\\/3ea75b2b0542da77a7d411f29d033ddc\"},\"breadcrumb\":{\"@id\":\"https:\\\/\\\/www.worldtradeshow.tv\\\/portuguese\\\/video\\\/caretex-tokyo-summer-2026-japan\\\/techmat-east-bio-inc-the-3rd-caretex-tokyo-26-summer\\\/#breadcrumb\"},\"inLanguage\":\"pt-PT\",\"potentialAction\":[{\"@type\":\"ReadAction\",\"target\":[\"https:\\\/\\\/www.worldtradeshow.tv\\\/portuguese\\\/video\\\/caretex-tokyo-summer-2026-japan\\\/techmat-east-bio-inc-the-3rd-caretex-tokyo-26-summer\\\/\"]}]},{\"@type\":\"ImageObject\",\"inLanguage\":\"pt-PT\",\"@id\":\"https:\\\/\\\/www.worldtradeshow.tv\\\/portuguese\\\/video\\\/caretex-tokyo-summer-2026-japan\\\/techmat-east-bio-inc-the-3rd-caretex-tokyo-26-summer\\\/#primaryimage\",\"url\":\"https:\\\/\\\/www.worldtradeshow.tv\\\/portuguese\\\/wp-content\\\/uploads\\\/2026\\\/08\\\/maxresdefault-62.jpg\",\"contentUrl\":\"https:\\\/\\\/www.worldtradeshow.tv\\\/portuguese\\\/wp-content\\\/uploads\\\/2026\\\/08\\\/maxresdefault-62.jpg\",\"width\":1280,\"height\":720},{\"@type\":\"BreadcrumbList\",\"@id\":\"https:\\\/\\\/www.worldtradeshow.tv\\\/portuguese\\\/video\\\/caretex-tokyo-summer-2026-japan\\\/techmat-east-bio-inc-the-3rd-caretex-tokyo-26-summer\\\/#breadcrumb\",\"itemListElement\":[{\"@type\":\"ListItem\",\"position\":1,\"name\":\"In\u00edcio\",\"item\":\"https:\\\/\\\/www.worldtradeshow.tv\\\/portuguese\\\/\"},{\"@type\":\"ListItem\",\"position\":2,\"name\":\"TECHMAT - East Bio, Inc. [The 3rd CareTEX Tokyo '26 Summer]\"}]},{\"@type\":\"WebSite\",\"@id\":\"https:\\\/\\\/www.worldtradeshow.tv\\\/portuguese\\\/#website\",\"url\":\"https:\\\/\\\/www.worldtradeshow.tv\\\/portuguese\\\/\",\"name\":\"V\u00eddeos de Feiras Internacionais e Novos Produtos \u2013 WorldTradeShow.TV\",\"description\":\"Descubra v\u00eddeos de feiras internacionais e novos produtos em portugu\u00eas\",\"potentialAction\":[{\"@type\":\"SearchAction\",\"target\":{\"@type\":\"EntryPoint\",\"urlTemplate\":\"https:\\\/\\\/www.worldtradeshow.tv\\\/portuguese\\\/?s={search_term_string}\"},\"query-input\":{\"@type\":\"PropertyValueSpecification\",\"valueRequired\":true,\"valueName\":\"search_term_string\"}}],\"inLanguage\":\"pt-PT\"},{\"@type\":\"Person\",\"@id\":\"https:\\\/\\\/www.worldtradeshow.tv\\\/portuguese\\\/#\\\/schema\\\/person\\\/3ea75b2b0542da77a7d411f29d033ddc\",\"name\":\"user\",\"image\":{\"@type\":\"ImageObject\",\"inLanguage\":\"pt-PT\",\"@id\":\"https:\\\/\\\/secure.gravatar.com\\\/avatar\\\/b4c9a289323b21a01c3e940f150eb9b8c542587f1abfd8f0e1cc1ffc5e475514?s=96&d=mm&r=g\",\"url\":\"https:\\\/\\\/secure.gravatar.com\\\/avatar\\\/b4c9a289323b21a01c3e940f150eb9b8c542587f1abfd8f0e1cc1ffc5e475514?s=96&d=mm&r=g\",\"contentUrl\":\"https:\\\/\\\/secure.gravatar.com\\\/avatar\\\/b4c9a289323b21a01c3e940f150eb9b8c542587f1abfd8f0e1cc1ffc5e475514?s=96&d=mm&r=g\",\"caption\":\"user\"},\"sameAs\":[\"http:\\\/\\\/127.0.0.1\"]}]}<\/script>\n<meta property=\"og:video\" content=\"https:\/\/www.youtube.com\/embed\/cfExLgqw_ts\" \/>\n<meta property=\"og:video:type\" content=\"text\/html\" \/>\n<meta property=\"og:video:duration\" content=\"58\" \/>\n<meta property=\"og:video:width\" content=\"480\" \/>\n<meta property=\"og:video:height\" content=\"270\" \/>\n<meta property=\"ya:ovs:adult\" content=\"false\" \/>\n<meta property=\"ya:ovs:allow_embed\" content=\"true\" \/>\n<!-- \/ Yoast SEO plugin. -->","yoast_head_json":{"title":"TECHMAT - East Bio, Inc. [The 3rd CareTEX Tokyo '26 Summer] \u2013 V\u00eddeo da Feira | WorldTradeShow.TV","robots":{"index":"index","follow":"follow","max-snippet":"max-snippet:-1","max-image-preview":"max-image-preview:large","max-video-preview":"max-video-preview:-1"},"canonical":"https:\/\/www.worldtradeshow.tv\/portuguese\/video\/caretex-tokyo-summer-2026-japan\/techmat-east-bio-inc-the-3rd-caretex-tokyo-26-summer\/","og_locale":"pt_PT","og_type":"article","og_title":"TECHMAT - East Bio, Inc. [The 3rd CareTEX Tokyo '26 Summer] \u2013 V\u00eddeo da Feira | WorldTradeShow.TV","og_description":"A East Bio Co., Ltd. apresentou o \u201cTECHMAT\u201d, um sistema de monitoramento projetado para ambientes de cuidados, na CareTEX Tokyo 2026 Summer. Al\u00e9m de medir a frequ\u00eancia card\u00edaca, a frequ\u00eancia respirat\u00f3ria e o estado do sono \u2014 fun\u00e7\u00f5es comumente associa\u2026","og_url":"https:\/\/www.worldtradeshow.tv\/portuguese\/video\/caretex-tokyo-summer-2026-japan\/techmat-east-bio-inc-the-3rd-caretex-tokyo-26-summer\/","og_site_name":"V\u00eddeos de Feiras Internacionais e Novos Produtos \u2013 WorldTradeShow.TV","article_publisher":"https:\/\/www.facebook.com\/tenji.tv","article_published_time":"2026-08-27T05:55:43+00:00","article_modified_time":"2026-09-01T01:29:19+00:00","og_image":[{"width":1280,"height":720,"url":"https:\/\/www.worldtradeshow.tv\/portuguese\/wp-content\/uploads\/2026\/08\/maxresdefault-62.jpg","type":"image\/jpeg"}],"author":"user","twitter_card":"summary_large_image","twitter_misc":{"Escrito por":"user","Tempo estimado de leitura":"3 minutos"},"schema":{"@context":"https:\/\/schema.org","@graph":[{"@type":"Article","@id":"https:\/\/www.worldtradeshow.tv\/portuguese\/video\/caretex-tokyo-summer-2026-japan\/techmat-east-bio-inc-the-3rd-caretex-tokyo-26-summer\/#article","isPartOf":{"@id":"https:\/\/www.worldtradeshow.tv\/portuguese\/video\/caretex-tokyo-summer-2026-japan\/techmat-east-bio-inc-the-3rd-caretex-tokyo-26-summer\/"},"author":{"name":"user","@id":"https:\/\/www.worldtradeshow.tv\/portuguese\/#\/schema\/person\/3ea75b2b0542da77a7d411f29d033ddc"},"headline":"TECHMAT - East Bio, Inc. [The 3rd CareTEX Tokyo '26 Summer]","datePublished":"2026-08-27T05:55:43+00:00","dateModified":"2026-09-01T01:29:19+00:00","mainEntityOfPage":{"@id":"https:\/\/www.worldtradeshow.tv\/portuguese\/video\/caretex-tokyo-summer-2026-japan\/techmat-east-bio-inc-the-3rd-caretex-tokyo-26-summer\/"},"wordCount":614,"commentCount":0,"image":{"@id":"https:\/\/www.worldtradeshow.tv\/portuguese\/video\/caretex-tokyo-summer-2026-japan\/techmat-east-bio-inc-the-3rd-caretex-tokyo-26-summer\/#primaryimage"},"thumbnailUrl":"https:\/\/www.worldtradeshow.tv\/portuguese\/wp-content\/uploads\/2026\/08\/maxresdefault-62.jpg","keywords":["Agricultura \/ Florestal \/ Pesca e Comida","Alimentos e Bebidas \/ Processamento de Alimentos","Cuidados de Sa\u00fade (Equipamentos \/ Produtos e Servi\u00e7os)","Cuidados M\u00e9dicos \/ Sa\u00fade","El\u00e9trica e Eletr\u00f4nica (Produtos \/ M\u00e1quinas)","Equipamento de bem-estar e enfermagem \/ Reabilita\u00e7\u00e3o","Fitness","Hotelaria \/ Restaurante e Catering","Industria Viva","Informa\u00e7\u00e3o \/ Telecomunica\u00e7\u00e3o","Jap\u00e3o","M\u00e1quinas \/ Tecnologia Industrial","M\u00f3veis e M\u00f3veis \/ Pe\u00e7as","Outras m\u00e1quinas e equipamentos industriais","Publicidade \/ Marketing \/ Administra\u00e7\u00e3o de Empresas","Seguran\u00e7a \/ Prote\u00e7\u00e3o \/ Prote\u00e7\u00e3o contra Inc\u00eandio \/ Pol\u00edcia \/ Defesa","Seguran\u00e7a e Sa\u00fade Ocupacional \/ Gest\u00e3o Trabalhista","Servi\u00e7os","Telecomunica\u00e7\u00f5es \/ Processamento de Dados \/ Inform\u00e1tica","Teste \/ Medi\u00e7\u00e3o e An\u00e1lise \/ Mec\u00e2nica de Precis\u00e3o"],"articleSection":["The 3rd CareTEX Tokyo '26 Summer"],"inLanguage":"pt-PT","potentialAction":[{"@type":"CommentAction","name":"Comment","target":["https:\/\/www.worldtradeshow.tv\/portuguese\/video\/caretex-tokyo-summer-2026-japan\/techmat-east-bio-inc-the-3rd-caretex-tokyo-26-summer\/#respond"]}]},{"@type":"WebPage","@id":"https:\/\/www.worldtradeshow.tv\/portuguese\/video\/caretex-tokyo-summer-2026-japan\/techmat-east-bio-inc-the-3rd-caretex-tokyo-26-summer\/","url":"https:\/\/www.worldtradeshow.tv\/portuguese\/video\/caretex-tokyo-summer-2026-japan\/techmat-east-bio-inc-the-3rd-caretex-tokyo-26-summer\/","name":"TECHMAT - East Bio, Inc. [The 3rd CareTEX Tokyo '26 Summer] \u2013 V\u00eddeo da Feira | WorldTradeShow.TV","isPartOf":{"@id":"https:\/\/www.worldtradeshow.tv\/portuguese\/#website"},"primaryImageOfPage":{"@id":"https:\/\/www.worldtradeshow.tv\/portuguese\/video\/caretex-tokyo-summer-2026-japan\/techmat-east-bio-inc-the-3rd-caretex-tokyo-26-summer\/#primaryimage"},"image":{"@id":"https:\/\/www.worldtradeshow.tv\/portuguese\/video\/caretex-tokyo-summer-2026-japan\/techmat-east-bio-inc-the-3rd-caretex-tokyo-26-summer\/#primaryimage"},"thumbnailUrl":"https:\/\/www.worldtradeshow.tv\/portuguese\/wp-content\/uploads\/2026\/08\/maxresdefault-62.jpg","datePublished":"2026-08-27T05:55:43+00:00","dateModified":"2026-09-01T01:29:19+00:00","author":{"@id":"https:\/\/www.worldtradeshow.tv\/portuguese\/#\/schema\/person\/3ea75b2b0542da77a7d411f29d033ddc"},"breadcrumb":{"@id":"https:\/\/www.worldtradeshow.tv\/portuguese\/video\/caretex-tokyo-summer-2026-japan\/techmat-east-bio-inc-the-3rd-caretex-tokyo-26-summer\/#breadcrumb"},"inLanguage":"pt-PT","potentialAction":[{"@type":"ReadAction","target":["https:\/\/www.worldtradeshow.tv\/portuguese\/video\/caretex-tokyo-summer-2026-japan\/techmat-east-bio-inc-the-3rd-caretex-tokyo-26-summer\/"]}]},{"@type":"ImageObject","inLanguage":"pt-PT","@id":"https:\/\/www.worldtradeshow.tv\/portuguese\/video\/caretex-tokyo-summer-2026-japan\/techmat-east-bio-inc-the-3rd-caretex-tokyo-26-summer\/#primaryimage","url":"https:\/\/www.worldtradeshow.tv\/portuguese\/wp-content\/uploads\/2026\/08\/maxresdefault-62.jpg","contentUrl":"https:\/\/www.worldtradeshow.tv\/portuguese\/wp-content\/uploads\/2026\/08\/maxresdefault-62.jpg","width":1280,"height":720},{"@type":"BreadcrumbList","@id":"https:\/\/www.worldtradeshow.tv\/portuguese\/video\/caretex-tokyo-summer-2026-japan\/techmat-east-bio-inc-the-3rd-caretex-tokyo-26-summer\/#breadcrumb","itemListElement":[{"@type":"ListItem","position":1,"name":"In\u00edcio","item":"https:\/\/www.worldtradeshow.tv\/portuguese\/"},{"@type":"ListItem","position":2,"name":"TECHMAT - East Bio, Inc. [The 3rd CareTEX Tokyo '26 Summer]"}]},{"@type":"WebSite","@id":"https:\/\/www.worldtradeshow.tv\/portuguese\/#website","url":"https:\/\/www.worldtradeshow.tv\/portuguese\/","name":"V\u00eddeos de Feiras Internacionais e Novos Produtos \u2013 WorldTradeShow.TV","description":"Descubra v\u00eddeos de feiras internacionais e novos produtos em portugu\u00eas","potentialAction":[{"@type":"SearchAction","target":{"@type":"EntryPoint","urlTemplate":"https:\/\/www.worldtradeshow.tv\/portuguese\/?s={search_term_string}"},"query-input":{"@type":"PropertyValueSpecification","valueRequired":true,"valueName":"search_term_string"}}],"inLanguage":"pt-PT"},{"@type":"Person","@id":"https:\/\/www.worldtradeshow.tv\/portuguese\/#\/schema\/person\/3ea75b2b0542da77a7d411f29d033ddc","name":"user","image":{"@type":"ImageObject","inLanguage":"pt-PT","@id":"https:\/\/secure.gravatar.com\/avatar\/b4c9a289323b21a01c3e940f150eb9b8c542587f1abfd8f0e1cc1ffc5e475514?s=96&d=mm&r=g","url":"https:\/\/secure.gravatar.com\/avatar\/b4c9a289323b21a01c3e940f150eb9b8c542587f1abfd8f0e1cc1ffc5e475514?s=96&d=mm&r=g","contentUrl":"https:\/\/secure.gravatar.com\/avatar\/b4c9a289323b21a01c3e940f150eb9b8c542587f1abfd8f0e1cc1ffc5e475514?s=96&d=mm&r=g","caption":"user"},"sameAs":["http:\/\/127.0.0.1"]}]},"og_video":"https:\/\/www.youtube.com\/embed\/cfExLgqw_ts","og_video_type":"text\/html","og_video_duration":"58","og_video_width":"480","og_video_height":"270","ya_ovs_adult":"false","ya_ovs_allow_embed":"true"},"cmb2":{"poster_feature_image":{"vid_m_player_background":"on","vid_m_poster_image":"","vid_m_poster_image_id":""},"gif_feature_image":{"vid_m_gif_image":"","vid_m_gif_image_id":""},"video_movie_settings":{"vid_m_director":"","vid_m_actor":"","vid_m_imdb_ratings":"","vid_m_amazon_associates":"","vid_m_vid_tmdb_movie":"","vid_m_vid_tmdb_tv_shows":"","vid_m_vid_tmdb_thumb":"backdrop_sizes"},"vid_ads_m_videoads_settings_post":{"vid_ads_m_video_ads":"","vid_ads_m_video_ads_type":"","vid_ads_m_group_google_ima":"","vid_ads_m_group_image":"","vid_ads_m_group_html5_video":"","vid_ads_m_group_html":"","vid_ads_m_vpaid_mode":"","vid_ads_m_vast_preroll":"","vid_ads_m_vast_postroll":"","vid_ads_m_vast_pauseroll":"","vid_ads_m_vast_midroll":"","vid_ads_m_group_dynamic":"","vid_ads_m_time_to_show_ads":"","vid_ads_m_time_skip_ads":"","vid_ads_m_time_to_hide_ads":""},"feature_image_settings":{"feature_image_position":""},"video_player_settings":{"single_video_style":"","video_player_position":"","vm_video_url_btn_choose":"","vm_video_url_btn_choose_id":"","vm_video_url":"https:\/\/www.youtube.com\/watch?v=cfExLgqw_ts","vm_video_ratio":"16:9","vm_video_ratio_mobile":"16:9","video_player_library":"","plyr_player":"","video_streaming":"","vm_video_shortcode":"","vm_video_timelapse":"","vm_media_subtitles":"","vm_media_sources":"","vid_vtt_preview":"","vid_vtt_preview_vtt_file":"","vid_vtt_preview_vtt_file_id":"","vid_vtt_preview_sprite_image":"","vid_vtt_preview_sprite_image_id":"","vid_auto_play":"","vid_preview_mode":"","vm_video_trailer_manl_url":"","vm_screenshot_preview":"","vid_tags":"","vid_p_sync_playlist":"","vid_c_sync_channel":"","get_post_format":"","multiple_links_structure":"default","multi_links_title":"","original_video_title":"","multi_links_series":"","vm_video_multi_links":"","vm_duration":"","vid_social_locker":"","vid_locker_mode":"social","vid_social_locker_id":"","vid_social_email_locker_id":"","vid_social_signin_locker_id":"","sv_login_to_watch":"","vid_membership_action":"content-video","vm_video_trailer_url":"","vid_download_type":"free","vid_download_target":"download","vid_woo_product":"","vid_download_mode":"","vid_download_mode_trailer":"","vm_media_download":"","user_rating":"","user_rating_position":"","user_rating_mode":"","user_rating_multi_sets":"","ads_above_single_player":""},"video_auto_fetch_settings":{"vm_video_fetch":"on"},"video_fake_views_likes":{"vm_fake_views":"","vm_fake_likes":"","vm_fake_dislikes":""},"gallery_settings":{"gallery_position":""},"quote_settings":{"quote_position":""},"post_options":{"main_layout":"","main_logo":"","main_logo_id":"","main_logo_retina":"","main_logo_retina_id":"","main_logo_mobile":"","main_logo_mobile_id":"","main_logo_mobile_retina":"","main_logo_mobile_retina_id":"","sticky_logo":"","sticky_logo_id":"","sticky_logo_retina":"","sticky_logo_retina_id":"","main_nav_layout":"","header_background":"","theme_sidebar":"","single_post_comment_type":"","theme_background":""}},"_links":{"self":[{"href":"https:\/\/www.worldtradeshow.tv\/portuguese\/wp-json\/wp\/v2\/posts\/98544","targetHints":{"allow":["GET"]}}],"collection":[{"href":"https:\/\/www.worldtradeshow.tv\/portuguese\/wp-json\/wp\/v2\/posts"}],"about":[{"href":"https:\/\/www.worldtradeshow.tv\/portuguese\/wp-json\/wp\/v2\/types\/post"}],"author":[{"embeddable":true,"href":"https:\/\/www.worldtradeshow.tv\/portuguese\/wp-json\/wp\/v2\/users\/1"}],"replies":[{"embeddable":true,"href":"https:\/\/www.worldtradeshow.tv\/portuguese\/wp-json\/wp\/v2\/comments?post=98544"}],"version-history":[{"count":1,"href":"https:\/\/www.worldtradeshow.tv\/portuguese\/wp-json\/wp\/v2\/posts\/98544\/revisions"}],"predecessor-version":[{"id":98545,"href":"https:\/\/www.worldtradeshow.tv\/portuguese\/wp-json\/wp\/v2\/posts\/98544\/revisions\/98545"}],"wp:featuredmedia":[{"embeddable":true,"href":"https:\/\/www.worldtradeshow.tv\/portuguese\/wp-json\/wp\/v2\/media\/98546"}],"wp:attachment":[{"href":"https:\/\/www.worldtradeshow.tv\/portuguese\/wp-json\/wp\/v2\/media?parent=98544"}],"wp:term":[{"taxonomy":"category","embeddable":true,"href":"https:\/\/www.worldtradeshow.tv\/portuguese\/wp-json\/wp\/v2\/categories?post=98544"},{"taxonomy":"post_tag","embeddable":true,"href":"https:\/\/www.worldtradeshow.tv\/portuguese\/wp-json\/wp\/v2\/tags?post=98544"}],"curies":[{"name":"wp","href":"https:\/\/api.w.org\/{rel}","templated":true}]}}