{"id":98541,"date":"2026-08-27T05:55:45","date_gmt":"2026-08-27T05:55:45","guid":{"rendered":"https:\/\/www.worldtradeshow.tv\/portuguese\/?p=98541"},"modified":"2026-09-01T01:29:18","modified_gmt":"2026-09-01T01:29:18","slug":"noman-scoville-co-ltd-the-3rd-caretex-tokyo-26-summer","status":"publish","type":"post","link":"https:\/\/www.worldtradeshow.tv\/portuguese\/video\/caretex-tokyo-summer-2026-japan\/noman-scoville-co-ltd-the-3rd-caretex-tokyo-26-summer\/","title":{"rendered":"ningu\u00e9m - scoville Co., Ltd [The 3rd CareTEX Tokyo '26 Summer]"},"content":{"rendered":"<div class=\"entry-content \">\n<blockquote class=\"wp-block-quote\">\n<p>Na CareTEX Tokyo 2026 Summer, a scoville Co., Ltd. apresentou um servi\u00e7o de transcri\u00e7\u00e3o e documenta\u00e7\u00e3o de reuni\u00f5es com intelig\u00eancia artificial, especializado para o setor de cuidados de enfermagem. O servi\u00e7o foi projetado para dar suporte a uma ampla gama de tarefas de documenta\u00e7\u00e3o, incluindo planos de cuidados elaborados por gestores de cuidados domiciliares, reuni\u00f5es multidisciplinares, reuni\u00f5es de comit\u00eas em institui\u00e7\u00f5es de sa\u00fade e trabalhos administrativos relacionados.<\/p>\n<p>Uma caracter\u00edstica fundamental \u00e9 a capacidade de gerenciar essas diferentes necessidades de documenta\u00e7\u00e3o em um \u00fanico servi\u00e7o. Segundo a empresa, o sistema foi adotado por mais de 10.000 locais de atendimento em todo o Jap\u00e3o, solucionando a carga de trabalho administrativa associada ao registro, organiza\u00e7\u00e3o e compartilhamento de informa\u00e7\u00f5es nas opera\u00e7\u00f5es di\u00e1rias de assist\u00eancia.<\/p>\n<p>scoville tamb\u00e9m enfatizou que a ado\u00e7\u00e3o bem-sucedida da IA \u200b\u200bno setor de sa\u00fade exige mais do que simplesmente a implementa\u00e7\u00e3o de um software. A empresa oferece suporte que abrange considera\u00e7\u00f5es institucionais e operacionais, bem como a ado\u00e7\u00e3o p\u00f3s-implementa\u00e7\u00e3o, ajudando a equipe a incorporar o servi\u00e7o em seus fluxos de trabalho. Na feira, a solu\u00e7\u00e3o foi apresentada como uma forma de combinar documenta\u00e7\u00e3o baseada em IA com suporte cont\u00ednuo \u00e0 implementa\u00e7\u00e3o para profissionais de sa\u00fade.<\/p>\n<\/blockquote>\n<div class=\"video-summary-grid\">\n<div class=\"summary-card\">\n<h3>Desafios abordados<\/h3>\n<ul>\n<li><a href=\"\/portuguese\/?s=Reduzir%20a%20carga%20de%20trabalho%20relacionada%20%C3%A0%20documenta%C3%A7%C3%A3o%20dos%20cuidados%20de%20enfermagem&#038;post_type=post\">Reduzir a carga de trabalho relacionada \u00e0 documenta\u00e7\u00e3o dos cuidados de enfermagem<\/a><\/li>\n<li><a href=\"\/portuguese\/?s=Simplifica%C3%A7%C3%A3o%20das%20atas%20e%20registros%20de%20reuni%C3%B5es&#038;post_type=post\">Simplifica\u00e7\u00e3o das atas e registros de reuni\u00f5es<\/a><\/li>\n<li><a href=\"\/portuguese\/?s=Apoio%20%C3%A0%20ado%C3%A7%C3%A3o%20de%20IA%20nas%20opera%C3%A7%C3%B5es%20de%20assist%C3%AAncia.&#038;post_type=post\">Apoio \u00e0 ado\u00e7\u00e3o de IA nas opera\u00e7\u00f5es de assist\u00eancia.<\/a><\/li>\n<\/ul>\n<\/div>\n<div class=\"summary-card\">\n<h3>Solu\u00e7\u00f5es<\/h3>\n<ul>\n<li><a href=\"\/portuguese\/?s=Transcri%C3%A7%C3%A3o%20e%20documenta%C3%A7%C3%A3o%20de%20reuni%C3%B5es%20com%20intelig%C3%AAncia%20artificial&#038;post_type=post\">Transcri\u00e7\u00e3o e documenta\u00e7\u00e3o de reuni\u00f5es com intelig\u00eancia artificial<\/a><\/li>\n<li><a href=\"\/portuguese\/?s=Suporte%20de%20IA%20para%20documenta%C3%A7%C3%A3o%20relacionada%20a%20cuidados&#038;post_type=post\">Suporte de IA para documenta\u00e7\u00e3o relacionada a cuidados<\/a><\/li>\n<li><a href=\"\/portuguese\/?s=Suporte%20%C3%A0%20implementa%C3%A7%C3%A3o%20e%20ado%C3%A7%C3%A3o%20de%20IA&#038;post_type=post\">Suporte \u00e0 implementa\u00e7\u00e3o e ado\u00e7\u00e3o de IA<\/a><\/li>\n<\/ul>\n<\/div>\n<div class=\"summary-card\">\n<h3>Clientes-alvo<\/h3>\n<ul>\n<li><a href=\"\/portuguese\/?s=Gestores%20de%20cuidados&#038;post_type=post\">Gestores de cuidados<\/a><\/li>\n<li><a href=\"\/portuguese\/?s=instala%C3%A7%C3%B5es%20de%20cuidados%20de%20enfermagem&#038;post_type=post\">instala\u00e7\u00f5es de cuidados de enfermagem<\/a><\/li>\n<li><a href=\"\/portuguese\/?s=prestadores%20de%20servi%C3%A7os%20de%20assist%C3%AAncia&#038;post_type=post\">prestadores de servi\u00e7os de assist\u00eancia<\/a><\/li>\n<\/ul>\n<\/div>\n<\/div>\n<div class=\"video-faq\">\n<h3 class=\"faq-heading\">Perguntas frequentes<\/h3>\n<details class=\"faq-item\">\n<summary>Que tarefas de enfermagem o servi\u00e7o de IA pode auxiliar?<\/summary>\n<div class=\"faq-answer\">O servi\u00e7o pode dar suporte \u00e0 documenta\u00e7\u00e3o relacionada a planos de cuidados, reuni\u00f5es de equipe multidisciplinar, comit\u00eas da institui\u00e7\u00e3o e outros processos administrativos nas opera\u00e7\u00f5es de enfermagem.<\/div>\n<\/details>\n<details class=\"faq-item\">\n<summary>A scoville oferece suporte ap\u00f3s a implementa\u00e7\u00e3o?<\/summary>\n<div class=\"faq-answer\">Sim. A empresa enfatiza o suporte cont\u00ednuo ap\u00f3s a implementa\u00e7\u00e3o, incluindo assist\u00eancia na integra\u00e7\u00e3o do servi\u00e7o \u00e0s opera\u00e7\u00f5es di\u00e1rias, para que os funcion\u00e1rios possam utiliz\u00e1-lo de forma pr\u00e1tica.<\/div>\n<\/details>\n<details class=\"faq-item\">\n<summary>Qual o grau de ado\u00e7\u00e3o do servi\u00e7o?<\/summary>\n<div class=\"faq-answer\">Segundo a apresenta\u00e7\u00e3o da empresa na exposi\u00e7\u00e3o, o servi\u00e7o j\u00e1 foi implementado em mais de 10.000 locais de atendimento em todo o Jap\u00e3o.<\/div>\n<\/details>\n<\/div>\n<details class=\"video-transcript\">\n<summary>Ver transcri\u00e7\u00e3o do v\u00eddeo<\/summary>\n<div class=\"transcript-content\">Somos a Scoville Co., Ltd.<br \/>Oferecemos um servi\u00e7o de atas de reuni\u00f5es com intelig\u00eancia artificial, especializado no setor de cuidados de enfermagem, e nosso servi\u00e7o \u00e9 atualmente utilizado por mais de 10.000 empresas em todo o pa\u00eds.<br \/>Por exemplo, ele pode gerenciar planos de cuidados para gerentes de assist\u00eancia domiciliar, reuni\u00f5es de caso e at\u00e9 mesmo reuni\u00f5es de comit\u00eas em institui\u00e7\u00f5es, tudo em um \u00fanico servi\u00e7o.<br \/>Entre os diversos servi\u00e7os de IA dispon\u00edveis, acreditamos que a conformidade com as regulamenta\u00e7\u00f5es e a garantia de que todos possam usar o servi\u00e7o ap\u00f3s a implementa\u00e7\u00e3o s\u00e3o cruciais.<br \/>O diferencial da nossa empresa \u00e9 que oferecemos gerenciamento e suporte centralizados para todos esses aspectos. Portanto, se voc\u00ea tiver interesse, sinta-se \u00e0 vontade para experimentar nosso servi\u00e7o, mesmo que seja apenas um teste.<\/div>\n<\/details>\n<h2>Entre em contato com a empresa.<\/h2>\n<div class=\"company-profile-section\">\n<div class=\"company-shot\"><a href=\"https:\/\/scoville.jp\/ja\/about-us\/\" target=\"_blank\" rel=\"noopener noreferrer\"><img decoding=\"async\" src=\"https:\/\/s.wordpress.com\/mshots\/v1\/https%3A%2F%2Fscoville.jp%2Fja%2Fabout-us%2F?w=800\" alt=\"Site oficial da scoville Co., Ltd.\" loading=\"lazy\"><\/a><\/div>\n<div class=\"company-info\">\n<ul>\n<li><span class=\"label\">Sede<\/span> <span class=\"value\">&#8211;<\/span><\/li>\n<li><span class=\"label\">Estabelecido<\/span> <span class=\"value\">&#8211;<\/span><\/li>\n<li><span class=\"label\">Funcion\u00e1rios<\/span> <span class=\"value\">&#8211;<\/span><\/li>\n<li><span class=\"label\">Site oficial<\/span> <span class=\"value\"><a href=\"https:\/\/scoville.jp\/ja\/about-us\/\" target=\"_blank\" rel=\"noopener noreferrer\">https:\/\/scoville.jp\/ja\/about-us\/<\/a><\/span><\/li>\n<li><span class=\"label\">\u00c1reas de neg\u00f3cio<\/span> <span class=\"value\">Servi\u00e7os de documenta\u00e7\u00e3o e suporte operacional com intelig\u00eancia artificial para o setor de enfermagem.<\/span><\/li>\n<li><span class=\"label\">Principais produtos e servi\u00e7os<\/span> <span class=\"value\">Servi\u00e7o de transcri\u00e7\u00e3o e documenta\u00e7\u00e3o de reuni\u00f5es com IA para profissionais de enfermagem, com suporte para implementa\u00e7\u00e3o e ado\u00e7\u00e3o.<\/span><\/li>\n<\/ul>\n<\/div>\n<\/div>\n<\/div>\n","protected":false},"excerpt":{"rendered":"<p>Na CareTEX Tokyo 2026 Summer, a scoville Co., Ltd. apresentou um servi\u00e7o de transcri\u00e7\u00e3o e documenta\u00e7\u00e3o de reuni\u00f5es com intelig\u00eancia artificial, especializado para o setor de cuidados de enfermagem. O servi\u00e7o foi projetado para dar suporte a uma ampla\u2026<\/p>\n","protected":false},"author":1,"featured_media":98543,"comment_status":"open","ping_status":"open","sticky":false,"template":"","format":"video","meta":{"_acf_changed":false,"footnotes":""},"categories":[821],"tags":[46,523,577,32,517,621,626,551,40,9,24,34,507,529,539,535,628,14,493,593],"class_list":["post-98541","post","type-post","status-publish","format-video","has-post-thumbnail","hentry","category-caretex-tokyo-summer-2026-japan","tag-agriculture-forestry-fishery-and-food","tag-agriculture-forestry-fishery-and-food-2","tag-medical-care-health-5","tag-medical-care-health","tag-machinery-industrial-technology-6","tag-medical-care-health-3","tag-medical-care-health-6","tag-services-1","tag-living","tag-information-telecommunication","tag-japan","tag-machinery-industrial-technology","tag-living-4","tag-machinery-industrial-technology-7","tag-services-3","tag-living-12","tag-services-9","tag-services","tag-information-telecommunication-1","tag-machinery-industrial-technology-5","post_format-post-format-video"],"acf":[],"yoast_head":"<!-- This site is optimized with the Yoast SEO plugin v27.7 - https:\/\/yoast.com\/product\/yoast-seo-wordpress\/ -->\n<title>ningu\u00e9m - scoville Co., Ltd [The 3rd CareTEX Tokyo &#039;26 Summer] \u2013 V\u00eddeo da Feira | WorldTradeShow.TV<\/title>\n<meta name=\"robots\" content=\"index, follow, max-snippet:-1, max-image-preview:large, max-video-preview:-1\" \/>\n<link rel=\"canonical\" href=\"https:\/\/www.worldtradeshow.tv\/portuguese\/video\/caretex-tokyo-summer-2026-japan\/noman-scoville-co-ltd-the-3rd-caretex-tokyo-26-summer\/\" \/>\n<meta property=\"og:locale\" content=\"pt_PT\" \/>\n<meta property=\"og:type\" content=\"article\" \/>\n<meta property=\"og:title\" content=\"ningu\u00e9m - scoville Co., Ltd [The 3rd CareTEX Tokyo &#039;26 Summer] \u2013 V\u00eddeo da Feira | WorldTradeShow.TV\" \/>\n<meta property=\"og:description\" content=\"Na CareTEX Tokyo 2026 Summer, a scoville Co., Ltd. apresentou um servi\u00e7o de transcri\u00e7\u00e3o e documenta\u00e7\u00e3o de reuni\u00f5es com intelig\u00eancia artificial, especializado para o setor de cuidados de enfermagem. O servi\u00e7o foi projetado para dar suporte a uma ampla\u2026\" \/>\n<meta property=\"og:url\" content=\"https:\/\/www.worldtradeshow.tv\/portuguese\/video\/caretex-tokyo-summer-2026-japan\/noman-scoville-co-ltd-the-3rd-caretex-tokyo-26-summer\/\" \/>\n<meta property=\"og:site_name\" content=\"V\u00eddeos de Feiras Internacionais e Novos Produtos \u2013 WorldTradeShow.TV\" \/>\n<meta property=\"article:publisher\" content=\"https:\/\/www.facebook.com\/tenji.tv\" \/>\n<meta property=\"article:published_time\" content=\"2026-08-27T05:55:45+00:00\" \/>\n<meta property=\"article:modified_time\" content=\"2026-09-01T01:29:18+00:00\" \/>\n<meta property=\"og:image\" content=\"https:\/\/www.worldtradeshow.tv\/portuguese\/wp-content\/uploads\/2026\/08\/maxresdefault-61.jpg\" \/>\n\t<meta property=\"og:image:width\" content=\"1280\" \/>\n\t<meta property=\"og:image:height\" content=\"720\" \/>\n\t<meta property=\"og:image:type\" content=\"image\/jpeg\" \/>\n<meta name=\"author\" content=\"user\" \/>\n<meta name=\"twitter:card\" content=\"summary_large_image\" \/>\n<meta name=\"twitter:label1\" content=\"Escrito por\" \/>\n\t<meta name=\"twitter:data1\" content=\"user\" \/>\n\t<meta name=\"twitter:label2\" content=\"Tempo estimado de leitura\" \/>\n\t<meta name=\"twitter:data2\" content=\"3 minutos\" \/>\n<script type=\"application\/ld+json\" class=\"yoast-schema-graph\">{\"@context\":\"https:\\\/\\\/schema.org\",\"@graph\":[{\"@type\":\"Article\",\"@id\":\"https:\\\/\\\/www.worldtradeshow.tv\\\/portuguese\\\/video\\\/caretex-tokyo-summer-2026-japan\\\/noman-scoville-co-ltd-the-3rd-caretex-tokyo-26-summer\\\/#article\",\"isPartOf\":{\"@id\":\"https:\\\/\\\/www.worldtradeshow.tv\\\/portuguese\\\/video\\\/caretex-tokyo-summer-2026-japan\\\/noman-scoville-co-ltd-the-3rd-caretex-tokyo-26-summer\\\/\"},\"author\":{\"name\":\"user\",\"@id\":\"https:\\\/\\\/www.worldtradeshow.tv\\\/portuguese\\\/#\\\/schema\\\/person\\\/3ea75b2b0542da77a7d411f29d033ddc\"},\"headline\":\"ningu\u00e9m - scoville Co., Ltd [The 3rd CareTEX Tokyo '26 Summer]\",\"datePublished\":\"2026-08-27T05:55:45+00:00\",\"dateModified\":\"2026-09-01T01:29:18+00:00\",\"mainEntityOfPage\":{\"@id\":\"https:\\\/\\\/www.worldtradeshow.tv\\\/portuguese\\\/video\\\/caretex-tokyo-summer-2026-japan\\\/noman-scoville-co-ltd-the-3rd-caretex-tokyo-26-summer\\\/\"},\"wordCount\":668,\"commentCount\":0,\"image\":{\"@id\":\"https:\\\/\\\/www.worldtradeshow.tv\\\/portuguese\\\/video\\\/caretex-tokyo-summer-2026-japan\\\/noman-scoville-co-ltd-the-3rd-caretex-tokyo-26-summer\\\/#primaryimage\"},\"thumbnailUrl\":\"https:\\\/\\\/www.worldtradeshow.tv\\\/portuguese\\\/wp-content\\\/uploads\\\/2026\\\/08\\\/maxresdefault-61.jpg\",\"keywords\":[\"Agricultura \\\/ Florestal \\\/ Pesca e Comida\",\"Alimentos e Bebidas \\\/ Processamento de Alimentos\",\"Cuidados de Sa\u00fade (Equipamentos \\\/ Produtos e Servi\u00e7os)\",\"Cuidados M\u00e9dicos \\\/ Sa\u00fade\",\"El\u00e9trica e Eletr\u00f4nica (Produtos \\\/ M\u00e1quinas)\",\"Equipamento de bem-estar e enfermagem \\\/ Reabilita\u00e7\u00e3o\",\"Fitness\",\"Hotelaria \\\/ Restaurante e Catering\",\"Industria Viva\",\"Informa\u00e7\u00e3o \\\/ Telecomunica\u00e7\u00e3o\",\"Jap\u00e3o\",\"M\u00e1quinas \\\/ Tecnologia Industrial\",\"M\u00f3veis e M\u00f3veis \\\/ Pe\u00e7as\",\"Outras m\u00e1quinas e equipamentos industriais\",\"Publicidade \\\/ Marketing \\\/ Administra\u00e7\u00e3o de Empresas\",\"Seguran\u00e7a \\\/ Prote\u00e7\u00e3o \\\/ Prote\u00e7\u00e3o contra Inc\u00eandio \\\/ Pol\u00edcia \\\/ Defesa\",\"Seguran\u00e7a e Sa\u00fade Ocupacional \\\/ Gest\u00e3o Trabalhista\",\"Servi\u00e7os\",\"Telecomunica\u00e7\u00f5es \\\/ Processamento de Dados \\\/ Inform\u00e1tica\",\"Teste \\\/ Medi\u00e7\u00e3o e An\u00e1lise \\\/ Mec\u00e2nica de Precis\u00e3o\"],\"articleSection\":[\"The 3rd CareTEX Tokyo '26 Summer\"],\"inLanguage\":\"pt-PT\",\"potentialAction\":[{\"@type\":\"CommentAction\",\"name\":\"Comment\",\"target\":[\"https:\\\/\\\/www.worldtradeshow.tv\\\/portuguese\\\/video\\\/caretex-tokyo-summer-2026-japan\\\/noman-scoville-co-ltd-the-3rd-caretex-tokyo-26-summer\\\/#respond\"]}]},{\"@type\":\"WebPage\",\"@id\":\"https:\\\/\\\/www.worldtradeshow.tv\\\/portuguese\\\/video\\\/caretex-tokyo-summer-2026-japan\\\/noman-scoville-co-ltd-the-3rd-caretex-tokyo-26-summer\\\/\",\"url\":\"https:\\\/\\\/www.worldtradeshow.tv\\\/portuguese\\\/video\\\/caretex-tokyo-summer-2026-japan\\\/noman-scoville-co-ltd-the-3rd-caretex-tokyo-26-summer\\\/\",\"name\":\"ningu\u00e9m - scoville Co., Ltd [The 3rd CareTEX Tokyo '26 Summer] \u2013 V\u00eddeo da Feira | WorldTradeShow.TV\",\"isPartOf\":{\"@id\":\"https:\\\/\\\/www.worldtradeshow.tv\\\/portuguese\\\/#website\"},\"primaryImageOfPage\":{\"@id\":\"https:\\\/\\\/www.worldtradeshow.tv\\\/portuguese\\\/video\\\/caretex-tokyo-summer-2026-japan\\\/noman-scoville-co-ltd-the-3rd-caretex-tokyo-26-summer\\\/#primaryimage\"},\"image\":{\"@id\":\"https:\\\/\\\/www.worldtradeshow.tv\\\/portuguese\\\/video\\\/caretex-tokyo-summer-2026-japan\\\/noman-scoville-co-ltd-the-3rd-caretex-tokyo-26-summer\\\/#primaryimage\"},\"thumbnailUrl\":\"https:\\\/\\\/www.worldtradeshow.tv\\\/portuguese\\\/wp-content\\\/uploads\\\/2026\\\/08\\\/maxresdefault-61.jpg\",\"datePublished\":\"2026-08-27T05:55:45+00:00\",\"dateModified\":\"2026-09-01T01:29:18+00:00\",\"author\":{\"@id\":\"https:\\\/\\\/www.worldtradeshow.tv\\\/portuguese\\\/#\\\/schema\\\/person\\\/3ea75b2b0542da77a7d411f29d033ddc\"},\"breadcrumb\":{\"@id\":\"https:\\\/\\\/www.worldtradeshow.tv\\\/portuguese\\\/video\\\/caretex-tokyo-summer-2026-japan\\\/noman-scoville-co-ltd-the-3rd-caretex-tokyo-26-summer\\\/#breadcrumb\"},\"inLanguage\":\"pt-PT\",\"potentialAction\":[{\"@type\":\"ReadAction\",\"target\":[\"https:\\\/\\\/www.worldtradeshow.tv\\\/portuguese\\\/video\\\/caretex-tokyo-summer-2026-japan\\\/noman-scoville-co-ltd-the-3rd-caretex-tokyo-26-summer\\\/\"]}]},{\"@type\":\"ImageObject\",\"inLanguage\":\"pt-PT\",\"@id\":\"https:\\\/\\\/www.worldtradeshow.tv\\\/portuguese\\\/video\\\/caretex-tokyo-summer-2026-japan\\\/noman-scoville-co-ltd-the-3rd-caretex-tokyo-26-summer\\\/#primaryimage\",\"url\":\"https:\\\/\\\/www.worldtradeshow.tv\\\/portuguese\\\/wp-content\\\/uploads\\\/2026\\\/08\\\/maxresdefault-61.jpg\",\"contentUrl\":\"https:\\\/\\\/www.worldtradeshow.tv\\\/portuguese\\\/wp-content\\\/uploads\\\/2026\\\/08\\\/maxresdefault-61.jpg\",\"width\":1280,\"height\":720},{\"@type\":\"BreadcrumbList\",\"@id\":\"https:\\\/\\\/www.worldtradeshow.tv\\\/portuguese\\\/video\\\/caretex-tokyo-summer-2026-japan\\\/noman-scoville-co-ltd-the-3rd-caretex-tokyo-26-summer\\\/#breadcrumb\",\"itemListElement\":[{\"@type\":\"ListItem\",\"position\":1,\"name\":\"In\u00edcio\",\"item\":\"https:\\\/\\\/www.worldtradeshow.tv\\\/portuguese\\\/\"},{\"@type\":\"ListItem\",\"position\":2,\"name\":\"ningu\u00e9m - scoville Co., Ltd [The 3rd CareTEX Tokyo '26 Summer]\"}]},{\"@type\":\"WebSite\",\"@id\":\"https:\\\/\\\/www.worldtradeshow.tv\\\/portuguese\\\/#website\",\"url\":\"https:\\\/\\\/www.worldtradeshow.tv\\\/portuguese\\\/\",\"name\":\"V\u00eddeos de Feiras Internacionais e Novos Produtos \u2013 WorldTradeShow.TV\",\"description\":\"Descubra v\u00eddeos de feiras internacionais e novos produtos em portugu\u00eas\",\"potentialAction\":[{\"@type\":\"SearchAction\",\"target\":{\"@type\":\"EntryPoint\",\"urlTemplate\":\"https:\\\/\\\/www.worldtradeshow.tv\\\/portuguese\\\/?s={search_term_string}\"},\"query-input\":{\"@type\":\"PropertyValueSpecification\",\"valueRequired\":true,\"valueName\":\"search_term_string\"}}],\"inLanguage\":\"pt-PT\"},{\"@type\":\"Person\",\"@id\":\"https:\\\/\\\/www.worldtradeshow.tv\\\/portuguese\\\/#\\\/schema\\\/person\\\/3ea75b2b0542da77a7d411f29d033ddc\",\"name\":\"user\",\"image\":{\"@type\":\"ImageObject\",\"inLanguage\":\"pt-PT\",\"@id\":\"https:\\\/\\\/secure.gravatar.com\\\/avatar\\\/b4c9a289323b21a01c3e940f150eb9b8c542587f1abfd8f0e1cc1ffc5e475514?s=96&d=mm&r=g\",\"url\":\"https:\\\/\\\/secure.gravatar.com\\\/avatar\\\/b4c9a289323b21a01c3e940f150eb9b8c542587f1abfd8f0e1cc1ffc5e475514?s=96&d=mm&r=g\",\"contentUrl\":\"https:\\\/\\\/secure.gravatar.com\\\/avatar\\\/b4c9a289323b21a01c3e940f150eb9b8c542587f1abfd8f0e1cc1ffc5e475514?s=96&d=mm&r=g\",\"caption\":\"user\"},\"sameAs\":[\"http:\\\/\\\/127.0.0.1\"]}]}<\/script>\n<meta property=\"og:video\" content=\"https:\/\/www.youtube.com\/embed\/-vG4wleWvCg\" \/>\n<meta property=\"og:video:type\" content=\"text\/html\" \/>\n<meta property=\"og:video:duration\" content=\"53\" \/>\n<meta property=\"og:video:width\" content=\"480\" \/>\n<meta property=\"og:video:height\" content=\"270\" \/>\n<meta property=\"ya:ovs:adult\" content=\"false\" \/>\n<meta property=\"ya:ovs:allow_embed\" content=\"true\" \/>\n<!-- \/ Yoast SEO plugin. -->","yoast_head_json":{"title":"ningu\u00e9m - scoville Co., Ltd [The 3rd CareTEX Tokyo '26 Summer] \u2013 V\u00eddeo da Feira | WorldTradeShow.TV","robots":{"index":"index","follow":"follow","max-snippet":"max-snippet:-1","max-image-preview":"max-image-preview:large","max-video-preview":"max-video-preview:-1"},"canonical":"https:\/\/www.worldtradeshow.tv\/portuguese\/video\/caretex-tokyo-summer-2026-japan\/noman-scoville-co-ltd-the-3rd-caretex-tokyo-26-summer\/","og_locale":"pt_PT","og_type":"article","og_title":"ningu\u00e9m - scoville Co., Ltd [The 3rd CareTEX Tokyo '26 Summer] \u2013 V\u00eddeo da Feira | WorldTradeShow.TV","og_description":"Na CareTEX Tokyo 2026 Summer, a scoville Co., Ltd. apresentou um servi\u00e7o de transcri\u00e7\u00e3o e documenta\u00e7\u00e3o de reuni\u00f5es com intelig\u00eancia artificial, especializado para o setor de cuidados de enfermagem. O servi\u00e7o foi projetado para dar suporte a uma ampla\u2026","og_url":"https:\/\/www.worldtradeshow.tv\/portuguese\/video\/caretex-tokyo-summer-2026-japan\/noman-scoville-co-ltd-the-3rd-caretex-tokyo-26-summer\/","og_site_name":"V\u00eddeos de Feiras Internacionais e Novos Produtos \u2013 WorldTradeShow.TV","article_publisher":"https:\/\/www.facebook.com\/tenji.tv","article_published_time":"2026-08-27T05:55:45+00:00","article_modified_time":"2026-09-01T01:29:18+00:00","og_image":[{"width":1280,"height":720,"url":"https:\/\/www.worldtradeshow.tv\/portuguese\/wp-content\/uploads\/2026\/08\/maxresdefault-61.jpg","type":"image\/jpeg"}],"author":"user","twitter_card":"summary_large_image","twitter_misc":{"Escrito por":"user","Tempo estimado de leitura":"3 minutos"},"schema":{"@context":"https:\/\/schema.org","@graph":[{"@type":"Article","@id":"https:\/\/www.worldtradeshow.tv\/portuguese\/video\/caretex-tokyo-summer-2026-japan\/noman-scoville-co-ltd-the-3rd-caretex-tokyo-26-summer\/#article","isPartOf":{"@id":"https:\/\/www.worldtradeshow.tv\/portuguese\/video\/caretex-tokyo-summer-2026-japan\/noman-scoville-co-ltd-the-3rd-caretex-tokyo-26-summer\/"},"author":{"name":"user","@id":"https:\/\/www.worldtradeshow.tv\/portuguese\/#\/schema\/person\/3ea75b2b0542da77a7d411f29d033ddc"},"headline":"ningu\u00e9m - scoville Co., Ltd [The 3rd CareTEX Tokyo '26 Summer]","datePublished":"2026-08-27T05:55:45+00:00","dateModified":"2026-09-01T01:29:18+00:00","mainEntityOfPage":{"@id":"https:\/\/www.worldtradeshow.tv\/portuguese\/video\/caretex-tokyo-summer-2026-japan\/noman-scoville-co-ltd-the-3rd-caretex-tokyo-26-summer\/"},"wordCount":668,"commentCount":0,"image":{"@id":"https:\/\/www.worldtradeshow.tv\/portuguese\/video\/caretex-tokyo-summer-2026-japan\/noman-scoville-co-ltd-the-3rd-caretex-tokyo-26-summer\/#primaryimage"},"thumbnailUrl":"https:\/\/www.worldtradeshow.tv\/portuguese\/wp-content\/uploads\/2026\/08\/maxresdefault-61.jpg","keywords":["Agricultura \/ Florestal \/ Pesca e Comida","Alimentos e Bebidas \/ Processamento de Alimentos","Cuidados de Sa\u00fade (Equipamentos \/ Produtos e Servi\u00e7os)","Cuidados M\u00e9dicos \/ Sa\u00fade","El\u00e9trica e Eletr\u00f4nica (Produtos \/ M\u00e1quinas)","Equipamento de bem-estar e enfermagem \/ Reabilita\u00e7\u00e3o","Fitness","Hotelaria \/ Restaurante e Catering","Industria Viva","Informa\u00e7\u00e3o \/ Telecomunica\u00e7\u00e3o","Jap\u00e3o","M\u00e1quinas \/ Tecnologia Industrial","M\u00f3veis e M\u00f3veis \/ Pe\u00e7as","Outras m\u00e1quinas e equipamentos industriais","Publicidade \/ Marketing \/ Administra\u00e7\u00e3o de Empresas","Seguran\u00e7a \/ Prote\u00e7\u00e3o \/ Prote\u00e7\u00e3o contra Inc\u00eandio \/ Pol\u00edcia \/ Defesa","Seguran\u00e7a e Sa\u00fade Ocupacional \/ Gest\u00e3o Trabalhista","Servi\u00e7os","Telecomunica\u00e7\u00f5es \/ Processamento de Dados \/ Inform\u00e1tica","Teste \/ Medi\u00e7\u00e3o e An\u00e1lise \/ Mec\u00e2nica de Precis\u00e3o"],"articleSection":["The 3rd CareTEX Tokyo '26 Summer"],"inLanguage":"pt-PT","potentialAction":[{"@type":"CommentAction","name":"Comment","target":["https:\/\/www.worldtradeshow.tv\/portuguese\/video\/caretex-tokyo-summer-2026-japan\/noman-scoville-co-ltd-the-3rd-caretex-tokyo-26-summer\/#respond"]}]},{"@type":"WebPage","@id":"https:\/\/www.worldtradeshow.tv\/portuguese\/video\/caretex-tokyo-summer-2026-japan\/noman-scoville-co-ltd-the-3rd-caretex-tokyo-26-summer\/","url":"https:\/\/www.worldtradeshow.tv\/portuguese\/video\/caretex-tokyo-summer-2026-japan\/noman-scoville-co-ltd-the-3rd-caretex-tokyo-26-summer\/","name":"ningu\u00e9m - scoville Co., Ltd [The 3rd CareTEX Tokyo '26 Summer] \u2013 V\u00eddeo da Feira | WorldTradeShow.TV","isPartOf":{"@id":"https:\/\/www.worldtradeshow.tv\/portuguese\/#website"},"primaryImageOfPage":{"@id":"https:\/\/www.worldtradeshow.tv\/portuguese\/video\/caretex-tokyo-summer-2026-japan\/noman-scoville-co-ltd-the-3rd-caretex-tokyo-26-summer\/#primaryimage"},"image":{"@id":"https:\/\/www.worldtradeshow.tv\/portuguese\/video\/caretex-tokyo-summer-2026-japan\/noman-scoville-co-ltd-the-3rd-caretex-tokyo-26-summer\/#primaryimage"},"thumbnailUrl":"https:\/\/www.worldtradeshow.tv\/portuguese\/wp-content\/uploads\/2026\/08\/maxresdefault-61.jpg","datePublished":"2026-08-27T05:55:45+00:00","dateModified":"2026-09-01T01:29:18+00:00","author":{"@id":"https:\/\/www.worldtradeshow.tv\/portuguese\/#\/schema\/person\/3ea75b2b0542da77a7d411f29d033ddc"},"breadcrumb":{"@id":"https:\/\/www.worldtradeshow.tv\/portuguese\/video\/caretex-tokyo-summer-2026-japan\/noman-scoville-co-ltd-the-3rd-caretex-tokyo-26-summer\/#breadcrumb"},"inLanguage":"pt-PT","potentialAction":[{"@type":"ReadAction","target":["https:\/\/www.worldtradeshow.tv\/portuguese\/video\/caretex-tokyo-summer-2026-japan\/noman-scoville-co-ltd-the-3rd-caretex-tokyo-26-summer\/"]}]},{"@type":"ImageObject","inLanguage":"pt-PT","@id":"https:\/\/www.worldtradeshow.tv\/portuguese\/video\/caretex-tokyo-summer-2026-japan\/noman-scoville-co-ltd-the-3rd-caretex-tokyo-26-summer\/#primaryimage","url":"https:\/\/www.worldtradeshow.tv\/portuguese\/wp-content\/uploads\/2026\/08\/maxresdefault-61.jpg","contentUrl":"https:\/\/www.worldtradeshow.tv\/portuguese\/wp-content\/uploads\/2026\/08\/maxresdefault-61.jpg","width":1280,"height":720},{"@type":"BreadcrumbList","@id":"https:\/\/www.worldtradeshow.tv\/portuguese\/video\/caretex-tokyo-summer-2026-japan\/noman-scoville-co-ltd-the-3rd-caretex-tokyo-26-summer\/#breadcrumb","itemListElement":[{"@type":"ListItem","position":1,"name":"In\u00edcio","item":"https:\/\/www.worldtradeshow.tv\/portuguese\/"},{"@type":"ListItem","position":2,"name":"ningu\u00e9m - scoville Co., Ltd [The 3rd CareTEX Tokyo '26 Summer]"}]},{"@type":"WebSite","@id":"https:\/\/www.worldtradeshow.tv\/portuguese\/#website","url":"https:\/\/www.worldtradeshow.tv\/portuguese\/","name":"V\u00eddeos de Feiras Internacionais e Novos Produtos \u2013 WorldTradeShow.TV","description":"Descubra v\u00eddeos de feiras internacionais e novos produtos em portugu\u00eas","potentialAction":[{"@type":"SearchAction","target":{"@type":"EntryPoint","urlTemplate":"https:\/\/www.worldtradeshow.tv\/portuguese\/?s={search_term_string}"},"query-input":{"@type":"PropertyValueSpecification","valueRequired":true,"valueName":"search_term_string"}}],"inLanguage":"pt-PT"},{"@type":"Person","@id":"https:\/\/www.worldtradeshow.tv\/portuguese\/#\/schema\/person\/3ea75b2b0542da77a7d411f29d033ddc","name":"user","image":{"@type":"ImageObject","inLanguage":"pt-PT","@id":"https:\/\/secure.gravatar.com\/avatar\/b4c9a289323b21a01c3e940f150eb9b8c542587f1abfd8f0e1cc1ffc5e475514?s=96&d=mm&r=g","url":"https:\/\/secure.gravatar.com\/avatar\/b4c9a289323b21a01c3e940f150eb9b8c542587f1abfd8f0e1cc1ffc5e475514?s=96&d=mm&r=g","contentUrl":"https:\/\/secure.gravatar.com\/avatar\/b4c9a289323b21a01c3e940f150eb9b8c542587f1abfd8f0e1cc1ffc5e475514?s=96&d=mm&r=g","caption":"user"},"sameAs":["http:\/\/127.0.0.1"]}]},"og_video":"https:\/\/www.youtube.com\/embed\/-vG4wleWvCg","og_video_type":"text\/html","og_video_duration":"53","og_video_width":"480","og_video_height":"270","ya_ovs_adult":"false","ya_ovs_allow_embed":"true"},"cmb2":{"poster_feature_image":{"vid_m_player_background":"on","vid_m_poster_image":"","vid_m_poster_image_id":""},"gif_feature_image":{"vid_m_gif_image":"","vid_m_gif_image_id":""},"video_movie_settings":{"vid_m_director":"","vid_m_actor":"","vid_m_imdb_ratings":"","vid_m_amazon_associates":"","vid_m_vid_tmdb_movie":"","vid_m_vid_tmdb_tv_shows":"","vid_m_vid_tmdb_thumb":"backdrop_sizes"},"vid_ads_m_videoads_settings_post":{"vid_ads_m_video_ads":"","vid_ads_m_video_ads_type":"","vid_ads_m_group_google_ima":"","vid_ads_m_group_image":"","vid_ads_m_group_html5_video":"","vid_ads_m_group_html":"","vid_ads_m_vpaid_mode":"","vid_ads_m_vast_preroll":"","vid_ads_m_vast_postroll":"","vid_ads_m_vast_pauseroll":"","vid_ads_m_vast_midroll":"","vid_ads_m_group_dynamic":"","vid_ads_m_time_to_show_ads":"","vid_ads_m_time_skip_ads":"","vid_ads_m_time_to_hide_ads":""},"feature_image_settings":{"feature_image_position":""},"video_player_settings":{"single_video_style":"","video_player_position":"","vm_video_url_btn_choose":"","vm_video_url_btn_choose_id":"","vm_video_url":"https:\/\/www.youtube.com\/watch?v=-vG4wleWvCg","vm_video_ratio":"16:9","vm_video_ratio_mobile":"16:9","video_player_library":"","plyr_player":"","video_streaming":"","vm_video_shortcode":"","vm_video_timelapse":"","vm_media_subtitles":"","vm_media_sources":"","vid_vtt_preview":"","vid_vtt_preview_vtt_file":"","vid_vtt_preview_vtt_file_id":"","vid_vtt_preview_sprite_image":"","vid_vtt_preview_sprite_image_id":"","vid_auto_play":"","vid_preview_mode":"","vm_video_trailer_manl_url":"","vm_screenshot_preview":"","vid_tags":"","vid_p_sync_playlist":"","vid_c_sync_channel":"","get_post_format":"","multiple_links_structure":"default","multi_links_title":"","original_video_title":"","multi_links_series":"","vm_video_multi_links":"","vm_duration":"","vid_social_locker":"","vid_locker_mode":"social","vid_social_locker_id":"","vid_social_email_locker_id":"","vid_social_signin_locker_id":"","sv_login_to_watch":"","vid_membership_action":"content-video","vm_video_trailer_url":"","vid_download_type":"free","vid_download_target":"download","vid_woo_product":"","vid_download_mode":"","vid_download_mode_trailer":"","vm_media_download":"","user_rating":"","user_rating_position":"","user_rating_mode":"","user_rating_multi_sets":"","ads_above_single_player":""},"video_auto_fetch_settings":{"vm_video_fetch":"on"},"video_fake_views_likes":{"vm_fake_views":"","vm_fake_likes":"","vm_fake_dislikes":""},"gallery_settings":{"gallery_position":""},"quote_settings":{"quote_position":""},"post_options":{"main_layout":"","main_logo":"","main_logo_id":"","main_logo_retina":"","main_logo_retina_id":"","main_logo_mobile":"","main_logo_mobile_id":"","main_logo_mobile_retina":"","main_logo_mobile_retina_id":"","sticky_logo":"","sticky_logo_id":"","sticky_logo_retina":"","sticky_logo_retina_id":"","main_nav_layout":"","header_background":"","theme_sidebar":"","single_post_comment_type":"","theme_background":""}},"_links":{"self":[{"href":"https:\/\/www.worldtradeshow.tv\/portuguese\/wp-json\/wp\/v2\/posts\/98541","targetHints":{"allow":["GET"]}}],"collection":[{"href":"https:\/\/www.worldtradeshow.tv\/portuguese\/wp-json\/wp\/v2\/posts"}],"about":[{"href":"https:\/\/www.worldtradeshow.tv\/portuguese\/wp-json\/wp\/v2\/types\/post"}],"author":[{"embeddable":true,"href":"https:\/\/www.worldtradeshow.tv\/portuguese\/wp-json\/wp\/v2\/users\/1"}],"replies":[{"embeddable":true,"href":"https:\/\/www.worldtradeshow.tv\/portuguese\/wp-json\/wp\/v2\/comments?post=98541"}],"version-history":[{"count":1,"href":"https:\/\/www.worldtradeshow.tv\/portuguese\/wp-json\/wp\/v2\/posts\/98541\/revisions"}],"predecessor-version":[{"id":98542,"href":"https:\/\/www.worldtradeshow.tv\/portuguese\/wp-json\/wp\/v2\/posts\/98541\/revisions\/98542"}],"wp:featuredmedia":[{"embeddable":true,"href":"https:\/\/www.worldtradeshow.tv\/portuguese\/wp-json\/wp\/v2\/media\/98543"}],"wp:attachment":[{"href":"https:\/\/www.worldtradeshow.tv\/portuguese\/wp-json\/wp\/v2\/media?parent=98541"}],"wp:term":[{"taxonomy":"category","embeddable":true,"href":"https:\/\/www.worldtradeshow.tv\/portuguese\/wp-json\/wp\/v2\/categories?post=98541"},{"taxonomy":"post_tag","embeddable":true,"href":"https:\/\/www.worldtradeshow.tv\/portuguese\/wp-json\/wp\/v2\/tags?post=98541"}],"curies":[{"name":"wp","href":"https:\/\/api.w.org\/{rel}","templated":true}]}}