{"id":98608,"date":"2026-08-31T03:23:14","date_gmt":"2026-08-31T03:23:14","guid":{"rendered":"https:\/\/www.worldtradeshow.tv\/german\/?p=98608"},"modified":"2026-09-01T01:28:52","modified_gmt":"2026-09-01T01:28:52","slug":"byd-q3-ev-tractor-rever-commercial-vehicles-tilog-logistix-2026","status":"publish","type":"post","link":"https:\/\/www.worldtradeshow.tv\/german\/video\/tilog-logistix-2026-thailand\/byd-q3-ev-tractor-rever-commercial-vehicles-tilog-logistix-2026\/","title":{"rendered":"BYD Q3 EV Traktor - Rever Commercial Vehicles [TILOG-LOGISTIX 2026]"},"content":{"rendered":"<div class=\"entry-content \">\n<blockquote class=\"wp-block-quote\">\n<p>R\u00caVER COMMERCIAL VEHICLES CO., LTD. pr\u00e4sentierte auf der TILOG-LOGISTIX 2026 elektrische Nutzfahrzeuge, darunter die elektrische Sattelzugmaschine Q3 mit einer 400-kWh-Batterie und einen leichten Nutzfahrzeug (LCV). Das Unternehmen stellte diese Fahrzeuge als L\u00f6sungen f\u00fcr die Elektrifizierung von Logistik und G\u00fctertransport vor.<\/p>\n<p>Laut Unternehmenspr\u00e4sentation bietet der Q3 eine Reichweite von ca. 360 km unbeladen und rund 230 km voll beladen. Der Akku l\u00e4sst sich in ca. 45 Minuten von 20 % auf 80 % aufladen. Das Unternehmen erkl\u00e4rte au\u00dferdem, dass seine Ladel\u00f6sung mehrere gleichzeitige Anschl\u00fcsse und eine Ladeleistung von 180 kW unterst\u00fctzt, w\u00e4hrend das Fahrzeug auch 240-kW-Ladestationen anschlie\u00dft.<\/p>\n<p>R\u00caVER Commercial Vehicles hob zudem den Kundendienst hervor, der den reibungslosen Betrieb von Nutzfahrzeugflotten nach der Inbetriebnahme gew\u00e4hrleisten soll. Dazu geh\u00f6ren mobile Serviceleistungen und planm\u00e4\u00dfige Wartung. Durch die Kombination von Elektro-Lkw mit Ladem\u00f6glichkeiten und fortlaufender Wartung pr\u00e4sentierte das Unternehmen einen umfassenderen Ansatz, um Logistikunternehmen beim Umstieg auf elektrische Nutzfahrzeuge zu unterst\u00fctzen.<\/p>\n<\/blockquote>\n<div class=\"video-summary-grid\">\n<div class=\"summary-card\">\n<h3>Angegangene Herausforderungen<\/h3>\n<ul>\n<li><a href=\"\/german\/?s=Elektrifizierung%20von%20Logistik-%20und%20G%C3%BCterfahrzeugen&#038;post_type=post\">Elektrifizierung von Logistik- und G\u00fcterfahrzeugen<\/a><\/li>\n<li><a href=\"\/german\/?s=Reichweitenanforderungen%20f%C3%BCr%20Elektro-Lkw&#038;post_type=post\">Reichweitenanforderungen f\u00fcr Elektro-Lkw<\/a><\/li>\n<li><a href=\"\/german\/?s=Laden%20und%20Warten%20von%20elektrischen%20Nutzfahrzeugflotten&#038;post_type=post\">Laden und Warten von elektrischen Nutzfahrzeugflotten<\/a><\/li>\n<\/ul>\n<\/div>\n<div class=\"summary-card\">\n<h3>L\u00f6sungen<\/h3>\n<ul>\n<li><a href=\"\/german\/?s=Q3%20Elektro-Sattelzugmaschine&#038;post_type=post\">Q3 Elektro-Sattelzugmaschine<\/a><\/li>\n<li><a href=\"\/german\/?s=Schnellladeunterst%C3%BCtzung%20f%C3%BCr%20elektrische%20Nutzfahrzeuge&#038;post_type=post\">Schnellladeunterst\u00fctzung f\u00fcr elektrische Nutzfahrzeuge<\/a><\/li>\n<li><a href=\"\/german\/?s=Mobiler%20Service%20und%20vorbeugende%20Wartung&#038;post_type=post\">Mobiler Service und vorbeugende Wartung<\/a><\/li>\n<\/ul>\n<\/div>\n<div class=\"summary-card\">\n<h3>Zielkunden<\/h3>\n<ul>\n<li><a href=\"\/german\/?s=Logistik-%20und%20Transportunternehmen&#038;post_type=post\">Logistik- und Transportunternehmen<\/a><\/li>\n<li><a href=\"\/german\/?s=G%C3%BCtertransportunternehmen&#038;post_type=post\">G\u00fctertransportunternehmen<\/a><\/li>\n<li><a href=\"\/german\/?s=Betreiber%20von%20kommerziellen%20Flotten&#038;post_type=post\">Betreiber von kommerziellen Flotten<\/a><\/li>\n<\/ul>\n<\/div>\n<\/div>\n<div class=\"video-faq\">\n<h3 class=\"faq-heading\">H\u00e4ufig gestellte Fragen<\/h3>\n<details class=\"faq-item\">\n<summary>Welche Reichweite hat die elektrische Sattelzugmaschine Q3?<\/summary>\n<div class=\"faq-answer\">Laut Unternehmensangaben ist der Q3 mit einer 400-kWh-Batterie ausgestattet und bietet eine Reichweite von ca. 360 km im unbeladenen Zustand und rund 230 km bei voller Beladung.<\/div>\n<\/details>\n<details class=\"faq-item\">\n<summary>Wie lange dauert das Aufladen des Q3?<\/summary>\n<div class=\"faq-answer\">Das Unternehmen erkl\u00e4rte, dass der Akku in etwa 45 Minuten von 20 % auf 80 % aufgeladen werden kann. Die Pr\u00e4sentation umfasste au\u00dferdem die Unterst\u00fctzung f\u00fcr 180-kW-Laden und die Kompatibilit\u00e4t mit 240-kW-Ladestationen.<\/div>\n<\/details>\n<details class=\"faq-item\">\n<summary>Bietet R\u00caVER Nutzfahrzeuge einen Kundendienst an?<\/summary>\n<div class=\"faq-answer\">Ja. Das Unternehmen gab an, Kundendienstleistungen wie mobilen Service und planm\u00e4\u00dfige vorbeugende Wartung anzubieten, um den kontinuierlichen Fahrzeugbetrieb zu gew\u00e4hrleisten.<\/div>\n<\/details>\n<\/div>\n<details class=\"video-transcript\">\n<summary>Videotranskript ansehen<\/summary>\n<div class=\"transcript-content\">Das ist Rever Nutzfahrzeuge. Heute pr\u00e4sentieren wir Ihnen elektrische Sattelzugmaschinen und leichte Nutzfahrzeuge (LCV). Dies ist das Modell Q3 mit einer 400-kWh-Batterie. Es hat eine Reichweite von 360 Kilometern im Leerzustand und ca. 230 Kilometern mit voller Ladung. Dieses Modell kann in etwa 45 Minuten von 20 % auf 80 % geladen werden. Das Ladeger\u00e4t unterst\u00fctzt mehrere gleichzeitige Anschl\u00fcsse und verarbeitet 180 kW Leistung. Es ist f\u00fcr 240-kW-Ladestationen geeignet. Wir bieten einen Kundendienst inklusive mobilem Service und vorbeugender Wartung in geraden Zyklen.<\/div>\n<\/details>\n<\/div>\n","protected":false},"excerpt":{"rendered":"<p>R\u00caVER COMMERCIAL VEHICLES CO., LTD. pr\u00e4sentierte auf der TILOG-LOGISTIX 2026 elektrische Nutzfahrzeuge, darunter die elektrische Sattelzugmaschine Q3 mit einer 400-kWh-Batterie und einen leichten Nutzfahrzeug (LCV). Das Unternehmen stellte diese Fahr\u2026<\/p>\n","protected":false},"author":1,"featured_media":98610,"comment_status":"open","ping_status":"open","sticky":false,"template":"","format":"video","meta":{"_acf_changed":false,"footnotes":""},"categories":[801],"tags":[534,587,510,13,5,522,535,598,45,85,612,637,635,42,559,594,497,498,69,10,43,549,560,544],"class_list":["post-98608","post","type-post","status-publish","format-video","has-post-thumbnail","hentry","category-tilog-logistix-2026-thailand","tag-machinery-industrial-technology-7","tag-transportation-logistics-packaging-1","tag-building-construction-1","tag-building-construction","tag-services","tag-machinery-industrial-technology-6","tag-machinery-industrial-technology-8","tag-services-4","tag-information-telecommunication","tag-innovation-startups","tag-transportation-logistics-packaging-8","tag-transportation-logistics-packaging-6","tag-transportation-logistics-packaging-4","tag-machinery-industrial-technology","tag-machinery-industrial-technology-4","tag-machinery-industrial-technology-5","tag-machinery-industrial-technology-9","tag-information-telecommunication-1","tag-thailand","tag-transportation-logistics-packaging","tag-environment","tag-environment-1","tag-transportation-logistics-packaging-9","tag-services-3","post_format-post-format-video"],"acf":[],"yoast_head":"<!-- This site is optimized with the Yoast SEO plugin v27.7 - https:\/\/yoast.com\/product\/yoast-seo-wordpress\/ -->\n<title>BYD Q3 EV Traktor - Rever Commercial Vehicles [TILOG-LOGISTIX 2026] \u2013 Aussteller Video | WorldTradeShow.TV<\/title>\n<meta name=\"robots\" content=\"index, follow, max-snippet:-1, max-image-preview:large, max-video-preview:-1\" \/>\n<link rel=\"canonical\" href=\"https:\/\/www.worldtradeshow.tv\/german\/video\/tilog-logistix-2026-thailand\/byd-q3-ev-tractor-rever-commercial-vehicles-tilog-logistix-2026\/\" \/>\n<meta property=\"og:locale\" content=\"de_DE\" \/>\n<meta property=\"og:type\" content=\"article\" \/>\n<meta property=\"og:title\" content=\"BYD Q3 EV Traktor - Rever Commercial Vehicles [TILOG-LOGISTIX 2026] \u2013 Aussteller Video | WorldTradeShow.TV\" \/>\n<meta property=\"og:description\" content=\"R\u00caVER COMMERCIAL VEHICLES CO., LTD. pr\u00e4sentierte auf der TILOG-LOGISTIX 2026 elektrische Nutzfahrzeuge, darunter die elektrische Sattelzugmaschine Q3 mit einer 400-kWh-Batterie und einen leichten Nutzfahrzeug (LCV). Das Unternehmen stellte diese Fahr\u2026\" \/>\n<meta property=\"og:url\" content=\"https:\/\/www.worldtradeshow.tv\/german\/video\/tilog-logistix-2026-thailand\/byd-q3-ev-tractor-rever-commercial-vehicles-tilog-logistix-2026\/\" \/>\n<meta property=\"og:site_name\" content=\"Videos von Internationalen Messen und Neuen Produkten \u2013 WorldTradeShow.TV\" \/>\n<meta property=\"article:publisher\" content=\"https:\/\/www.facebook.com\/tenji.tv\" \/>\n<meta property=\"article:published_time\" content=\"2026-08-31T03:23:14+00:00\" \/>\n<meta property=\"article:modified_time\" content=\"2026-09-01T01:28:52+00:00\" \/>\n<meta property=\"og:image\" content=\"https:\/\/www.worldtradeshow.tv\/german\/wp-content\/uploads\/2026\/08\/maxresdefault-79.jpg\" \/>\n\t<meta property=\"og:image:width\" content=\"1280\" \/>\n\t<meta property=\"og:image:height\" content=\"720\" \/>\n\t<meta property=\"og:image:type\" content=\"image\/jpeg\" \/>\n<meta name=\"author\" content=\"user\" \/>\n<meta name=\"twitter:card\" content=\"summary_large_image\" \/>\n<meta name=\"twitter:creator\" content=\"@tenjitv\" \/>\n<meta name=\"twitter:site\" content=\"@tenjitv\" \/>\n<meta name=\"twitter:label1\" content=\"Verfasst von\" \/>\n\t<meta name=\"twitter:data1\" content=\"user\" \/>\n\t<meta name=\"twitter:label2\" content=\"Gesch\u00e4tzte Lesezeit\" \/>\n\t<meta name=\"twitter:data2\" content=\"2\u00a0Minuten\" \/>\n<script type=\"application\/ld+json\" class=\"yoast-schema-graph\">{\"@context\":\"https:\\\/\\\/schema.org\",\"@graph\":[{\"@type\":\"Article\",\"@id\":\"https:\\\/\\\/www.worldtradeshow.tv\\\/german\\\/video\\\/tilog-logistix-2026-thailand\\\/byd-q3-ev-tractor-rever-commercial-vehicles-tilog-logistix-2026\\\/#article\",\"isPartOf\":{\"@id\":\"https:\\\/\\\/www.worldtradeshow.tv\\\/german\\\/video\\\/tilog-logistix-2026-thailand\\\/byd-q3-ev-tractor-rever-commercial-vehicles-tilog-logistix-2026\\\/\"},\"author\":{\"name\":\"user\",\"@id\":\"https:\\\/\\\/www.worldtradeshow.tv\\\/german\\\/#\\\/schema\\\/person\\\/dfcf88025bf6b941072148407e2bde58\"},\"headline\":\"BYD Q3 EV Traktor - Rever Commercial Vehicles [TILOG-LOGISTIX 2026]\",\"datePublished\":\"2026-08-31T03:23:14+00:00\",\"dateModified\":\"2026-09-01T01:28:52+00:00\",\"mainEntityOfPage\":{\"@id\":\"https:\\\/\\\/www.worldtradeshow.tv\\\/german\\\/video\\\/tilog-logistix-2026-thailand\\\/byd-q3-ev-tractor-rever-commercial-vehicles-tilog-logistix-2026\\\/\"},\"wordCount\":397,\"commentCount\":0,\"image\":{\"@id\":\"https:\\\/\\\/www.worldtradeshow.tv\\\/german\\\/video\\\/tilog-logistix-2026-thailand\\\/byd-q3-ev-tractor-rever-commercial-vehicles-tilog-logistix-2026\\\/#primaryimage\"},\"thumbnailUrl\":\"https:\\\/\\\/www.worldtradeshow.tv\\\/german\\\/wp-content\\\/uploads\\\/2026\\\/08\\\/maxresdefault-79.jpg\",\"keywords\":[\"Andere Industriemaschinen und -ger\u00e4te\",\"Automobile (inkl. Teile \\\/ Maschinen)\",\"Bau &amp; Konstruktion \\\/ Immobilien\",\"Bauen &amp; Konstruktion\",\"Dienstleistungen\",\"Elektrik und Elektronik (Produkte \\\/ Maschinen)\",\"Fertigungstechnik und Ingenieurwesen\",\"Finanzen \\\/ Banken \\\/ Versicherungen\",\"Information \\\/ Telekommunikation\",\"Innovation \\\/ Startups\",\"Logistik \\\/ Lagerung \\\/ Lagerung\",\"Luft- und Raumfahrt \\\/ Flughafenausr\u00fcstung\",\"Marine \\\/ Schiffbau \\\/ Schifffahrt \\\/ Hafenausr\u00fcstung\",\"Maschinen \\\/ Industrietechnik\",\"Materialtransport \\\/ Pneumatik\",\"Pr\u00fcfen \\\/ Messen &amp; Analysieren \\\/ Feinmechanik\",\"Spitzentechnologie \\\/ Materialien \\\/ Verbundwerkstoffe \\\/ Forschung und Entwicklung\",\"Telekommunikation \\\/ Datenverarbeitung \\\/ Computer\",\"Thailand\",\"Transport \\\/ Logistik \\\/ Verpackung\",\"Umfeld\",\"Umweltschutz \\\/ Abfallentsorgung \\\/ Recycling\",\"Verpackung (Materialien \\\/ Maschinen und Ger\u00e4te)\",\"Werbung \\\/ Marketing \\\/ Betriebswirtschaft\"],\"articleSection\":[\"TILOG-LOGISTIX 2026\"],\"inLanguage\":\"de\",\"potentialAction\":[{\"@type\":\"CommentAction\",\"name\":\"Comment\",\"target\":[\"https:\\\/\\\/www.worldtradeshow.tv\\\/german\\\/video\\\/tilog-logistix-2026-thailand\\\/byd-q3-ev-tractor-rever-commercial-vehicles-tilog-logistix-2026\\\/#respond\"]}]},{\"@type\":\"WebPage\",\"@id\":\"https:\\\/\\\/www.worldtradeshow.tv\\\/german\\\/video\\\/tilog-logistix-2026-thailand\\\/byd-q3-ev-tractor-rever-commercial-vehicles-tilog-logistix-2026\\\/\",\"url\":\"https:\\\/\\\/www.worldtradeshow.tv\\\/german\\\/video\\\/tilog-logistix-2026-thailand\\\/byd-q3-ev-tractor-rever-commercial-vehicles-tilog-logistix-2026\\\/\",\"name\":\"BYD Q3 EV Traktor - Rever Commercial Vehicles [TILOG-LOGISTIX 2026] \u2013 Aussteller Video | WorldTradeShow.TV\",\"isPartOf\":{\"@id\":\"https:\\\/\\\/www.worldtradeshow.tv\\\/german\\\/#website\"},\"primaryImageOfPage\":{\"@id\":\"https:\\\/\\\/www.worldtradeshow.tv\\\/german\\\/video\\\/tilog-logistix-2026-thailand\\\/byd-q3-ev-tractor-rever-commercial-vehicles-tilog-logistix-2026\\\/#primaryimage\"},\"image\":{\"@id\":\"https:\\\/\\\/www.worldtradeshow.tv\\\/german\\\/video\\\/tilog-logistix-2026-thailand\\\/byd-q3-ev-tractor-rever-commercial-vehicles-tilog-logistix-2026\\\/#primaryimage\"},\"thumbnailUrl\":\"https:\\\/\\\/www.worldtradeshow.tv\\\/german\\\/wp-content\\\/uploads\\\/2026\\\/08\\\/maxresdefault-79.jpg\",\"datePublished\":\"2026-08-31T03:23:14+00:00\",\"dateModified\":\"2026-09-01T01:28:52+00:00\",\"author\":{\"@id\":\"https:\\\/\\\/www.worldtradeshow.tv\\\/german\\\/#\\\/schema\\\/person\\\/dfcf88025bf6b941072148407e2bde58\"},\"breadcrumb\":{\"@id\":\"https:\\\/\\\/www.worldtradeshow.tv\\\/german\\\/video\\\/tilog-logistix-2026-thailand\\\/byd-q3-ev-tractor-rever-commercial-vehicles-tilog-logistix-2026\\\/#breadcrumb\"},\"inLanguage\":\"de\",\"potentialAction\":[{\"@type\":\"ReadAction\",\"target\":[\"https:\\\/\\\/www.worldtradeshow.tv\\\/german\\\/video\\\/tilog-logistix-2026-thailand\\\/byd-q3-ev-tractor-rever-commercial-vehicles-tilog-logistix-2026\\\/\"]}]},{\"@type\":\"ImageObject\",\"inLanguage\":\"de\",\"@id\":\"https:\\\/\\\/www.worldtradeshow.tv\\\/german\\\/video\\\/tilog-logistix-2026-thailand\\\/byd-q3-ev-tractor-rever-commercial-vehicles-tilog-logistix-2026\\\/#primaryimage\",\"url\":\"https:\\\/\\\/www.worldtradeshow.tv\\\/german\\\/wp-content\\\/uploads\\\/2026\\\/08\\\/maxresdefault-79.jpg\",\"contentUrl\":\"https:\\\/\\\/www.worldtradeshow.tv\\\/german\\\/wp-content\\\/uploads\\\/2026\\\/08\\\/maxresdefault-79.jpg\",\"width\":1280,\"height\":720},{\"@type\":\"BreadcrumbList\",\"@id\":\"https:\\\/\\\/www.worldtradeshow.tv\\\/german\\\/video\\\/tilog-logistix-2026-thailand\\\/byd-q3-ev-tractor-rever-commercial-vehicles-tilog-logistix-2026\\\/#breadcrumb\",\"itemListElement\":[{\"@type\":\"ListItem\",\"position\":1,\"name\":\"Startseite\",\"item\":\"https:\\\/\\\/www.worldtradeshow.tv\\\/german\\\/\"},{\"@type\":\"ListItem\",\"position\":2,\"name\":\"BYD Q3 EV Traktor - Rever Commercial Vehicles [TILOG-LOGISTIX 2026]\"}]},{\"@type\":\"WebSite\",\"@id\":\"https:\\\/\\\/www.worldtradeshow.tv\\\/german\\\/#website\",\"url\":\"https:\\\/\\\/www.worldtradeshow.tv\\\/german\\\/\",\"name\":\"Videos von Internationalen Messen und Neuen Produkten \u2013 WorldTradeShow.TV\",\"description\":\"Entdecken Sie Videos von internationalen Messen und neue Produkte auf Deutsch\",\"potentialAction\":[{\"@type\":\"SearchAction\",\"target\":{\"@type\":\"EntryPoint\",\"urlTemplate\":\"https:\\\/\\\/www.worldtradeshow.tv\\\/german\\\/?s={search_term_string}\"},\"query-input\":{\"@type\":\"PropertyValueSpecification\",\"valueRequired\":true,\"valueName\":\"search_term_string\"}}],\"inLanguage\":\"de\"},{\"@type\":\"Person\",\"@id\":\"https:\\\/\\\/www.worldtradeshow.tv\\\/german\\\/#\\\/schema\\\/person\\\/dfcf88025bf6b941072148407e2bde58\",\"name\":\"user\",\"image\":{\"@type\":\"ImageObject\",\"inLanguage\":\"de\",\"@id\":\"https:\\\/\\\/secure.gravatar.com\\\/avatar\\\/b4c9a289323b21a01c3e940f150eb9b8c542587f1abfd8f0e1cc1ffc5e475514?s=96&d=mm&r=g\",\"url\":\"https:\\\/\\\/secure.gravatar.com\\\/avatar\\\/b4c9a289323b21a01c3e940f150eb9b8c542587f1abfd8f0e1cc1ffc5e475514?s=96&d=mm&r=g\",\"contentUrl\":\"https:\\\/\\\/secure.gravatar.com\\\/avatar\\\/b4c9a289323b21a01c3e940f150eb9b8c542587f1abfd8f0e1cc1ffc5e475514?s=96&d=mm&r=g\",\"caption\":\"user\"},\"sameAs\":[\"http:\"]}]}<\/script>\n<meta property=\"og:video\" content=\"https:\/\/www.youtube.com\/embed\/Bpms-2oOfxU\" \/>\n<meta property=\"og:video:type\" content=\"text\/html\" \/>\n<meta property=\"og:video:duration\" content=\"57\" \/>\n<meta property=\"og:video:width\" content=\"480\" \/>\n<meta property=\"og:video:height\" content=\"270\" \/>\n<meta property=\"ya:ovs:adult\" content=\"false\" \/>\n<meta property=\"ya:ovs:allow_embed\" content=\"true\" \/>\n<!-- \/ Yoast SEO plugin. -->","yoast_head_json":{"title":"BYD Q3 EV Traktor - Rever Commercial Vehicles [TILOG-LOGISTIX 2026] \u2013 Aussteller Video | WorldTradeShow.TV","robots":{"index":"index","follow":"follow","max-snippet":"max-snippet:-1","max-image-preview":"max-image-preview:large","max-video-preview":"max-video-preview:-1"},"canonical":"https:\/\/www.worldtradeshow.tv\/german\/video\/tilog-logistix-2026-thailand\/byd-q3-ev-tractor-rever-commercial-vehicles-tilog-logistix-2026\/","og_locale":"de_DE","og_type":"article","og_title":"BYD Q3 EV Traktor - Rever Commercial Vehicles [TILOG-LOGISTIX 2026] \u2013 Aussteller Video | WorldTradeShow.TV","og_description":"R\u00caVER COMMERCIAL VEHICLES CO., LTD. pr\u00e4sentierte auf der TILOG-LOGISTIX 2026 elektrische Nutzfahrzeuge, darunter die elektrische Sattelzugmaschine Q3 mit einer 400-kWh-Batterie und einen leichten Nutzfahrzeug (LCV). Das Unternehmen stellte diese Fahr\u2026","og_url":"https:\/\/www.worldtradeshow.tv\/german\/video\/tilog-logistix-2026-thailand\/byd-q3-ev-tractor-rever-commercial-vehicles-tilog-logistix-2026\/","og_site_name":"Videos von Internationalen Messen und Neuen Produkten \u2013 WorldTradeShow.TV","article_publisher":"https:\/\/www.facebook.com\/tenji.tv","article_published_time":"2026-08-31T03:23:14+00:00","article_modified_time":"2026-09-01T01:28:52+00:00","og_image":[{"width":1280,"height":720,"url":"https:\/\/www.worldtradeshow.tv\/german\/wp-content\/uploads\/2026\/08\/maxresdefault-79.jpg","type":"image\/jpeg"}],"author":"user","twitter_card":"summary_large_image","twitter_creator":"@tenjitv","twitter_site":"@tenjitv","twitter_misc":{"Verfasst von":"user","Gesch\u00e4tzte Lesezeit":"2\u00a0Minuten"},"schema":{"@context":"https:\/\/schema.org","@graph":[{"@type":"Article","@id":"https:\/\/www.worldtradeshow.tv\/german\/video\/tilog-logistix-2026-thailand\/byd-q3-ev-tractor-rever-commercial-vehicles-tilog-logistix-2026\/#article","isPartOf":{"@id":"https:\/\/www.worldtradeshow.tv\/german\/video\/tilog-logistix-2026-thailand\/byd-q3-ev-tractor-rever-commercial-vehicles-tilog-logistix-2026\/"},"author":{"name":"user","@id":"https:\/\/www.worldtradeshow.tv\/german\/#\/schema\/person\/dfcf88025bf6b941072148407e2bde58"},"headline":"BYD Q3 EV Traktor - Rever Commercial Vehicles [TILOG-LOGISTIX 2026]","datePublished":"2026-08-31T03:23:14+00:00","dateModified":"2026-09-01T01:28:52+00:00","mainEntityOfPage":{"@id":"https:\/\/www.worldtradeshow.tv\/german\/video\/tilog-logistix-2026-thailand\/byd-q3-ev-tractor-rever-commercial-vehicles-tilog-logistix-2026\/"},"wordCount":397,"commentCount":0,"image":{"@id":"https:\/\/www.worldtradeshow.tv\/german\/video\/tilog-logistix-2026-thailand\/byd-q3-ev-tractor-rever-commercial-vehicles-tilog-logistix-2026\/#primaryimage"},"thumbnailUrl":"https:\/\/www.worldtradeshow.tv\/german\/wp-content\/uploads\/2026\/08\/maxresdefault-79.jpg","keywords":["Andere Industriemaschinen und -ger\u00e4te","Automobile (inkl. Teile \/ Maschinen)","Bau &amp; Konstruktion \/ Immobilien","Bauen &amp; Konstruktion","Dienstleistungen","Elektrik und Elektronik (Produkte \/ Maschinen)","Fertigungstechnik und Ingenieurwesen","Finanzen \/ Banken \/ Versicherungen","Information \/ Telekommunikation","Innovation \/ Startups","Logistik \/ Lagerung \/ Lagerung","Luft- und Raumfahrt \/ Flughafenausr\u00fcstung","Marine \/ Schiffbau \/ Schifffahrt \/ Hafenausr\u00fcstung","Maschinen \/ Industrietechnik","Materialtransport \/ Pneumatik","Pr\u00fcfen \/ Messen &amp; Analysieren \/ Feinmechanik","Spitzentechnologie \/ Materialien \/ Verbundwerkstoffe \/ Forschung und Entwicklung","Telekommunikation \/ Datenverarbeitung \/ Computer","Thailand","Transport \/ Logistik \/ Verpackung","Umfeld","Umweltschutz \/ Abfallentsorgung \/ Recycling","Verpackung (Materialien \/ Maschinen und Ger\u00e4te)","Werbung \/ Marketing \/ Betriebswirtschaft"],"articleSection":["TILOG-LOGISTIX 2026"],"inLanguage":"de","potentialAction":[{"@type":"CommentAction","name":"Comment","target":["https:\/\/www.worldtradeshow.tv\/german\/video\/tilog-logistix-2026-thailand\/byd-q3-ev-tractor-rever-commercial-vehicles-tilog-logistix-2026\/#respond"]}]},{"@type":"WebPage","@id":"https:\/\/www.worldtradeshow.tv\/german\/video\/tilog-logistix-2026-thailand\/byd-q3-ev-tractor-rever-commercial-vehicles-tilog-logistix-2026\/","url":"https:\/\/www.worldtradeshow.tv\/german\/video\/tilog-logistix-2026-thailand\/byd-q3-ev-tractor-rever-commercial-vehicles-tilog-logistix-2026\/","name":"BYD Q3 EV Traktor - Rever Commercial Vehicles [TILOG-LOGISTIX 2026] \u2013 Aussteller Video | WorldTradeShow.TV","isPartOf":{"@id":"https:\/\/www.worldtradeshow.tv\/german\/#website"},"primaryImageOfPage":{"@id":"https:\/\/www.worldtradeshow.tv\/german\/video\/tilog-logistix-2026-thailand\/byd-q3-ev-tractor-rever-commercial-vehicles-tilog-logistix-2026\/#primaryimage"},"image":{"@id":"https:\/\/www.worldtradeshow.tv\/german\/video\/tilog-logistix-2026-thailand\/byd-q3-ev-tractor-rever-commercial-vehicles-tilog-logistix-2026\/#primaryimage"},"thumbnailUrl":"https:\/\/www.worldtradeshow.tv\/german\/wp-content\/uploads\/2026\/08\/maxresdefault-79.jpg","datePublished":"2026-08-31T03:23:14+00:00","dateModified":"2026-09-01T01:28:52+00:00","author":{"@id":"https:\/\/www.worldtradeshow.tv\/german\/#\/schema\/person\/dfcf88025bf6b941072148407e2bde58"},"breadcrumb":{"@id":"https:\/\/www.worldtradeshow.tv\/german\/video\/tilog-logistix-2026-thailand\/byd-q3-ev-tractor-rever-commercial-vehicles-tilog-logistix-2026\/#breadcrumb"},"inLanguage":"de","potentialAction":[{"@type":"ReadAction","target":["https:\/\/www.worldtradeshow.tv\/german\/video\/tilog-logistix-2026-thailand\/byd-q3-ev-tractor-rever-commercial-vehicles-tilog-logistix-2026\/"]}]},{"@type":"ImageObject","inLanguage":"de","@id":"https:\/\/www.worldtradeshow.tv\/german\/video\/tilog-logistix-2026-thailand\/byd-q3-ev-tractor-rever-commercial-vehicles-tilog-logistix-2026\/#primaryimage","url":"https:\/\/www.worldtradeshow.tv\/german\/wp-content\/uploads\/2026\/08\/maxresdefault-79.jpg","contentUrl":"https:\/\/www.worldtradeshow.tv\/german\/wp-content\/uploads\/2026\/08\/maxresdefault-79.jpg","width":1280,"height":720},{"@type":"BreadcrumbList","@id":"https:\/\/www.worldtradeshow.tv\/german\/video\/tilog-logistix-2026-thailand\/byd-q3-ev-tractor-rever-commercial-vehicles-tilog-logistix-2026\/#breadcrumb","itemListElement":[{"@type":"ListItem","position":1,"name":"Startseite","item":"https:\/\/www.worldtradeshow.tv\/german\/"},{"@type":"ListItem","position":2,"name":"BYD Q3 EV Traktor - Rever Commercial Vehicles [TILOG-LOGISTIX 2026]"}]},{"@type":"WebSite","@id":"https:\/\/www.worldtradeshow.tv\/german\/#website","url":"https:\/\/www.worldtradeshow.tv\/german\/","name":"Videos von Internationalen Messen und Neuen Produkten \u2013 WorldTradeShow.TV","description":"Entdecken Sie Videos von internationalen Messen und neue Produkte auf Deutsch","potentialAction":[{"@type":"SearchAction","target":{"@type":"EntryPoint","urlTemplate":"https:\/\/www.worldtradeshow.tv\/german\/?s={search_term_string}"},"query-input":{"@type":"PropertyValueSpecification","valueRequired":true,"valueName":"search_term_string"}}],"inLanguage":"de"},{"@type":"Person","@id":"https:\/\/www.worldtradeshow.tv\/german\/#\/schema\/person\/dfcf88025bf6b941072148407e2bde58","name":"user","image":{"@type":"ImageObject","inLanguage":"de","@id":"https:\/\/secure.gravatar.com\/avatar\/b4c9a289323b21a01c3e940f150eb9b8c542587f1abfd8f0e1cc1ffc5e475514?s=96&d=mm&r=g","url":"https:\/\/secure.gravatar.com\/avatar\/b4c9a289323b21a01c3e940f150eb9b8c542587f1abfd8f0e1cc1ffc5e475514?s=96&d=mm&r=g","contentUrl":"https:\/\/secure.gravatar.com\/avatar\/b4c9a289323b21a01c3e940f150eb9b8c542587f1abfd8f0e1cc1ffc5e475514?s=96&d=mm&r=g","caption":"user"},"sameAs":["http:"]}]},"og_video":"https:\/\/www.youtube.com\/embed\/Bpms-2oOfxU","og_video_type":"text\/html","og_video_duration":"57","og_video_width":"480","og_video_height":"270","ya_ovs_adult":"false","ya_ovs_allow_embed":"true"},"cmb2":{"poster_feature_image":{"vid_m_player_background":"on","vid_m_poster_image":"","vid_m_poster_image_id":""},"gif_feature_image":{"vid_m_gif_image":"","vid_m_gif_image_id":""},"video_movie_settings":{"vid_m_director":"","vid_m_actor":"","vid_m_imdb_ratings":"","vid_m_amazon_associates":"","vid_m_vid_tmdb_movie":"","vid_m_vid_tmdb_tv_shows":"","vid_m_vid_tmdb_thumb":"backdrop_sizes"},"vid_ads_m_videoads_settings_post":{"vid_ads_m_video_ads":"","vid_ads_m_video_ads_type":"","vid_ads_m_group_google_ima":"","vid_ads_m_group_image":"","vid_ads_m_group_html5_video":"","vid_ads_m_group_html":"","vid_ads_m_vpaid_mode":"","vid_ads_m_vast_preroll":"","vid_ads_m_vast_postroll":"","vid_ads_m_vast_pauseroll":"","vid_ads_m_vast_midroll":"","vid_ads_m_group_dynamic":"","vid_ads_m_time_to_show_ads":"","vid_ads_m_time_skip_ads":"","vid_ads_m_time_to_hide_ads":""},"feature_image_settings":{"feature_image_position":""},"video_player_settings":{"single_video_style":"","video_player_position":"","vm_video_url_btn_choose":"","vm_video_url_btn_choose_id":"","vm_video_url":"https:\/\/www.youtube.com\/watch?v=Bpms-2oOfxU","vm_video_ratio":"16:9","vm_video_ratio_mobile":"16:9","video_player_library":"","plyr_player":"","video_streaming":"","vm_video_shortcode":"","vm_video_timelapse":"","vm_media_subtitles":"","vm_media_sources":"","vid_vtt_preview":"","vid_vtt_preview_vtt_file":"","vid_vtt_preview_vtt_file_id":"","vid_vtt_preview_sprite_image":"","vid_vtt_preview_sprite_image_id":"","vid_auto_play":"","vid_preview_mode":"","vm_video_trailer_manl_url":"","vm_screenshot_preview":"","vid_tags":"","vid_p_sync_playlist":"","vid_c_sync_channel":"","get_post_format":"","multiple_links_structure":"default","multi_links_title":"","original_video_title":"","multi_links_series":"","vm_video_multi_links":"","vm_duration":"","vid_social_locker":"","vid_locker_mode":"social","vid_social_locker_id":"","vid_social_email_locker_id":"","vid_social_signin_locker_id":"","sv_login_to_watch":"","vid_membership_action":"content-video","vm_video_trailer_url":"","vid_download_type":"free","vid_download_target":"download","vid_woo_product":"","vid_download_mode":"","vid_download_mode_trailer":"","vm_media_download":"","user_rating":"","user_rating_position":"","user_rating_mode":"","user_rating_multi_sets":"","ads_above_single_player":""},"video_auto_fetch_settings":{"vm_video_fetch":"on"},"video_fake_views_likes":{"vm_fake_views":"","vm_fake_likes":"","vm_fake_dislikes":""},"gallery_settings":{"gallery_position":""},"quote_settings":{"quote_position":""},"post_options":{"main_layout":"","main_logo":"","main_logo_id":"","main_logo_retina":"","main_logo_retina_id":"","main_logo_mobile":"","main_logo_mobile_id":"","main_logo_mobile_retina":"","main_logo_mobile_retina_id":"","sticky_logo":"","sticky_logo_id":"","sticky_logo_retina":"","sticky_logo_retina_id":"","main_nav_layout":"","header_background":"","theme_sidebar":"","single_post_comment_type":"","theme_background":""}},"_links":{"self":[{"href":"https:\/\/www.worldtradeshow.tv\/german\/wp-json\/wp\/v2\/posts\/98608","targetHints":{"allow":["GET"]}}],"collection":[{"href":"https:\/\/www.worldtradeshow.tv\/german\/wp-json\/wp\/v2\/posts"}],"about":[{"href":"https:\/\/www.worldtradeshow.tv\/german\/wp-json\/wp\/v2\/types\/post"}],"author":[{"embeddable":true,"href":"https:\/\/www.worldtradeshow.tv\/german\/wp-json\/wp\/v2\/users\/1"}],"replies":[{"embeddable":true,"href":"https:\/\/www.worldtradeshow.tv\/german\/wp-json\/wp\/v2\/comments?post=98608"}],"version-history":[{"count":1,"href":"https:\/\/www.worldtradeshow.tv\/german\/wp-json\/wp\/v2\/posts\/98608\/revisions"}],"predecessor-version":[{"id":98609,"href":"https:\/\/www.worldtradeshow.tv\/german\/wp-json\/wp\/v2\/posts\/98608\/revisions\/98609"}],"wp:featuredmedia":[{"embeddable":true,"href":"https:\/\/www.worldtradeshow.tv\/german\/wp-json\/wp\/v2\/media\/98610"}],"wp:attachment":[{"href":"https:\/\/www.worldtradeshow.tv\/german\/wp-json\/wp\/v2\/media?parent=98608"}],"wp:term":[{"taxonomy":"category","embeddable":true,"href":"https:\/\/www.worldtradeshow.tv\/german\/wp-json\/wp\/v2\/categories?post=98608"},{"taxonomy":"post_tag","embeddable":true,"href":"https:\/\/www.worldtradeshow.tv\/german\/wp-json\/wp\/v2\/tags?post=98608"}],"curies":[{"name":"wp","href":"https:\/\/api.w.org\/{rel}","templated":true}]}}