{"id":98582,"date":"2026-08-27T03:06:28","date_gmt":"2026-08-27T03:06:28","guid":{"rendered":"https:\/\/www.worldtradeshow.tv\/german\/?p=98582"},"modified":"2026-09-01T01:29:17","modified_gmt":"2026-09-01T01:29:17","slug":"care-records-care-connect-japan-inc-the-3rd-caretex-tokyo-26-summer","status":"publish","type":"post","link":"https:\/\/www.worldtradeshow.tv\/german\/video\/caretex-tokyo-summer-2026-japan\/care-records-care-connect-japan-inc-the-3rd-caretex-tokyo-26-summer\/","title":{"rendered":"Pflegedokumentation - CARE CONNECT JAPAN INC. [The 3rd CareTEX Tokyo '26 Summer]"},"content":{"rendered":"<div class=\"entry-content \">\n<blockquote class=\"wp-block-quote\">\n<p>Care Connect Japan, Inc. stellte auf der CareTEX Tokyo 2026 Summer \u201eCAREKARTE\u201c vor, ihre Software f\u00fcr Pflegedokumentation und Abrechnung. Das System ist darauf ausgelegt, die allt\u00e4glichen Verwaltungsabl\u00e4ufe in Pflegeeinrichtungen zu optimieren, einschlie\u00dflich der Dokumentation der geleisteten Pflege und der Abwicklung von Abrechnungsvorg\u00e4ngen, mit dem Ziel, dem Personal mehr Zeit f\u00fcr die direkte Betreuung der Bewohner zu erm\u00f6glichen.<\/p>\n<p>F\u00fcr die Dokumentation im direkten Patientenkontakt bietet das Unternehmen \u201eCAREKARTE Mobile\u201c an, mit dem Mitarbeiter Daten \u00fcber Tablets erfassen k\u00f6nnen, sowie \u201eHanasto\u201c, eine Spracheingabel\u00f6sung zur Reduzierung der manuellen Dateneingabe. Die erfassten Informationen lassen sich \u00fcber die Checklisten-Oberfl\u00e4che von \u201eCareMoni\u201c einsehen, was den Mitarbeitern hilft, Aufgaben zu best\u00e4tigen und Informationen im gesamten Pflegeteam auszutauschen.<\/p>\n<p>Das Unternehmen entwickelt au\u00dferdem \u201eCareKatte\u201c, das Standortdaten von Mitarbeitern und Bewohnern nutzt, um die automatische Erstellung von Pflegedokumentationen zu unterst\u00fctzen. Das Konzept sieht vor, dass die Dokumentation w\u00e4hrend der Pflegeleistung automatisch generiert wird, wodurch der Aufwand f\u00fcr separate Dokumentationsarbeiten reduziert wird. Mit diesen Technologien m\u00f6chte Care Connect Japan die Prozesse der Dokumentation, Abrechnung und des Informationsaustauschs optimieren und gleichzeitig die Zeit erh\u00f6hen, die Pflegekr\u00e4fte den Bewohnern widmen k\u00f6nnen.<\/p>\n<\/blockquote>\n<div class=\"video-summary-grid\">\n<div class=\"summary-card\">\n<h3>Angegangene Herausforderungen<\/h3>\n<ul>\n<li><a href=\"\/german\/?s=Optimierung%20der%20Pflegedokumentation&#038;post_type=post\">Optimierung der Pflegedokumentation<\/a><\/li>\n<li><a href=\"\/german\/?s=Verbesserung%20des%20Informationsaustauschs%20unter%20den%20Mitarbeitern&#038;post_type=post\">Verbesserung des Informationsaustauschs unter den Mitarbeitern<\/a><\/li>\n<li><a href=\"\/german\/?s=Reduzierung%20des%20administrativen%20Arbeitsaufwands%20f%C3%BCr%20Pflegekr%C3%A4fte&#038;post_type=post\">Reduzierung des administrativen Arbeitsaufwands f\u00fcr Pflegekr\u00e4fte<\/a><\/li>\n<\/ul>\n<\/div>\n<div class=\"summary-card\">\n<h3>L\u00f6sungen<\/h3>\n<ul>\n<li><a href=\"\/german\/?s=CAREKARTE%20Pflegemanagement-Software&#038;post_type=post\">CAREKARTE Pflegemanagement-Software<\/a><\/li>\n<li><a href=\"\/german\/?s=Spracheingabe%20f%C3%BCr%20Pflegedokumentation&#038;post_type=post\">Spracheingabe f\u00fcr Pflegedokumentation<\/a><\/li>\n<li><a href=\"\/german\/?s=Automatisierte%20Datens%C3%A4tze%20unter%20Verwendung%20von%20Standortdaten&#038;post_type=post\">Automatisierte Datens\u00e4tze unter Verwendung von Standortdaten<\/a><\/li>\n<\/ul>\n<\/div>\n<div class=\"summary-card\">\n<h3>Zielkunden<\/h3>\n<ul>\n<li><a href=\"\/german\/?s=Pflegeeinrichtungen&#038;post_type=post\">Pflegeeinrichtungen<\/a><\/li>\n<li><a href=\"\/german\/?s=Sozialeinrichtungen&#038;post_type=post\">Sozialeinrichtungen<\/a><\/li>\n<li><a href=\"\/german\/?s=Pflegekr%C3%A4fte%20und%20Einrichtungsleiter&#038;post_type=post\">Pflegekr\u00e4fte und Einrichtungsleiter<\/a><\/li>\n<\/ul>\n<\/div>\n<\/div>\n<div class=\"video-faq\">\n<h3 class=\"faq-heading\">H\u00e4ufig gestellte Fragen<\/h3>\n<details class=\"faq-item\">\n<summary>Welche Operationen kann CAREKARTE unterst\u00fctzen?<\/summary>\n<div class=\"faq-answer\">CAREKARTE unterst\u00fctzt die Pflegedokumentation und Abrechnungsprozesse. Das Unternehmen bietet au\u00dferdem Tools f\u00fcr die tabletbasierte Dateneingabe, Spracheingabe, Checklisten-basierte Best\u00e4tigung und den Informationsaustausch zwischen den Mitarbeitern.<\/div>\n<\/details>\n<details class=\"faq-item\">\n<summary>K\u00f6nnen Pflegedaten per Spracheingabe erfasst werden?<\/summary>\n<div class=\"faq-answer\">Ja. Das Unternehmen bietet \u201eHanasto\u201c an, eine Spracheingabel\u00f6sung, die den Mitarbeitern helfen soll, Pflegedokumentationen effizienter einzugeben.<\/div>\n<\/details>\n<details class=\"faq-item\">\n<summary>Arbeitet Care Connect Japan an automatisierten Patientenakten?<\/summary>\n<div class=\"faq-answer\">Ja. Das Unternehmen entwickelt \u201eCareKatte\u201c, das Standortinformationen von Mitarbeitern und Bewohnern nutzt, um w\u00e4hrend der Pflege automatisch Datens\u00e4tze zu erstellen.<\/div>\n<\/details>\n<\/div>\n<details class=\"video-transcript\">\n<summary>Videotranskript ansehen<\/summary>\n<div class=\"transcript-content\">Wir sind CARE CONNECT JAPAN INC.<br \/>Wir haben eine Pflegedokumentations- und Abrechnungssoftware namens Care Records entwickelt.<br \/>Damit optimieren wir die Effizienz des t\u00e4glichen Betriebs, beispielsweise bei der Erfassung von Pflegedokumentationen und der Abrechnung nach der Pflegeleistung. Unsere Mitarbeiter k\u00f6nnen die Dokumentation bequem per Tablet mit Care Records Mobile und per Spracheingabe mit Hanast erfassen.<br \/>Alle Informationen sind auf einen Blick einsehbar und k\u00f6nnen mithilfe einer Checkliste namens CareMoni von den Mitarbeitern geteilt werden.<br \/>Zus\u00e4tzlich entwickeln wir ein System namens CareCatte, das die Standortinformationen von Mitarbeitern und Klienten erfasst, sodass die Pflege automatisch dokumentiert werden kann.<br \/>Mit diesen Services m\u00f6chten wir unseren Mitarbeitern mehr Zeit f\u00fcr die Pflege ihrer Klienten erm\u00f6glichen und ein Arbeitsumfeld schaffen, in dem sie sich wohler f\u00fchlen.<br \/>Bei Interesse kontaktieren Sie uns bitte.<\/div>\n<\/details>\n<h2>Kontaktieren Sie das Unternehmen<\/h2>\n<div class=\"company-profile-section\">\n<div class=\"company-shot\"><a href=\"https:\/\/www.carekarte.jp\/\" target=\"_blank\" rel=\"noopener noreferrer\"><img decoding=\"async\" src=\"https:\/\/s.wordpress.com\/mshots\/v1\/https%3A%2F%2Fwww.carekarte.jp%2F?w=800\" alt=\"offizielle Website von Care Connect Japan, Inc.\" loading=\"lazy\"><\/a><\/div>\n<div class=\"company-info\">\n<ul>\n<li><span class=\"label\">Hauptsitz<\/span> <span class=\"value\">2F Southpot Shizuoka, 18-1 Minamicho, Suruga-ku, Shizuoka, Shizuoka 422-8067, Japan<\/span><\/li>\n<li><span class=\"label\">Gegr\u00fcndet<\/span> <span class=\"value\">Februar 2003<\/span><\/li>\n<li><span class=\"label\">Mitarbeiter<\/span> <span class=\"value\">Mehr als 200<\/span><\/li>\n<li><span class=\"label\">Offizielle Website<\/span> <span class=\"value\"><a href=\"https:\/\/www.carekarte.jp\/\" target=\"_blank\" rel=\"noopener noreferrer\">https:\/\/www.carekarte.jp\/<\/a><\/span><\/li>\n<li><span class=\"label\">Gesch\u00e4ftsbereiche<\/span> <span class=\"value\">Entwicklung und Bereitstellung von Software f\u00fcr die Bereiche Pflege, Wohlfahrt und Gesundheitswesen<\/span><\/li>\n<li><span class=\"label\">Hauptprodukte und Dienstleistungen<\/span> <span class=\"value\">CAREKARTE, CAREKARTE Mobile, Hanasto, CareMoni und CareKatte<\/span><\/li>\n<\/ul>\n<\/div>\n<\/div>\n<\/div>\n","protected":false},"excerpt":{"rendered":"<p>Care Connect Japan, Inc. stellte auf der CareTEX Tokyo 2026 Summer \u201eCAREKARTE\u201c vor, ihre Software f\u00fcr Pflegedokumentation und Abrechnung. Das System ist darauf ausgelegt, die allt\u00e4glichen Verwaltungsabl\u00e4ufe in Pflegeeinrichtungen zu optimieren, einsc\u2026<\/p>\n","protected":false},"author":1,"featured_media":98584,"comment_status":"open","ping_status":"open","sticky":false,"template":"","format":"video","meta":{"_acf_changed":false,"footnotes":""},"categories":[799],"tags":[534,624,5,522,622,580,554,45,37,46,15,528,42,39,512,594,540,617,498,544],"class_list":["post-98582","post","type-post","status-publish","format-video","has-post-thumbnail","hentry","category-caretex-tokyo-summer-2026-japan","tag-machinery-industrial-technology-7","tag-services-9","tag-services","tag-machinery-industrial-technology-6","tag-medical-care-health-6","tag-medical-care-health-5","tag-services-1","tag-information-telecommunication","tag-japan","tag-agriculture-forestry-fishery-and-food","tag-living","tag-agriculture-forestry-fishery-and-food-2","tag-machinery-industrial-technology","tag-medical-care-health","tag-living-4","tag-machinery-industrial-technology-5","tag-living-12","tag-medical-care-health-3","tag-information-telecommunication-1","tag-services-3","post_format-post-format-video"],"acf":[],"yoast_head":"<!-- This site is optimized with the Yoast SEO plugin v27.7 - https:\/\/yoast.com\/product\/yoast-seo-wordpress\/ -->\n<title>Pflegedokumentation - CARE CONNECT JAPAN INC. [The 3rd CareTEX Tokyo &#039;26 Summer] \u2013 Aussteller Video | WorldTradeShow.TV<\/title>\n<meta name=\"robots\" content=\"index, follow, max-snippet:-1, max-image-preview:large, max-video-preview:-1\" \/>\n<link rel=\"canonical\" href=\"https:\/\/www.worldtradeshow.tv\/german\/video\/caretex-tokyo-summer-2026-japan\/care-records-care-connect-japan-inc-the-3rd-caretex-tokyo-26-summer\/\" \/>\n<meta property=\"og:locale\" content=\"de_DE\" \/>\n<meta property=\"og:type\" content=\"article\" \/>\n<meta property=\"og:title\" content=\"Pflegedokumentation - CARE CONNECT JAPAN INC. [The 3rd CareTEX Tokyo &#039;26 Summer] \u2013 Aussteller Video | WorldTradeShow.TV\" \/>\n<meta property=\"og:description\" content=\"Care Connect Japan, Inc. stellte auf der CareTEX Tokyo 2026 Summer \u201eCAREKARTE\u201c vor, ihre Software f\u00fcr Pflegedokumentation und Abrechnung. Das System ist darauf ausgelegt, die allt\u00e4glichen Verwaltungsabl\u00e4ufe in Pflegeeinrichtungen zu optimieren, einsc\u2026\" \/>\n<meta property=\"og:url\" content=\"https:\/\/www.worldtradeshow.tv\/german\/video\/caretex-tokyo-summer-2026-japan\/care-records-care-connect-japan-inc-the-3rd-caretex-tokyo-26-summer\/\" \/>\n<meta property=\"og:site_name\" content=\"Videos von Internationalen Messen und Neuen Produkten \u2013 WorldTradeShow.TV\" \/>\n<meta property=\"article:publisher\" content=\"https:\/\/www.facebook.com\/tenji.tv\" \/>\n<meta property=\"article:published_time\" content=\"2026-08-27T03:06:28+00:00\" \/>\n<meta property=\"article:modified_time\" content=\"2026-09-01T01:29:17+00:00\" \/>\n<meta property=\"og:image\" content=\"https:\/\/www.worldtradeshow.tv\/german\/wp-content\/uploads\/2026\/08\/maxresdefault-77.jpg\" \/>\n\t<meta property=\"og:image:width\" content=\"1280\" \/>\n\t<meta property=\"og:image:height\" content=\"720\" \/>\n\t<meta property=\"og:image:type\" content=\"image\/jpeg\" \/>\n<meta name=\"author\" content=\"user\" \/>\n<meta name=\"twitter:card\" content=\"summary_large_image\" \/>\n<meta name=\"twitter:creator\" content=\"@tenjitv\" \/>\n<meta name=\"twitter:site\" content=\"@tenjitv\" \/>\n<meta name=\"twitter:label1\" content=\"Verfasst von\" \/>\n\t<meta name=\"twitter:data1\" content=\"user\" \/>\n\t<meta name=\"twitter:label2\" content=\"Gesch\u00e4tzte Lesezeit\" \/>\n\t<meta name=\"twitter:data2\" content=\"3\u00a0Minuten\" \/>\n<script type=\"application\/ld+json\" class=\"yoast-schema-graph\">{\"@context\":\"https:\\\/\\\/schema.org\",\"@graph\":[{\"@type\":\"Article\",\"@id\":\"https:\\\/\\\/www.worldtradeshow.tv\\\/german\\\/video\\\/caretex-tokyo-summer-2026-japan\\\/care-records-care-connect-japan-inc-the-3rd-caretex-tokyo-26-summer\\\/#article\",\"isPartOf\":{\"@id\":\"https:\\\/\\\/www.worldtradeshow.tv\\\/german\\\/video\\\/caretex-tokyo-summer-2026-japan\\\/care-records-care-connect-japan-inc-the-3rd-caretex-tokyo-26-summer\\\/\"},\"author\":{\"name\":\"user\",\"@id\":\"https:\\\/\\\/www.worldtradeshow.tv\\\/german\\\/#\\\/schema\\\/person\\\/dfcf88025bf6b941072148407e2bde58\"},\"headline\":\"Pflegedokumentation - CARE CONNECT JAPAN INC. [The 3rd CareTEX Tokyo '26 Summer]\",\"datePublished\":\"2026-08-27T03:06:28+00:00\",\"dateModified\":\"2026-09-01T01:29:17+00:00\",\"mainEntityOfPage\":{\"@id\":\"https:\\\/\\\/www.worldtradeshow.tv\\\/german\\\/video\\\/caretex-tokyo-summer-2026-japan\\\/care-records-care-connect-japan-inc-the-3rd-caretex-tokyo-26-summer\\\/\"},\"wordCount\":528,\"commentCount\":0,\"image\":{\"@id\":\"https:\\\/\\\/www.worldtradeshow.tv\\\/german\\\/video\\\/caretex-tokyo-summer-2026-japan\\\/care-records-care-connect-japan-inc-the-3rd-caretex-tokyo-26-summer\\\/#primaryimage\"},\"thumbnailUrl\":\"https:\\\/\\\/www.worldtradeshow.tv\\\/german\\\/wp-content\\\/uploads\\\/2026\\\/08\\\/maxresdefault-77.jpg\",\"keywords\":[\"Andere Industriemaschinen und -ger\u00e4te\",\"Arbeitssicherheit und Gesundheitsschutz \\\/ Arbeitsmanagement\",\"Dienstleistungen\",\"Elektrik und Elektronik (Produkte \\\/ Maschinen)\",\"Fitness\",\"Gesundheitswesen (Ausr\u00fcstung \\\/ Produkte &amp; Dienstleistungen)\",\"Hotel-\\\/Restaurant- und Catering-Unternehmen\",\"Information \\\/ Telekommunikation\",\"Japan\",\"Landwirtschaft \\\/ Forstwirtschaft \\\/ Fischerei und Lebensmittel\",\"Leben\",\"Lebensmittel und Getr\u00e4nke \\\/ Lebensmittelverarbeitung\",\"Maschinen \\\/ Industrietechnik\",\"Medizinische Versorgung \\\/ Gesundheit\",\"M\u00f6bel und Einrichtungsgegenst\u00e4nde \\\/ Teile\",\"Pr\u00fcfen \\\/ Messen &amp; Analysieren \\\/ Feinmechanik\",\"Sicherheit \\\/ Schutz \\\/ Brandschutz \\\/ Polizei \\\/ Verteidigung\",\"Sozial- und Pflegeausr\u00fcstung \\\/ Rehabilitation\",\"Telekommunikation \\\/ Datenverarbeitung \\\/ Computer\",\"Werbung \\\/ Marketing \\\/ Betriebswirtschaft\"],\"articleSection\":[\"The 3rd CareTEX Tokyo '26 Summer\"],\"inLanguage\":\"de\",\"potentialAction\":[{\"@type\":\"CommentAction\",\"name\":\"Comment\",\"target\":[\"https:\\\/\\\/www.worldtradeshow.tv\\\/german\\\/video\\\/caretex-tokyo-summer-2026-japan\\\/care-records-care-connect-japan-inc-the-3rd-caretex-tokyo-26-summer\\\/#respond\"]}]},{\"@type\":\"WebPage\",\"@id\":\"https:\\\/\\\/www.worldtradeshow.tv\\\/german\\\/video\\\/caretex-tokyo-summer-2026-japan\\\/care-records-care-connect-japan-inc-the-3rd-caretex-tokyo-26-summer\\\/\",\"url\":\"https:\\\/\\\/www.worldtradeshow.tv\\\/german\\\/video\\\/caretex-tokyo-summer-2026-japan\\\/care-records-care-connect-japan-inc-the-3rd-caretex-tokyo-26-summer\\\/\",\"name\":\"Pflegedokumentation - CARE CONNECT JAPAN INC. [The 3rd CareTEX Tokyo '26 Summer] \u2013 Aussteller Video | WorldTradeShow.TV\",\"isPartOf\":{\"@id\":\"https:\\\/\\\/www.worldtradeshow.tv\\\/german\\\/#website\"},\"primaryImageOfPage\":{\"@id\":\"https:\\\/\\\/www.worldtradeshow.tv\\\/german\\\/video\\\/caretex-tokyo-summer-2026-japan\\\/care-records-care-connect-japan-inc-the-3rd-caretex-tokyo-26-summer\\\/#primaryimage\"},\"image\":{\"@id\":\"https:\\\/\\\/www.worldtradeshow.tv\\\/german\\\/video\\\/caretex-tokyo-summer-2026-japan\\\/care-records-care-connect-japan-inc-the-3rd-caretex-tokyo-26-summer\\\/#primaryimage\"},\"thumbnailUrl\":\"https:\\\/\\\/www.worldtradeshow.tv\\\/german\\\/wp-content\\\/uploads\\\/2026\\\/08\\\/maxresdefault-77.jpg\",\"datePublished\":\"2026-08-27T03:06:28+00:00\",\"dateModified\":\"2026-09-01T01:29:17+00:00\",\"author\":{\"@id\":\"https:\\\/\\\/www.worldtradeshow.tv\\\/german\\\/#\\\/schema\\\/person\\\/dfcf88025bf6b941072148407e2bde58\"},\"breadcrumb\":{\"@id\":\"https:\\\/\\\/www.worldtradeshow.tv\\\/german\\\/video\\\/caretex-tokyo-summer-2026-japan\\\/care-records-care-connect-japan-inc-the-3rd-caretex-tokyo-26-summer\\\/#breadcrumb\"},\"inLanguage\":\"de\",\"potentialAction\":[{\"@type\":\"ReadAction\",\"target\":[\"https:\\\/\\\/www.worldtradeshow.tv\\\/german\\\/video\\\/caretex-tokyo-summer-2026-japan\\\/care-records-care-connect-japan-inc-the-3rd-caretex-tokyo-26-summer\\\/\"]}]},{\"@type\":\"ImageObject\",\"inLanguage\":\"de\",\"@id\":\"https:\\\/\\\/www.worldtradeshow.tv\\\/german\\\/video\\\/caretex-tokyo-summer-2026-japan\\\/care-records-care-connect-japan-inc-the-3rd-caretex-tokyo-26-summer\\\/#primaryimage\",\"url\":\"https:\\\/\\\/www.worldtradeshow.tv\\\/german\\\/wp-content\\\/uploads\\\/2026\\\/08\\\/maxresdefault-77.jpg\",\"contentUrl\":\"https:\\\/\\\/www.worldtradeshow.tv\\\/german\\\/wp-content\\\/uploads\\\/2026\\\/08\\\/maxresdefault-77.jpg\",\"width\":1280,\"height\":720},{\"@type\":\"BreadcrumbList\",\"@id\":\"https:\\\/\\\/www.worldtradeshow.tv\\\/german\\\/video\\\/caretex-tokyo-summer-2026-japan\\\/care-records-care-connect-japan-inc-the-3rd-caretex-tokyo-26-summer\\\/#breadcrumb\",\"itemListElement\":[{\"@type\":\"ListItem\",\"position\":1,\"name\":\"Startseite\",\"item\":\"https:\\\/\\\/www.worldtradeshow.tv\\\/german\\\/\"},{\"@type\":\"ListItem\",\"position\":2,\"name\":\"Pflegedokumentation - CARE CONNECT JAPAN INC. [The 3rd CareTEX Tokyo '26 Summer]\"}]},{\"@type\":\"WebSite\",\"@id\":\"https:\\\/\\\/www.worldtradeshow.tv\\\/german\\\/#website\",\"url\":\"https:\\\/\\\/www.worldtradeshow.tv\\\/german\\\/\",\"name\":\"Videos von Internationalen Messen und Neuen Produkten \u2013 WorldTradeShow.TV\",\"description\":\"Entdecken Sie Videos von internationalen Messen und neue Produkte auf Deutsch\",\"potentialAction\":[{\"@type\":\"SearchAction\",\"target\":{\"@type\":\"EntryPoint\",\"urlTemplate\":\"https:\\\/\\\/www.worldtradeshow.tv\\\/german\\\/?s={search_term_string}\"},\"query-input\":{\"@type\":\"PropertyValueSpecification\",\"valueRequired\":true,\"valueName\":\"search_term_string\"}}],\"inLanguage\":\"de\"},{\"@type\":\"Person\",\"@id\":\"https:\\\/\\\/www.worldtradeshow.tv\\\/german\\\/#\\\/schema\\\/person\\\/dfcf88025bf6b941072148407e2bde58\",\"name\":\"user\",\"image\":{\"@type\":\"ImageObject\",\"inLanguage\":\"de\",\"@id\":\"https:\\\/\\\/secure.gravatar.com\\\/avatar\\\/b4c9a289323b21a01c3e940f150eb9b8c542587f1abfd8f0e1cc1ffc5e475514?s=96&d=mm&r=g\",\"url\":\"https:\\\/\\\/secure.gravatar.com\\\/avatar\\\/b4c9a289323b21a01c3e940f150eb9b8c542587f1abfd8f0e1cc1ffc5e475514?s=96&d=mm&r=g\",\"contentUrl\":\"https:\\\/\\\/secure.gravatar.com\\\/avatar\\\/b4c9a289323b21a01c3e940f150eb9b8c542587f1abfd8f0e1cc1ffc5e475514?s=96&d=mm&r=g\",\"caption\":\"user\"},\"sameAs\":[\"http:\"]}]}<\/script>\n<meta property=\"og:video\" content=\"https:\/\/www.youtube.com\/embed\/YanpD5rR5iI\" \/>\n<meta property=\"og:video:type\" content=\"text\/html\" \/>\n<meta property=\"og:video:duration\" content=\"63\" \/>\n<meta property=\"og:video:width\" content=\"480\" \/>\n<meta property=\"og:video:height\" content=\"270\" \/>\n<meta property=\"ya:ovs:adult\" content=\"false\" \/>\n<meta property=\"ya:ovs:allow_embed\" content=\"true\" \/>\n<!-- \/ Yoast SEO plugin. -->","yoast_head_json":{"title":"Pflegedokumentation - CARE CONNECT JAPAN INC. [The 3rd CareTEX Tokyo '26 Summer] \u2013 Aussteller Video | WorldTradeShow.TV","robots":{"index":"index","follow":"follow","max-snippet":"max-snippet:-1","max-image-preview":"max-image-preview:large","max-video-preview":"max-video-preview:-1"},"canonical":"https:\/\/www.worldtradeshow.tv\/german\/video\/caretex-tokyo-summer-2026-japan\/care-records-care-connect-japan-inc-the-3rd-caretex-tokyo-26-summer\/","og_locale":"de_DE","og_type":"article","og_title":"Pflegedokumentation - CARE CONNECT JAPAN INC. [The 3rd CareTEX Tokyo '26 Summer] \u2013 Aussteller Video | WorldTradeShow.TV","og_description":"Care Connect Japan, Inc. stellte auf der CareTEX Tokyo 2026 Summer \u201eCAREKARTE\u201c vor, ihre Software f\u00fcr Pflegedokumentation und Abrechnung. Das System ist darauf ausgelegt, die allt\u00e4glichen Verwaltungsabl\u00e4ufe in Pflegeeinrichtungen zu optimieren, einsc\u2026","og_url":"https:\/\/www.worldtradeshow.tv\/german\/video\/caretex-tokyo-summer-2026-japan\/care-records-care-connect-japan-inc-the-3rd-caretex-tokyo-26-summer\/","og_site_name":"Videos von Internationalen Messen und Neuen Produkten \u2013 WorldTradeShow.TV","article_publisher":"https:\/\/www.facebook.com\/tenji.tv","article_published_time":"2026-08-27T03:06:28+00:00","article_modified_time":"2026-09-01T01:29:17+00:00","og_image":[{"width":1280,"height":720,"url":"https:\/\/www.worldtradeshow.tv\/german\/wp-content\/uploads\/2026\/08\/maxresdefault-77.jpg","type":"image\/jpeg"}],"author":"user","twitter_card":"summary_large_image","twitter_creator":"@tenjitv","twitter_site":"@tenjitv","twitter_misc":{"Verfasst von":"user","Gesch\u00e4tzte Lesezeit":"3\u00a0Minuten"},"schema":{"@context":"https:\/\/schema.org","@graph":[{"@type":"Article","@id":"https:\/\/www.worldtradeshow.tv\/german\/video\/caretex-tokyo-summer-2026-japan\/care-records-care-connect-japan-inc-the-3rd-caretex-tokyo-26-summer\/#article","isPartOf":{"@id":"https:\/\/www.worldtradeshow.tv\/german\/video\/caretex-tokyo-summer-2026-japan\/care-records-care-connect-japan-inc-the-3rd-caretex-tokyo-26-summer\/"},"author":{"name":"user","@id":"https:\/\/www.worldtradeshow.tv\/german\/#\/schema\/person\/dfcf88025bf6b941072148407e2bde58"},"headline":"Pflegedokumentation - CARE CONNECT JAPAN INC. [The 3rd CareTEX Tokyo '26 Summer]","datePublished":"2026-08-27T03:06:28+00:00","dateModified":"2026-09-01T01:29:17+00:00","mainEntityOfPage":{"@id":"https:\/\/www.worldtradeshow.tv\/german\/video\/caretex-tokyo-summer-2026-japan\/care-records-care-connect-japan-inc-the-3rd-caretex-tokyo-26-summer\/"},"wordCount":528,"commentCount":0,"image":{"@id":"https:\/\/www.worldtradeshow.tv\/german\/video\/caretex-tokyo-summer-2026-japan\/care-records-care-connect-japan-inc-the-3rd-caretex-tokyo-26-summer\/#primaryimage"},"thumbnailUrl":"https:\/\/www.worldtradeshow.tv\/german\/wp-content\/uploads\/2026\/08\/maxresdefault-77.jpg","keywords":["Andere Industriemaschinen und -ger\u00e4te","Arbeitssicherheit und Gesundheitsschutz \/ Arbeitsmanagement","Dienstleistungen","Elektrik und Elektronik (Produkte \/ Maschinen)","Fitness","Gesundheitswesen (Ausr\u00fcstung \/ Produkte &amp; Dienstleistungen)","Hotel-\/Restaurant- und Catering-Unternehmen","Information \/ Telekommunikation","Japan","Landwirtschaft \/ Forstwirtschaft \/ Fischerei und Lebensmittel","Leben","Lebensmittel und Getr\u00e4nke \/ Lebensmittelverarbeitung","Maschinen \/ Industrietechnik","Medizinische Versorgung \/ Gesundheit","M\u00f6bel und Einrichtungsgegenst\u00e4nde \/ Teile","Pr\u00fcfen \/ Messen &amp; Analysieren \/ Feinmechanik","Sicherheit \/ Schutz \/ Brandschutz \/ Polizei \/ Verteidigung","Sozial- und Pflegeausr\u00fcstung \/ Rehabilitation","Telekommunikation \/ Datenverarbeitung \/ Computer","Werbung \/ Marketing \/ Betriebswirtschaft"],"articleSection":["The 3rd CareTEX Tokyo '26 Summer"],"inLanguage":"de","potentialAction":[{"@type":"CommentAction","name":"Comment","target":["https:\/\/www.worldtradeshow.tv\/german\/video\/caretex-tokyo-summer-2026-japan\/care-records-care-connect-japan-inc-the-3rd-caretex-tokyo-26-summer\/#respond"]}]},{"@type":"WebPage","@id":"https:\/\/www.worldtradeshow.tv\/german\/video\/caretex-tokyo-summer-2026-japan\/care-records-care-connect-japan-inc-the-3rd-caretex-tokyo-26-summer\/","url":"https:\/\/www.worldtradeshow.tv\/german\/video\/caretex-tokyo-summer-2026-japan\/care-records-care-connect-japan-inc-the-3rd-caretex-tokyo-26-summer\/","name":"Pflegedokumentation - CARE CONNECT JAPAN INC. [The 3rd CareTEX Tokyo '26 Summer] \u2013 Aussteller Video | WorldTradeShow.TV","isPartOf":{"@id":"https:\/\/www.worldtradeshow.tv\/german\/#website"},"primaryImageOfPage":{"@id":"https:\/\/www.worldtradeshow.tv\/german\/video\/caretex-tokyo-summer-2026-japan\/care-records-care-connect-japan-inc-the-3rd-caretex-tokyo-26-summer\/#primaryimage"},"image":{"@id":"https:\/\/www.worldtradeshow.tv\/german\/video\/caretex-tokyo-summer-2026-japan\/care-records-care-connect-japan-inc-the-3rd-caretex-tokyo-26-summer\/#primaryimage"},"thumbnailUrl":"https:\/\/www.worldtradeshow.tv\/german\/wp-content\/uploads\/2026\/08\/maxresdefault-77.jpg","datePublished":"2026-08-27T03:06:28+00:00","dateModified":"2026-09-01T01:29:17+00:00","author":{"@id":"https:\/\/www.worldtradeshow.tv\/german\/#\/schema\/person\/dfcf88025bf6b941072148407e2bde58"},"breadcrumb":{"@id":"https:\/\/www.worldtradeshow.tv\/german\/video\/caretex-tokyo-summer-2026-japan\/care-records-care-connect-japan-inc-the-3rd-caretex-tokyo-26-summer\/#breadcrumb"},"inLanguage":"de","potentialAction":[{"@type":"ReadAction","target":["https:\/\/www.worldtradeshow.tv\/german\/video\/caretex-tokyo-summer-2026-japan\/care-records-care-connect-japan-inc-the-3rd-caretex-tokyo-26-summer\/"]}]},{"@type":"ImageObject","inLanguage":"de","@id":"https:\/\/www.worldtradeshow.tv\/german\/video\/caretex-tokyo-summer-2026-japan\/care-records-care-connect-japan-inc-the-3rd-caretex-tokyo-26-summer\/#primaryimage","url":"https:\/\/www.worldtradeshow.tv\/german\/wp-content\/uploads\/2026\/08\/maxresdefault-77.jpg","contentUrl":"https:\/\/www.worldtradeshow.tv\/german\/wp-content\/uploads\/2026\/08\/maxresdefault-77.jpg","width":1280,"height":720},{"@type":"BreadcrumbList","@id":"https:\/\/www.worldtradeshow.tv\/german\/video\/caretex-tokyo-summer-2026-japan\/care-records-care-connect-japan-inc-the-3rd-caretex-tokyo-26-summer\/#breadcrumb","itemListElement":[{"@type":"ListItem","position":1,"name":"Startseite","item":"https:\/\/www.worldtradeshow.tv\/german\/"},{"@type":"ListItem","position":2,"name":"Pflegedokumentation - CARE CONNECT JAPAN INC. [The 3rd CareTEX Tokyo '26 Summer]"}]},{"@type":"WebSite","@id":"https:\/\/www.worldtradeshow.tv\/german\/#website","url":"https:\/\/www.worldtradeshow.tv\/german\/","name":"Videos von Internationalen Messen und Neuen Produkten \u2013 WorldTradeShow.TV","description":"Entdecken Sie Videos von internationalen Messen und neue Produkte auf Deutsch","potentialAction":[{"@type":"SearchAction","target":{"@type":"EntryPoint","urlTemplate":"https:\/\/www.worldtradeshow.tv\/german\/?s={search_term_string}"},"query-input":{"@type":"PropertyValueSpecification","valueRequired":true,"valueName":"search_term_string"}}],"inLanguage":"de"},{"@type":"Person","@id":"https:\/\/www.worldtradeshow.tv\/german\/#\/schema\/person\/dfcf88025bf6b941072148407e2bde58","name":"user","image":{"@type":"ImageObject","inLanguage":"de","@id":"https:\/\/secure.gravatar.com\/avatar\/b4c9a289323b21a01c3e940f150eb9b8c542587f1abfd8f0e1cc1ffc5e475514?s=96&d=mm&r=g","url":"https:\/\/secure.gravatar.com\/avatar\/b4c9a289323b21a01c3e940f150eb9b8c542587f1abfd8f0e1cc1ffc5e475514?s=96&d=mm&r=g","contentUrl":"https:\/\/secure.gravatar.com\/avatar\/b4c9a289323b21a01c3e940f150eb9b8c542587f1abfd8f0e1cc1ffc5e475514?s=96&d=mm&r=g","caption":"user"},"sameAs":["http:"]}]},"og_video":"https:\/\/www.youtube.com\/embed\/YanpD5rR5iI","og_video_type":"text\/html","og_video_duration":"63","og_video_width":"480","og_video_height":"270","ya_ovs_adult":"false","ya_ovs_allow_embed":"true"},"cmb2":{"poster_feature_image":{"vid_m_player_background":"on","vid_m_poster_image":"","vid_m_poster_image_id":""},"gif_feature_image":{"vid_m_gif_image":"","vid_m_gif_image_id":""},"video_movie_settings":{"vid_m_director":"","vid_m_actor":"","vid_m_imdb_ratings":"","vid_m_amazon_associates":"","vid_m_vid_tmdb_movie":"","vid_m_vid_tmdb_tv_shows":"","vid_m_vid_tmdb_thumb":"backdrop_sizes"},"vid_ads_m_videoads_settings_post":{"vid_ads_m_video_ads":"","vid_ads_m_video_ads_type":"","vid_ads_m_group_google_ima":"","vid_ads_m_group_image":"","vid_ads_m_group_html5_video":"","vid_ads_m_group_html":"","vid_ads_m_vpaid_mode":"","vid_ads_m_vast_preroll":"","vid_ads_m_vast_postroll":"","vid_ads_m_vast_pauseroll":"","vid_ads_m_vast_midroll":"","vid_ads_m_group_dynamic":"","vid_ads_m_time_to_show_ads":"","vid_ads_m_time_skip_ads":"","vid_ads_m_time_to_hide_ads":""},"feature_image_settings":{"feature_image_position":""},"video_player_settings":{"single_video_style":"","video_player_position":"","vm_video_url_btn_choose":"","vm_video_url_btn_choose_id":"","vm_video_url":"https:\/\/www.youtube.com\/watch?v=YanpD5rR5iI","vm_video_ratio":"16:9","vm_video_ratio_mobile":"16:9","video_player_library":"","plyr_player":"","video_streaming":"","vm_video_shortcode":"","vm_video_timelapse":"","vm_media_subtitles":"","vm_media_sources":"","vid_vtt_preview":"","vid_vtt_preview_vtt_file":"","vid_vtt_preview_vtt_file_id":"","vid_vtt_preview_sprite_image":"","vid_vtt_preview_sprite_image_id":"","vid_auto_play":"","vid_preview_mode":"","vm_video_trailer_manl_url":"","vm_screenshot_preview":"","vid_tags":"","vid_p_sync_playlist":"","vid_c_sync_channel":"","get_post_format":"","multiple_links_structure":"default","multi_links_title":"","original_video_title":"","multi_links_series":"","vm_video_multi_links":"","vm_duration":"","vid_social_locker":"","vid_locker_mode":"social","vid_social_locker_id":"","vid_social_email_locker_id":"","vid_social_signin_locker_id":"","sv_login_to_watch":"","vid_membership_action":"content-video","vm_video_trailer_url":"","vid_download_type":"free","vid_download_target":"download","vid_woo_product":"","vid_download_mode":"","vid_download_mode_trailer":"","vm_media_download":"","user_rating":"","user_rating_position":"","user_rating_mode":"","user_rating_multi_sets":"","ads_above_single_player":""},"video_auto_fetch_settings":{"vm_video_fetch":"on"},"video_fake_views_likes":{"vm_fake_views":"","vm_fake_likes":"","vm_fake_dislikes":""},"gallery_settings":{"gallery_position":""},"quote_settings":{"quote_position":""},"post_options":{"main_layout":"","main_logo":"","main_logo_id":"","main_logo_retina":"","main_logo_retina_id":"","main_logo_mobile":"","main_logo_mobile_id":"","main_logo_mobile_retina":"","main_logo_mobile_retina_id":"","sticky_logo":"","sticky_logo_id":"","sticky_logo_retina":"","sticky_logo_retina_id":"","main_nav_layout":"","header_background":"","theme_sidebar":"","single_post_comment_type":"","theme_background":""}},"_links":{"self":[{"href":"https:\/\/www.worldtradeshow.tv\/german\/wp-json\/wp\/v2\/posts\/98582","targetHints":{"allow":["GET"]}}],"collection":[{"href":"https:\/\/www.worldtradeshow.tv\/german\/wp-json\/wp\/v2\/posts"}],"about":[{"href":"https:\/\/www.worldtradeshow.tv\/german\/wp-json\/wp\/v2\/types\/post"}],"author":[{"embeddable":true,"href":"https:\/\/www.worldtradeshow.tv\/german\/wp-json\/wp\/v2\/users\/1"}],"replies":[{"embeddable":true,"href":"https:\/\/www.worldtradeshow.tv\/german\/wp-json\/wp\/v2\/comments?post=98582"}],"version-history":[{"count":1,"href":"https:\/\/www.worldtradeshow.tv\/german\/wp-json\/wp\/v2\/posts\/98582\/revisions"}],"predecessor-version":[{"id":98583,"href":"https:\/\/www.worldtradeshow.tv\/german\/wp-json\/wp\/v2\/posts\/98582\/revisions\/98583"}],"wp:featuredmedia":[{"embeddable":true,"href":"https:\/\/www.worldtradeshow.tv\/german\/wp-json\/wp\/v2\/media\/98584"}],"wp:attachment":[{"href":"https:\/\/www.worldtradeshow.tv\/german\/wp-json\/wp\/v2\/media?parent=98582"}],"wp:term":[{"taxonomy":"category","embeddable":true,"href":"https:\/\/www.worldtradeshow.tv\/german\/wp-json\/wp\/v2\/categories?post=98582"},{"taxonomy":"post_tag","embeddable":true,"href":"https:\/\/www.worldtradeshow.tv\/german\/wp-json\/wp\/v2\/tags?post=98582"}],"curies":[{"name":"wp","href":"https:\/\/api.w.org\/{rel}","templated":true}]}}