{"id":98579,"date":"2026-08-27T03:06:30","date_gmt":"2026-08-27T03:06:30","guid":{"rendered":"https:\/\/www.worldtradeshow.tv\/german\/?p=98579"},"modified":"2026-09-01T01:29:15","modified_gmt":"2026-09-01T01:29:15","slug":"voxela-voxela-inc-the-3rd-caretex-tokyo-26-summer","status":"publish","type":"post","link":"https:\/\/www.worldtradeshow.tv\/german\/video\/caretex-tokyo-summer-2026-japan\/voxela-voxela-inc-the-3rd-caretex-tokyo-26-summer\/","title":{"rendered":"Voxela - Voxela Inc. [The 3rd CareTEX Tokyo '26 Summer]"},"content":{"rendered":"<div class=\"entry-content \">\n<blockquote class=\"wp-block-quote\">\n<p>Voxela Japan Co., Ltd. stellte auf der CareTEX Tokyo 2026 Summer ein KI-gest\u00fctztes Video\u00fcberwachungssystem f\u00fcr Pflegeeinrichtungen vor. Das System analysiert mithilfe von KI kontinuierlich Kameraaufnahmen und erkennt Aktivit\u00e4ten der Bewohner, wie z. B. das Aufstehen aus dem Bett, das Betreten bestimmter Bereiche und Situationen, in denen ein Bewohner nach einem m\u00f6glichen Sturz auf dem Boden gefunden wird.<\/p>\n<p>Ein zentrales Merkmal ist die gleichzeitige \u00dcbermittlung eines 30-sek\u00fcndigen Kurzvideos mit jeder Benachrichtigung. Im Falle eines Sturzes oder eines anderen Vorfalls k\u00f6nnen die Mitarbeiter das Video einsehen, um den Hergang zu verstehen, anstatt sich allein auf die Benachrichtigung zu verlassen. Dieser zus\u00e4tzliche Kontext hilft den Pflegekr\u00e4ften, die Umst\u00e4nde eines Vorfalls einzusch\u00e4tzen und angemessen zu reagieren.<\/p>\n<p>Das Unternehmen setzt KI auch f\u00fcr administrative Aufgaben nach Vorf\u00e4llen ein. Die Technologie unterst\u00fctzt die Transkription und Erstellung von Vorfallsberichten und tr\u00e4gt so zur Entlastung des Pflegepersonals bei. Voxela positioniert seine L\u00f6sung als integrierten Ansatz, der Risikoerkennung, \u00dcberwachung, Vorfallanalyse, Berichterstattung und Pr\u00e4ventionsma\u00dfnahmen umfasst.<\/p>\n<\/blockquote>\n<div class=\"video-summary-grid\">\n<div class=\"summary-card\">\n<h3>Angegangene Herausforderungen<\/h3>\n<ul>\n<li><a href=\"\/german\/?s=Fr%C3%BCherkennung%20von%20St%C3%BCrzen%20und%20Verlassen%20des%20Bettes&#038;post_type=post\">Fr\u00fcherkennung von St\u00fcrzen und Verlassen des Bettes<\/a><\/li>\n<li><a href=\"\/german\/?s=Reduzierung%20des%20%C3%9Cberwachungsaufwands%20f%C3%BCr%20Pflegekr%C3%A4fte&#038;post_type=post\">Reduzierung des \u00dcberwachungsaufwands f\u00fcr Pflegekr\u00e4fte<\/a><\/li>\n<li><a href=\"\/german\/?s=Reduzierung%20des%20Arbeitsaufwands%20bei%20der%20Meldung%20von%20Vorf%C3%A4llen&#038;post_type=post\">Reduzierung des Arbeitsaufwands bei der Meldung von Vorf\u00e4llen<\/a><\/li>\n<\/ul>\n<\/div>\n<div class=\"summary-card\">\n<h3>L\u00f6sungen<\/h3>\n<ul>\n<li><a href=\"\/german\/?s=KI-gest%C3%BCtzte%20Video%C3%BCberwachung&#038;post_type=post\">KI-gest\u00fctzte Video\u00fcberwachung<\/a><\/li>\n<li><a href=\"\/german\/?s=KI-gest%C3%BCtzte%20Erkennung%20von%20St%C3%BCrzen%20und%20Bettausstiegen&#038;post_type=post\">KI-gest\u00fctzte Erkennung von St\u00fcrzen und Bettausstiegen<\/a><\/li>\n<li><a href=\"\/german\/?s=KI-gest%C3%BCtzte%20Vorfallsmeldung&#038;post_type=post\">KI-gest\u00fctzte Vorfallsmeldung<\/a><\/li>\n<\/ul>\n<\/div>\n<div class=\"summary-card\">\n<h3>Zielkunden<\/h3>\n<ul>\n<li><a href=\"\/german\/?s=Pflegeeinrichtungen&#038;post_type=post\">Pflegeeinrichtungen<\/a><\/li>\n<li><a href=\"\/german\/?s=Altenpflegeeinrichtungen&#038;post_type=post\">Altenpflegeeinrichtungen<\/a><\/li>\n<li><a href=\"\/german\/?s=Pflegekr%C3%A4fte%20und%20Einrichtungsleiter&#038;post_type=post\">Pflegekr\u00e4fte und Einrichtungsleiter<\/a><\/li>\n<\/ul>\n<\/div>\n<\/div>\n<div class=\"video-faq\">\n<h3 class=\"faq-heading\">H\u00e4ufig gestellte Fragen<\/h3>\n<details class=\"faq-item\">\n<summary>Welche Arten von Bewohneraktivit\u00e4ten kann das System erkennen?<\/summary>\n<div class=\"faq-answer\">Das System kann Ereignisse erkennen, wie zum Beispiel, wenn Bewohner aus dem Bett aufstehen, bestimmte Bereiche betreten oder wenn ein Bewohner nach einem m\u00f6glichen Sturz auf dem Boden gefunden wird.<\/div>\n<\/details>\n<details class=\"faq-item\">\n<summary>K\u00f6nnen die Mitarbeiter \u00fcberpr\u00fcfen, was passiert ist, wenn ein Sturz festgestellt wird?<\/summary>\n<div class=\"faq-answer\">Ja. Den Warnmeldungen ist ein 30-sek\u00fcndiges Kurzvideo beigef\u00fcgt, das es den Mitarbeitern erm\u00f6glicht, die Umst\u00e4nde eines Vorfalls zu \u00fcberpr\u00fcfen und diese Informationen bei der Festlegung der angemessenen Reaktion zu nutzen.<\/div>\n<\/details>\n<details class=\"faq-item\">\n<summary>Kann das System auch die Meldung von Vorf\u00e4llen unterst\u00fctzen?<\/summary>\n<div class=\"faq-answer\">Ja. Das Unternehmen bietet KI-gest\u00fctzte Unterst\u00fctzung bei der Transkription und der Erstellung von Vorfallsberichten und tr\u00e4gt so dazu bei, den administrativen Aufwand nach einem Vorfall zu reduzieren.<\/div>\n<\/details>\n<\/div>\n<details class=\"video-transcript\">\n<summary>Videotranskript ansehen<\/summary>\n<div class=\"transcript-content\">Wir sind ein Hersteller namens Voxela Inc.<br \/>Wir stellen ein \u00dcberwachungssystem vor, das Kameras verwendet.<br \/>Die Kamera selbst enth\u00e4lt keinen internen Mechanismus; Unser System nutzt KI, um die Bewegungen des Nutzers im Videostream der Kamera kontinuierlich zu erkennen und Sie zu benachrichtigen. Die Benachrichtigungen umfassen beispielsweise das Aufstehen, das Betreten eines bestimmten Bereichs oder einen Sturz. Zus\u00e4tzlich zur Benachrichtigung senden wir ein 30-sek\u00fcndiges Kurzvideo. So k\u00f6nnen wir Ihnen beispielsweise nach Best\u00e4tigung der Sturzumst\u00e4nde eine Benachrichtigung senden, damit Sie umgehend die notwendigen Ma\u00dfnahmen ergreifen k\u00f6nnen. Der n\u00e4chste Schritt zur L\u00f6sung dieses Problems ist die Erstellung eines Unfallberichts. Wir bieten Ihnen jedoch ein System, in dem KI die Erstellung von Unfallberichten f\u00fcr Sie \u00fcbernimmt. Per Knopfdruck transkribiert sie den Bericht und unterst\u00fctzt Sie bei der Berichtserstellung. Wir sind \u00fcberzeugt, dass wir Sie auch bei Ihren t\u00e4glichen, indirekten Aufgaben unterst\u00fctzen k\u00f6nnen.<\/div>\n<\/details>\n<h2>Kontaktieren Sie das Unternehmen<\/h2>\n<div class=\"company-profile-section\">\n<div class=\"company-shot\"><a href=\"https:\/\/www.voxela.ai\/ja\/\" target=\"_blank\" rel=\"noopener noreferrer\"><img decoding=\"async\" src=\"https:\/\/s.wordpress.com\/mshots\/v1\/https%3A%2F%2Fwww.voxela.ai%2Fja%2F?w=800\" alt=\"offizielle Website der Voxela Japan Co., Ltd.\" loading=\"lazy\"><\/a><\/div>\n<div class=\"company-info\">\n<ul>\n<li><span class=\"label\">Hauptsitz<\/span> <span class=\"value\">2F Kuwano Building, 6-23-4 Jingumae, Shibuya-ku, Tokio, Japan<\/span><\/li>\n<li><span class=\"label\">Gegr\u00fcndet<\/span> <span class=\"value\">&#8211;<\/span><\/li>\n<li><span class=\"label\">Mitarbeiter<\/span> <span class=\"value\">&#8211;<\/span><\/li>\n<li><span class=\"label\">Offizielle Website<\/span> <span class=\"value\"><a href=\"https:\/\/www.voxela.ai\/ja\/\" target=\"_blank\" rel=\"noopener noreferrer\">https:\/\/www.voxela.ai\/ja\/<\/a><\/span><\/li>\n<li><span class=\"label\">Gesch\u00e4ftsbereiche<\/span> <span class=\"value\">Bereitstellung, Konzeption, Entwicklung und Wartung von Computerprogrammen f\u00fcr die Krankenpflege sowie KI-gest\u00fctzter \u00dcberwachungsl\u00f6sungen f\u00fcr Pflege- und Gesundheitseinrichtungen<\/span><\/li>\n<li><span class=\"label\">Hauptprodukte und Dienstleistungen<\/span> <span class=\"value\">Voxela VCare bietet KI-gest\u00fctzte Funktionen zur Erkennung, \u00dcberwachung, \u00dcberpr\u00fcfung und Meldung von Vorf\u00e4llen sowie zur Pr\u00e4vention von Risiken und zur Erstellung von Berichten.<\/span><\/li>\n<\/ul>\n<\/div>\n<\/div>\n<\/div>\n","protected":false},"excerpt":{"rendered":"<p>Voxela Japan Co., Ltd. stellte auf der CareTEX Tokyo 2026 Summer ein KI-gest\u00fctztes Video\u00fcberwachungssystem f\u00fcr Pflegeeinrichtungen vor. Das System analysiert mithilfe von KI kontinuierlich Kameraaufnahmen und erkennt Aktivit\u00e4ten der Bewohner, wie z. \u2026<\/p>\n","protected":false},"author":1,"featured_media":98581,"comment_status":"open","ping_status":"open","sticky":false,"template":"","format":"video","meta":{"_acf_changed":false,"footnotes":""},"categories":[799],"tags":[534,624,5,522,622,580,554,45,37,46,15,528,42,39,512,594,540,617,498,544],"class_list":["post-98579","post","type-post","status-publish","format-video","has-post-thumbnail","hentry","category-caretex-tokyo-summer-2026-japan","tag-machinery-industrial-technology-7","tag-services-9","tag-services","tag-machinery-industrial-technology-6","tag-medical-care-health-6","tag-medical-care-health-5","tag-services-1","tag-information-telecommunication","tag-japan","tag-agriculture-forestry-fishery-and-food","tag-living","tag-agriculture-forestry-fishery-and-food-2","tag-machinery-industrial-technology","tag-medical-care-health","tag-living-4","tag-machinery-industrial-technology-5","tag-living-12","tag-medical-care-health-3","tag-information-telecommunication-1","tag-services-3","post_format-post-format-video"],"acf":[],"yoast_head":"<!-- This site is optimized with the Yoast SEO plugin v27.7 - https:\/\/yoast.com\/product\/yoast-seo-wordpress\/ -->\n<title>Voxela - Voxela Inc. [The 3rd CareTEX Tokyo &#039;26 Summer] \u2013 Aussteller Video | WorldTradeShow.TV<\/title>\n<meta name=\"robots\" content=\"index, follow, max-snippet:-1, max-image-preview:large, max-video-preview:-1\" \/>\n<link rel=\"canonical\" href=\"https:\/\/www.worldtradeshow.tv\/german\/video\/caretex-tokyo-summer-2026-japan\/voxela-voxela-inc-the-3rd-caretex-tokyo-26-summer\/\" \/>\n<meta property=\"og:locale\" content=\"de_DE\" \/>\n<meta property=\"og:type\" content=\"article\" \/>\n<meta property=\"og:title\" content=\"Voxela - Voxela Inc. [The 3rd CareTEX Tokyo &#039;26 Summer] \u2013 Aussteller Video | WorldTradeShow.TV\" \/>\n<meta property=\"og:description\" content=\"Voxela Japan Co., Ltd. stellte auf der CareTEX Tokyo 2026 Summer ein KI-gest\u00fctztes Video\u00fcberwachungssystem f\u00fcr Pflegeeinrichtungen vor. Das System analysiert mithilfe von KI kontinuierlich Kameraaufnahmen und erkennt Aktivit\u00e4ten der Bewohner, wie z. \u2026\" \/>\n<meta property=\"og:url\" content=\"https:\/\/www.worldtradeshow.tv\/german\/video\/caretex-tokyo-summer-2026-japan\/voxela-voxela-inc-the-3rd-caretex-tokyo-26-summer\/\" \/>\n<meta property=\"og:site_name\" content=\"Videos von Internationalen Messen und Neuen Produkten \u2013 WorldTradeShow.TV\" \/>\n<meta property=\"article:publisher\" content=\"https:\/\/www.facebook.com\/tenji.tv\" \/>\n<meta property=\"article:published_time\" content=\"2026-08-27T03:06:30+00:00\" \/>\n<meta property=\"article:modified_time\" content=\"2026-09-01T01:29:15+00:00\" \/>\n<meta property=\"og:image\" content=\"https:\/\/www.worldtradeshow.tv\/german\/wp-content\/uploads\/2026\/08\/maxresdefault-76.jpg\" \/>\n\t<meta property=\"og:image:width\" content=\"1280\" \/>\n\t<meta property=\"og:image:height\" content=\"720\" \/>\n\t<meta property=\"og:image:type\" content=\"image\/jpeg\" \/>\n<meta name=\"author\" content=\"user\" \/>\n<meta name=\"twitter:card\" content=\"summary_large_image\" \/>\n<meta name=\"twitter:creator\" content=\"@tenjitv\" \/>\n<meta name=\"twitter:site\" content=\"@tenjitv\" \/>\n<meta name=\"twitter:label1\" content=\"Verfasst von\" \/>\n\t<meta name=\"twitter:data1\" content=\"user\" \/>\n\t<meta name=\"twitter:label2\" content=\"Gesch\u00e4tzte Lesezeit\" \/>\n\t<meta name=\"twitter:data2\" content=\"3\u00a0Minuten\" \/>\n<script type=\"application\/ld+json\" class=\"yoast-schema-graph\">{\"@context\":\"https:\\\/\\\/schema.org\",\"@graph\":[{\"@type\":\"Article\",\"@id\":\"https:\\\/\\\/www.worldtradeshow.tv\\\/german\\\/video\\\/caretex-tokyo-summer-2026-japan\\\/voxela-voxela-inc-the-3rd-caretex-tokyo-26-summer\\\/#article\",\"isPartOf\":{\"@id\":\"https:\\\/\\\/www.worldtradeshow.tv\\\/german\\\/video\\\/caretex-tokyo-summer-2026-japan\\\/voxela-voxela-inc-the-3rd-caretex-tokyo-26-summer\\\/\"},\"author\":{\"name\":\"user\",\"@id\":\"https:\\\/\\\/www.worldtradeshow.tv\\\/german\\\/#\\\/schema\\\/person\\\/dfcf88025bf6b941072148407e2bde58\"},\"headline\":\"Voxela - Voxela Inc. [The 3rd CareTEX Tokyo '26 Summer]\",\"datePublished\":\"2026-08-27T03:06:30+00:00\",\"dateModified\":\"2026-09-01T01:29:15+00:00\",\"mainEntityOfPage\":{\"@id\":\"https:\\\/\\\/www.worldtradeshow.tv\\\/german\\\/video\\\/caretex-tokyo-summer-2026-japan\\\/voxela-voxela-inc-the-3rd-caretex-tokyo-26-summer\\\/\"},\"wordCount\":600,\"commentCount\":0,\"image\":{\"@id\":\"https:\\\/\\\/www.worldtradeshow.tv\\\/german\\\/video\\\/caretex-tokyo-summer-2026-japan\\\/voxela-voxela-inc-the-3rd-caretex-tokyo-26-summer\\\/#primaryimage\"},\"thumbnailUrl\":\"https:\\\/\\\/www.worldtradeshow.tv\\\/german\\\/wp-content\\\/uploads\\\/2026\\\/08\\\/maxresdefault-76.jpg\",\"keywords\":[\"Andere Industriemaschinen und -ger\u00e4te\",\"Arbeitssicherheit und Gesundheitsschutz \\\/ Arbeitsmanagement\",\"Dienstleistungen\",\"Elektrik und Elektronik (Produkte \\\/ Maschinen)\",\"Fitness\",\"Gesundheitswesen (Ausr\u00fcstung \\\/ Produkte &amp; Dienstleistungen)\",\"Hotel-\\\/Restaurant- und Catering-Unternehmen\",\"Information \\\/ Telekommunikation\",\"Japan\",\"Landwirtschaft \\\/ Forstwirtschaft \\\/ Fischerei und Lebensmittel\",\"Leben\",\"Lebensmittel und Getr\u00e4nke \\\/ Lebensmittelverarbeitung\",\"Maschinen \\\/ Industrietechnik\",\"Medizinische Versorgung \\\/ Gesundheit\",\"M\u00f6bel und Einrichtungsgegenst\u00e4nde \\\/ Teile\",\"Pr\u00fcfen \\\/ Messen &amp; Analysieren \\\/ Feinmechanik\",\"Sicherheit \\\/ Schutz \\\/ Brandschutz \\\/ Polizei \\\/ Verteidigung\",\"Sozial- und Pflegeausr\u00fcstung \\\/ Rehabilitation\",\"Telekommunikation \\\/ Datenverarbeitung \\\/ Computer\",\"Werbung \\\/ Marketing \\\/ Betriebswirtschaft\"],\"articleSection\":[\"The 3rd CareTEX Tokyo '26 Summer\"],\"inLanguage\":\"de\",\"potentialAction\":[{\"@type\":\"CommentAction\",\"name\":\"Comment\",\"target\":[\"https:\\\/\\\/www.worldtradeshow.tv\\\/german\\\/video\\\/caretex-tokyo-summer-2026-japan\\\/voxela-voxela-inc-the-3rd-caretex-tokyo-26-summer\\\/#respond\"]}]},{\"@type\":\"WebPage\",\"@id\":\"https:\\\/\\\/www.worldtradeshow.tv\\\/german\\\/video\\\/caretex-tokyo-summer-2026-japan\\\/voxela-voxela-inc-the-3rd-caretex-tokyo-26-summer\\\/\",\"url\":\"https:\\\/\\\/www.worldtradeshow.tv\\\/german\\\/video\\\/caretex-tokyo-summer-2026-japan\\\/voxela-voxela-inc-the-3rd-caretex-tokyo-26-summer\\\/\",\"name\":\"Voxela - Voxela Inc. [The 3rd CareTEX Tokyo '26 Summer] \u2013 Aussteller Video | WorldTradeShow.TV\",\"isPartOf\":{\"@id\":\"https:\\\/\\\/www.worldtradeshow.tv\\\/german\\\/#website\"},\"primaryImageOfPage\":{\"@id\":\"https:\\\/\\\/www.worldtradeshow.tv\\\/german\\\/video\\\/caretex-tokyo-summer-2026-japan\\\/voxela-voxela-inc-the-3rd-caretex-tokyo-26-summer\\\/#primaryimage\"},\"image\":{\"@id\":\"https:\\\/\\\/www.worldtradeshow.tv\\\/german\\\/video\\\/caretex-tokyo-summer-2026-japan\\\/voxela-voxela-inc-the-3rd-caretex-tokyo-26-summer\\\/#primaryimage\"},\"thumbnailUrl\":\"https:\\\/\\\/www.worldtradeshow.tv\\\/german\\\/wp-content\\\/uploads\\\/2026\\\/08\\\/maxresdefault-76.jpg\",\"datePublished\":\"2026-08-27T03:06:30+00:00\",\"dateModified\":\"2026-09-01T01:29:15+00:00\",\"author\":{\"@id\":\"https:\\\/\\\/www.worldtradeshow.tv\\\/german\\\/#\\\/schema\\\/person\\\/dfcf88025bf6b941072148407e2bde58\"},\"breadcrumb\":{\"@id\":\"https:\\\/\\\/www.worldtradeshow.tv\\\/german\\\/video\\\/caretex-tokyo-summer-2026-japan\\\/voxela-voxela-inc-the-3rd-caretex-tokyo-26-summer\\\/#breadcrumb\"},\"inLanguage\":\"de\",\"potentialAction\":[{\"@type\":\"ReadAction\",\"target\":[\"https:\\\/\\\/www.worldtradeshow.tv\\\/german\\\/video\\\/caretex-tokyo-summer-2026-japan\\\/voxela-voxela-inc-the-3rd-caretex-tokyo-26-summer\\\/\"]}]},{\"@type\":\"ImageObject\",\"inLanguage\":\"de\",\"@id\":\"https:\\\/\\\/www.worldtradeshow.tv\\\/german\\\/video\\\/caretex-tokyo-summer-2026-japan\\\/voxela-voxela-inc-the-3rd-caretex-tokyo-26-summer\\\/#primaryimage\",\"url\":\"https:\\\/\\\/www.worldtradeshow.tv\\\/german\\\/wp-content\\\/uploads\\\/2026\\\/08\\\/maxresdefault-76.jpg\",\"contentUrl\":\"https:\\\/\\\/www.worldtradeshow.tv\\\/german\\\/wp-content\\\/uploads\\\/2026\\\/08\\\/maxresdefault-76.jpg\",\"width\":1280,\"height\":720},{\"@type\":\"BreadcrumbList\",\"@id\":\"https:\\\/\\\/www.worldtradeshow.tv\\\/german\\\/video\\\/caretex-tokyo-summer-2026-japan\\\/voxela-voxela-inc-the-3rd-caretex-tokyo-26-summer\\\/#breadcrumb\",\"itemListElement\":[{\"@type\":\"ListItem\",\"position\":1,\"name\":\"Startseite\",\"item\":\"https:\\\/\\\/www.worldtradeshow.tv\\\/german\\\/\"},{\"@type\":\"ListItem\",\"position\":2,\"name\":\"Voxela - Voxela Inc. [The 3rd CareTEX Tokyo '26 Summer]\"}]},{\"@type\":\"WebSite\",\"@id\":\"https:\\\/\\\/www.worldtradeshow.tv\\\/german\\\/#website\",\"url\":\"https:\\\/\\\/www.worldtradeshow.tv\\\/german\\\/\",\"name\":\"Videos von Internationalen Messen und Neuen Produkten \u2013 WorldTradeShow.TV\",\"description\":\"Entdecken Sie Videos von internationalen Messen und neue Produkte auf Deutsch\",\"potentialAction\":[{\"@type\":\"SearchAction\",\"target\":{\"@type\":\"EntryPoint\",\"urlTemplate\":\"https:\\\/\\\/www.worldtradeshow.tv\\\/german\\\/?s={search_term_string}\"},\"query-input\":{\"@type\":\"PropertyValueSpecification\",\"valueRequired\":true,\"valueName\":\"search_term_string\"}}],\"inLanguage\":\"de\"},{\"@type\":\"Person\",\"@id\":\"https:\\\/\\\/www.worldtradeshow.tv\\\/german\\\/#\\\/schema\\\/person\\\/dfcf88025bf6b941072148407e2bde58\",\"name\":\"user\",\"image\":{\"@type\":\"ImageObject\",\"inLanguage\":\"de\",\"@id\":\"https:\\\/\\\/secure.gravatar.com\\\/avatar\\\/b4c9a289323b21a01c3e940f150eb9b8c542587f1abfd8f0e1cc1ffc5e475514?s=96&d=mm&r=g\",\"url\":\"https:\\\/\\\/secure.gravatar.com\\\/avatar\\\/b4c9a289323b21a01c3e940f150eb9b8c542587f1abfd8f0e1cc1ffc5e475514?s=96&d=mm&r=g\",\"contentUrl\":\"https:\\\/\\\/secure.gravatar.com\\\/avatar\\\/b4c9a289323b21a01c3e940f150eb9b8c542587f1abfd8f0e1cc1ffc5e475514?s=96&d=mm&r=g\",\"caption\":\"user\"},\"sameAs\":[\"http:\"]}]}<\/script>\n<meta property=\"og:video\" content=\"https:\/\/www.youtube.com\/embed\/icPR37nMHFE\" \/>\n<meta property=\"og:video:type\" content=\"text\/html\" \/>\n<meta property=\"og:video:duration\" content=\"80\" \/>\n<meta property=\"og:video:width\" content=\"480\" \/>\n<meta property=\"og:video:height\" content=\"270\" \/>\n<meta property=\"ya:ovs:adult\" content=\"false\" \/>\n<meta property=\"ya:ovs:allow_embed\" content=\"true\" \/>\n<!-- \/ Yoast SEO plugin. -->","yoast_head_json":{"title":"Voxela - Voxela Inc. [The 3rd CareTEX Tokyo '26 Summer] \u2013 Aussteller Video | WorldTradeShow.TV","robots":{"index":"index","follow":"follow","max-snippet":"max-snippet:-1","max-image-preview":"max-image-preview:large","max-video-preview":"max-video-preview:-1"},"canonical":"https:\/\/www.worldtradeshow.tv\/german\/video\/caretex-tokyo-summer-2026-japan\/voxela-voxela-inc-the-3rd-caretex-tokyo-26-summer\/","og_locale":"de_DE","og_type":"article","og_title":"Voxela - Voxela Inc. [The 3rd CareTEX Tokyo '26 Summer] \u2013 Aussteller Video | WorldTradeShow.TV","og_description":"Voxela Japan Co., Ltd. stellte auf der CareTEX Tokyo 2026 Summer ein KI-gest\u00fctztes Video\u00fcberwachungssystem f\u00fcr Pflegeeinrichtungen vor. Das System analysiert mithilfe von KI kontinuierlich Kameraaufnahmen und erkennt Aktivit\u00e4ten der Bewohner, wie z. \u2026","og_url":"https:\/\/www.worldtradeshow.tv\/german\/video\/caretex-tokyo-summer-2026-japan\/voxela-voxela-inc-the-3rd-caretex-tokyo-26-summer\/","og_site_name":"Videos von Internationalen Messen und Neuen Produkten \u2013 WorldTradeShow.TV","article_publisher":"https:\/\/www.facebook.com\/tenji.tv","article_published_time":"2026-08-27T03:06:30+00:00","article_modified_time":"2026-09-01T01:29:15+00:00","og_image":[{"width":1280,"height":720,"url":"https:\/\/www.worldtradeshow.tv\/german\/wp-content\/uploads\/2026\/08\/maxresdefault-76.jpg","type":"image\/jpeg"}],"author":"user","twitter_card":"summary_large_image","twitter_creator":"@tenjitv","twitter_site":"@tenjitv","twitter_misc":{"Verfasst von":"user","Gesch\u00e4tzte Lesezeit":"3\u00a0Minuten"},"schema":{"@context":"https:\/\/schema.org","@graph":[{"@type":"Article","@id":"https:\/\/www.worldtradeshow.tv\/german\/video\/caretex-tokyo-summer-2026-japan\/voxela-voxela-inc-the-3rd-caretex-tokyo-26-summer\/#article","isPartOf":{"@id":"https:\/\/www.worldtradeshow.tv\/german\/video\/caretex-tokyo-summer-2026-japan\/voxela-voxela-inc-the-3rd-caretex-tokyo-26-summer\/"},"author":{"name":"user","@id":"https:\/\/www.worldtradeshow.tv\/german\/#\/schema\/person\/dfcf88025bf6b941072148407e2bde58"},"headline":"Voxela - Voxela Inc. [The 3rd CareTEX Tokyo '26 Summer]","datePublished":"2026-08-27T03:06:30+00:00","dateModified":"2026-09-01T01:29:15+00:00","mainEntityOfPage":{"@id":"https:\/\/www.worldtradeshow.tv\/german\/video\/caretex-tokyo-summer-2026-japan\/voxela-voxela-inc-the-3rd-caretex-tokyo-26-summer\/"},"wordCount":600,"commentCount":0,"image":{"@id":"https:\/\/www.worldtradeshow.tv\/german\/video\/caretex-tokyo-summer-2026-japan\/voxela-voxela-inc-the-3rd-caretex-tokyo-26-summer\/#primaryimage"},"thumbnailUrl":"https:\/\/www.worldtradeshow.tv\/german\/wp-content\/uploads\/2026\/08\/maxresdefault-76.jpg","keywords":["Andere Industriemaschinen und -ger\u00e4te","Arbeitssicherheit und Gesundheitsschutz \/ Arbeitsmanagement","Dienstleistungen","Elektrik und Elektronik (Produkte \/ Maschinen)","Fitness","Gesundheitswesen (Ausr\u00fcstung \/ Produkte &amp; Dienstleistungen)","Hotel-\/Restaurant- und Catering-Unternehmen","Information \/ Telekommunikation","Japan","Landwirtschaft \/ Forstwirtschaft \/ Fischerei und Lebensmittel","Leben","Lebensmittel und Getr\u00e4nke \/ Lebensmittelverarbeitung","Maschinen \/ Industrietechnik","Medizinische Versorgung \/ Gesundheit","M\u00f6bel und Einrichtungsgegenst\u00e4nde \/ Teile","Pr\u00fcfen \/ Messen &amp; Analysieren \/ Feinmechanik","Sicherheit \/ Schutz \/ Brandschutz \/ Polizei \/ Verteidigung","Sozial- und Pflegeausr\u00fcstung \/ Rehabilitation","Telekommunikation \/ Datenverarbeitung \/ Computer","Werbung \/ Marketing \/ Betriebswirtschaft"],"articleSection":["The 3rd CareTEX Tokyo '26 Summer"],"inLanguage":"de","potentialAction":[{"@type":"CommentAction","name":"Comment","target":["https:\/\/www.worldtradeshow.tv\/german\/video\/caretex-tokyo-summer-2026-japan\/voxela-voxela-inc-the-3rd-caretex-tokyo-26-summer\/#respond"]}]},{"@type":"WebPage","@id":"https:\/\/www.worldtradeshow.tv\/german\/video\/caretex-tokyo-summer-2026-japan\/voxela-voxela-inc-the-3rd-caretex-tokyo-26-summer\/","url":"https:\/\/www.worldtradeshow.tv\/german\/video\/caretex-tokyo-summer-2026-japan\/voxela-voxela-inc-the-3rd-caretex-tokyo-26-summer\/","name":"Voxela - Voxela Inc. [The 3rd CareTEX Tokyo '26 Summer] \u2013 Aussteller Video | WorldTradeShow.TV","isPartOf":{"@id":"https:\/\/www.worldtradeshow.tv\/german\/#website"},"primaryImageOfPage":{"@id":"https:\/\/www.worldtradeshow.tv\/german\/video\/caretex-tokyo-summer-2026-japan\/voxela-voxela-inc-the-3rd-caretex-tokyo-26-summer\/#primaryimage"},"image":{"@id":"https:\/\/www.worldtradeshow.tv\/german\/video\/caretex-tokyo-summer-2026-japan\/voxela-voxela-inc-the-3rd-caretex-tokyo-26-summer\/#primaryimage"},"thumbnailUrl":"https:\/\/www.worldtradeshow.tv\/german\/wp-content\/uploads\/2026\/08\/maxresdefault-76.jpg","datePublished":"2026-08-27T03:06:30+00:00","dateModified":"2026-09-01T01:29:15+00:00","author":{"@id":"https:\/\/www.worldtradeshow.tv\/german\/#\/schema\/person\/dfcf88025bf6b941072148407e2bde58"},"breadcrumb":{"@id":"https:\/\/www.worldtradeshow.tv\/german\/video\/caretex-tokyo-summer-2026-japan\/voxela-voxela-inc-the-3rd-caretex-tokyo-26-summer\/#breadcrumb"},"inLanguage":"de","potentialAction":[{"@type":"ReadAction","target":["https:\/\/www.worldtradeshow.tv\/german\/video\/caretex-tokyo-summer-2026-japan\/voxela-voxela-inc-the-3rd-caretex-tokyo-26-summer\/"]}]},{"@type":"ImageObject","inLanguage":"de","@id":"https:\/\/www.worldtradeshow.tv\/german\/video\/caretex-tokyo-summer-2026-japan\/voxela-voxela-inc-the-3rd-caretex-tokyo-26-summer\/#primaryimage","url":"https:\/\/www.worldtradeshow.tv\/german\/wp-content\/uploads\/2026\/08\/maxresdefault-76.jpg","contentUrl":"https:\/\/www.worldtradeshow.tv\/german\/wp-content\/uploads\/2026\/08\/maxresdefault-76.jpg","width":1280,"height":720},{"@type":"BreadcrumbList","@id":"https:\/\/www.worldtradeshow.tv\/german\/video\/caretex-tokyo-summer-2026-japan\/voxela-voxela-inc-the-3rd-caretex-tokyo-26-summer\/#breadcrumb","itemListElement":[{"@type":"ListItem","position":1,"name":"Startseite","item":"https:\/\/www.worldtradeshow.tv\/german\/"},{"@type":"ListItem","position":2,"name":"Voxela - Voxela Inc. [The 3rd CareTEX Tokyo '26 Summer]"}]},{"@type":"WebSite","@id":"https:\/\/www.worldtradeshow.tv\/german\/#website","url":"https:\/\/www.worldtradeshow.tv\/german\/","name":"Videos von Internationalen Messen und Neuen Produkten \u2013 WorldTradeShow.TV","description":"Entdecken Sie Videos von internationalen Messen und neue Produkte auf Deutsch","potentialAction":[{"@type":"SearchAction","target":{"@type":"EntryPoint","urlTemplate":"https:\/\/www.worldtradeshow.tv\/german\/?s={search_term_string}"},"query-input":{"@type":"PropertyValueSpecification","valueRequired":true,"valueName":"search_term_string"}}],"inLanguage":"de"},{"@type":"Person","@id":"https:\/\/www.worldtradeshow.tv\/german\/#\/schema\/person\/dfcf88025bf6b941072148407e2bde58","name":"user","image":{"@type":"ImageObject","inLanguage":"de","@id":"https:\/\/secure.gravatar.com\/avatar\/b4c9a289323b21a01c3e940f150eb9b8c542587f1abfd8f0e1cc1ffc5e475514?s=96&d=mm&r=g","url":"https:\/\/secure.gravatar.com\/avatar\/b4c9a289323b21a01c3e940f150eb9b8c542587f1abfd8f0e1cc1ffc5e475514?s=96&d=mm&r=g","contentUrl":"https:\/\/secure.gravatar.com\/avatar\/b4c9a289323b21a01c3e940f150eb9b8c542587f1abfd8f0e1cc1ffc5e475514?s=96&d=mm&r=g","caption":"user"},"sameAs":["http:"]}]},"og_video":"https:\/\/www.youtube.com\/embed\/icPR37nMHFE","og_video_type":"text\/html","og_video_duration":"80","og_video_width":"480","og_video_height":"270","ya_ovs_adult":"false","ya_ovs_allow_embed":"true"},"cmb2":{"poster_feature_image":{"vid_m_player_background":"on","vid_m_poster_image":"","vid_m_poster_image_id":""},"gif_feature_image":{"vid_m_gif_image":"","vid_m_gif_image_id":""},"video_movie_settings":{"vid_m_director":"","vid_m_actor":"","vid_m_imdb_ratings":"","vid_m_amazon_associates":"","vid_m_vid_tmdb_movie":"","vid_m_vid_tmdb_tv_shows":"","vid_m_vid_tmdb_thumb":"backdrop_sizes"},"vid_ads_m_videoads_settings_post":{"vid_ads_m_video_ads":"","vid_ads_m_video_ads_type":"","vid_ads_m_group_google_ima":"","vid_ads_m_group_image":"","vid_ads_m_group_html5_video":"","vid_ads_m_group_html":"","vid_ads_m_vpaid_mode":"","vid_ads_m_vast_preroll":"","vid_ads_m_vast_postroll":"","vid_ads_m_vast_pauseroll":"","vid_ads_m_vast_midroll":"","vid_ads_m_group_dynamic":"","vid_ads_m_time_to_show_ads":"","vid_ads_m_time_skip_ads":"","vid_ads_m_time_to_hide_ads":""},"feature_image_settings":{"feature_image_position":""},"video_player_settings":{"single_video_style":"","video_player_position":"","vm_video_url_btn_choose":"","vm_video_url_btn_choose_id":"","vm_video_url":"https:\/\/www.youtube.com\/watch?v=icPR37nMHFE","vm_video_ratio":"16:9","vm_video_ratio_mobile":"16:9","video_player_library":"","plyr_player":"","video_streaming":"","vm_video_shortcode":"","vm_video_timelapse":"","vm_media_subtitles":"","vm_media_sources":"","vid_vtt_preview":"","vid_vtt_preview_vtt_file":"","vid_vtt_preview_vtt_file_id":"","vid_vtt_preview_sprite_image":"","vid_vtt_preview_sprite_image_id":"","vid_auto_play":"","vid_preview_mode":"","vm_video_trailer_manl_url":"","vm_screenshot_preview":"","vid_tags":"","vid_p_sync_playlist":"","vid_c_sync_channel":"","get_post_format":"","multiple_links_structure":"default","multi_links_title":"","original_video_title":"","multi_links_series":"","vm_video_multi_links":"","vm_duration":"","vid_social_locker":"","vid_locker_mode":"social","vid_social_locker_id":"","vid_social_email_locker_id":"","vid_social_signin_locker_id":"","sv_login_to_watch":"","vid_membership_action":"content-video","vm_video_trailer_url":"","vid_download_type":"free","vid_download_target":"download","vid_woo_product":"","vid_download_mode":"","vid_download_mode_trailer":"","vm_media_download":"","user_rating":"","user_rating_position":"","user_rating_mode":"","user_rating_multi_sets":"","ads_above_single_player":""},"video_auto_fetch_settings":{"vm_video_fetch":"on"},"video_fake_views_likes":{"vm_fake_views":"","vm_fake_likes":"","vm_fake_dislikes":""},"gallery_settings":{"gallery_position":""},"quote_settings":{"quote_position":""},"post_options":{"main_layout":"","main_logo":"","main_logo_id":"","main_logo_retina":"","main_logo_retina_id":"","main_logo_mobile":"","main_logo_mobile_id":"","main_logo_mobile_retina":"","main_logo_mobile_retina_id":"","sticky_logo":"","sticky_logo_id":"","sticky_logo_retina":"","sticky_logo_retina_id":"","main_nav_layout":"","header_background":"","theme_sidebar":"","single_post_comment_type":"","theme_background":""}},"_links":{"self":[{"href":"https:\/\/www.worldtradeshow.tv\/german\/wp-json\/wp\/v2\/posts\/98579","targetHints":{"allow":["GET"]}}],"collection":[{"href":"https:\/\/www.worldtradeshow.tv\/german\/wp-json\/wp\/v2\/posts"}],"about":[{"href":"https:\/\/www.worldtradeshow.tv\/german\/wp-json\/wp\/v2\/types\/post"}],"author":[{"embeddable":true,"href":"https:\/\/www.worldtradeshow.tv\/german\/wp-json\/wp\/v2\/users\/1"}],"replies":[{"embeddable":true,"href":"https:\/\/www.worldtradeshow.tv\/german\/wp-json\/wp\/v2\/comments?post=98579"}],"version-history":[{"count":1,"href":"https:\/\/www.worldtradeshow.tv\/german\/wp-json\/wp\/v2\/posts\/98579\/revisions"}],"predecessor-version":[{"id":98580,"href":"https:\/\/www.worldtradeshow.tv\/german\/wp-json\/wp\/v2\/posts\/98579\/revisions\/98580"}],"wp:featuredmedia":[{"embeddable":true,"href":"https:\/\/www.worldtradeshow.tv\/german\/wp-json\/wp\/v2\/media\/98581"}],"wp:attachment":[{"href":"https:\/\/www.worldtradeshow.tv\/german\/wp-json\/wp\/v2\/media?parent=98579"}],"wp:term":[{"taxonomy":"category","embeddable":true,"href":"https:\/\/www.worldtradeshow.tv\/german\/wp-json\/wp\/v2\/categories?post=98579"},{"taxonomy":"post_tag","embeddable":true,"href":"https:\/\/www.worldtradeshow.tv\/german\/wp-json\/wp\/v2\/tags?post=98579"}],"curies":[{"name":"wp","href":"https:\/\/api.w.org\/{rel}","templated":true}]}}