{"id":98573,"date":"2026-08-27T03:06:36","date_gmt":"2026-08-27T03:06:36","guid":{"rendered":"https:\/\/www.worldtradeshow.tv\/german\/?p=98573"},"modified":"2026-09-01T01:29:11","modified_gmt":"2026-09-01T01:29:11","slug":"fukuyakkun-cuc-i-data-inc-the-3rd-caretex-tokyo-26-summer","status":"publish","type":"post","link":"https:\/\/www.worldtradeshow.tv\/german\/video\/caretex-tokyo-summer-2026-japan\/fukuyakkun-cuc-i-data-inc-the-3rd-caretex-tokyo-26-summer\/","title":{"rendered":"Fukuyakkun - CUC i-DATA Inc. [The 3rd CareTEX Tokyo '26 Summer]"},"content":{"rendered":"<div class=\"entry-content \">\n<blockquote class=\"wp-block-quote\">\n<p>CUC iData Co., Ltd. stellte auf der CareTEX Tokyo 2026 Summer \u201eFukuyakkun\u201c vor, ein System zur Vermeidung von Medikationsfehlern in Pflegeeinrichtungen. Mithilfe einer speziellen mobilen Anwendung zum Scannen von QR-Codes \u00fcberpr\u00fcft das System, ob die Medikamente dem richtigen Bewohner verabreicht werden, und hilft Einrichtungen so, Medikationsfehler im t\u00e4glichen Pflegebetrieb zu vermeiden.<\/p>\n<p>Das System ist zudem darauf ausgelegt, die Arbeitsabl\u00e4ufe bei der Medikamentenverabreichung zu optimieren. Laut Unternehmen k\u00f6nnen Prozesse, f\u00fcr die zuvor zwei Mitarbeiter zur \u00dcberpr\u00fcfung ben\u00f6tigt wurden, nun von einer Person mit systembasierter Verifizierung durchgef\u00fchrt werden. Medikamentendokumentationen werden automatisch erstellt, wodurch der administrative Aufwand f\u00fcr die Dokumentation der Medikamentenverabreichung reduziert wird.<\/p>\n<p>Durch die Kombination von QR-Code-basierter Verifizierung mit automatischer Datenerfassung tr\u00e4gt Fukuyakkun sowohl zur Verbesserung der Medikamentensicherheit als auch zur Steigerung der betrieblichen Effizienz bei. CUC iData pr\u00e4sentierte das System als L\u00f6sung f\u00fcr Pflegeeinrichtungen, die das Risiko von Medikationsfehlern reduzieren und gleichzeitig den Arbeitsaufwand f\u00fcr manuelle Kontrollen und die Datenverwaltung verringern m\u00f6chten.<\/p>\n<\/blockquote>\n<div class=\"video-summary-grid\">\n<div class=\"summary-card\">\n<h3>Angegangene Herausforderungen<\/h3>\n<ul>\n<li><a href=\"\/german\/?s=Vermeidung%20von%20Medikationsfehlern%20in%20Pflegeeinrichtungen&#038;post_type=post\">Vermeidung von Medikationsfehlern in Pflegeeinrichtungen<\/a><\/li>\n<li><a href=\"\/german\/?s=Reduzierung%20des%20Arbeitsaufwands%20f%C3%BCr%20die%20Medikamentenkontrolle&#038;post_type=post\">Reduzierung des Arbeitsaufwands f\u00fcr die Medikamentenkontrolle<\/a><\/li>\n<li><a href=\"\/german\/?s=Optimierung%20der%20Medikamentenaufzeichnungen&#038;post_type=post\">Optimierung der Medikamentenaufzeichnungen<\/a><\/li>\n<\/ul>\n<\/div>\n<div class=\"summary-card\">\n<h3>L\u00f6sungen<\/h3>\n<ul>\n<li><a href=\"\/german\/?s=Fukuyakkun-System%20zur%20Vermeidung%20von%20Medikationsfehlern&#038;post_type=post\">Fukuyakkun-System zur Vermeidung von Medikationsfehlern<\/a><\/li>\n<li><a href=\"\/german\/?s=Medikamentenverifizierung%20mittels%20QR-Code&#038;post_type=post\">Medikamentenverifizierung mittels QR-Code<\/a><\/li>\n<li><a href=\"\/german\/?s=Automatische%20Medikamentenaufzeichnung&#038;post_type=post\">Automatische Medikamentenaufzeichnung<\/a><\/li>\n<\/ul>\n<\/div>\n<div class=\"summary-card\">\n<h3>Zielkunden<\/h3>\n<ul>\n<li><a href=\"\/german\/?s=Pflegeeinrichtungen&#038;post_type=post\">Pflegeeinrichtungen<\/a><\/li>\n<li><a href=\"\/german\/?s=Altenpflegeeinrichtungen&#038;post_type=post\">Altenpflegeeinrichtungen<\/a><\/li>\n<li><a href=\"\/german\/?s=Pflegekr%C3%A4fte%20und%20Mitarbeiter%20im%20Bereich%20der%20Medikamentenunterst%C3%BCtzung&#038;post_type=post\">Pflegekr\u00e4fte und Mitarbeiter im Bereich der Medikamentenunterst\u00fctzung<\/a><\/li>\n<\/ul>\n<\/div>\n<\/div>\n<div class=\"video-faq\">\n<h3 class=\"faq-heading\">H\u00e4ufig gestellte Fragen<\/h3>\n<details class=\"faq-item\">\n<summary>Wie tr\u00e4gt Fukuyakkun zur Vermeidung von Medikationsfehlern bei?<\/summary>\n<div class=\"faq-answer\">Eine spezielle Anwendung auf einem Mobilger\u00e4t scannt QR-Codes, um zu \u00fcberpr\u00fcfen, ob die Medikamente dem richtigen Bewohner verabreicht werden, und hilft dem Personal so, Fehler bei der Medikamentenverabreichung zu vermeiden.<\/div>\n<\/details>\n<details class=\"faq-item\">\n<summary>Kann das System den Bedarf an manuellen Kontrollen verringern?<\/summary>\n<div class=\"faq-answer\">Laut Angaben des Unternehmens kann die Medikamentenverabreichung, f\u00fcr die bisher zwei Mitarbeiter zur Kontrolle ben\u00f6tigt wurden, nun von einer Person durchgef\u00fchrt werden, wobei die Verifizierung durch das System unterst\u00fctzt wird.<\/div>\n<\/details>\n<details class=\"faq-item\">\n<summary>F\u00fchrt Fukuyakkun Aufzeichnungen \u00fcber die Medikamenteneinnahme?<\/summary>\n<div class=\"faq-answer\">Ja. Medikamentenaufzeichnungen werden automatisch erstellt, wodurch der Arbeitsaufwand f\u00fcr die manuelle Dokumentation der Medikamentenversorgung reduziert wird.<\/div>\n<\/details>\n<\/div>\n<details class=\"video-transcript\">\n<summary>Videotranskript ansehen<\/summary>\n<div class=\"transcript-content\">\u682a\u5f0f\u4f1a\u793e\u30b7\u30fc\u30e6\u30fc\u30b7\u30fc\u30fb\u30a2\u30a4\u30c7\u30fc\u30bf\u3067\u300c\u670d\u3084\u3063\u304f\u3093\u300d\u3068\u3044\u3046\u8aa4\u85acQR-Code.QR\u30b3\u30fc\u30c9\u3092\u3001\u30e2\u30d0\u30a4\u30eb\u7aef\u672b\u306b\u5165\u308c\u3066\u3044\u305f\u3060\u304f, \u5f0a\u793e\u306e\u5c02\u5c5e\u306e\u30a2\u30d7\u30ea\u306b\u3088\u3063\u3066\u8aad\u307f\u53d6\u308b\u3053\u3068 \u306b \u3088 \u3063 \u3066, \u6b63 \u3057 \u3044 \u4eba \u306b, \u6b63 \u3057 \u3044 empfehlung \u85ac \u3092 empfehlung \u6e21 \u305b \u3067 \u304d \u3066 \u3044 \u308b \u304b \u3068 \u3046 \u30c1\u30a7\u30c3\u30af\u3092\u3059\u308b\u3053\u3068\u306b\u3088\u3063\u3066, \u3054\u65bd\u8a2d\u69d8\u3067\u306e\u8aa4\u85ac\u3092\u9632\u6b62\u3059\u308b\u30b7\u30b9\u30c6Weitere Informationen\u4eca\u307e\u30672\u540d\u4f53\u5236\u3001\u30c0\u30d6\u30eb\u30c1\u30a7\u30c3\u30af\u3067\u30c1\u30a7\u30c3\u30af\u3057\u3066\u3044\u305f\u3060\u3044\u3066\u3044\u305f\u3001\u670d\u85ac\u4ecb\u52a9\u3092\u30011\u4eba\u3067\u884c\u3048\u308b\u3053\u3068\u306b\u306a\u308b\u3053\u3068\u3084\u3001\u81ea\u52d5\u3067\u670d\u85ac\u306e\u8a18\u9332\u304c\u6b8b\u308b\u3053\u3068\u306b\u3088\u3063\u3066, \u696d\u52d9\u306e\u52b9\u7387\u5316\u3082Coupon\u624b\u4f1d\u3044\u304c\u3067\u304d\u308b\u30b7\u30b9\u30c6\u30e0\u3068\u306a\u3063\u3066Coupon\u308a\u307e\u3059.\u4ecb\u8b77\u73fe\u5834\u306e\u5927\u304d\u306a\u554f\u984c\u3067\u3042\u308b\u3001\u8aa4\u85ac\u3068\u3044\u3046\u3068\u3053\u308d\u3092\u3001\u78ba\u5b9f\u306b\u3001 \u9593\u9055 \u3044 \u306a \u304f \u9632 \u3052 \u308b \u304b \u3064 \u3001 \u696d\u52d9 \u306e \u52b9 \u7387 \u5316 \u306e empfehlung \u4f1d \u3044 \u3082 \u3067 \u304d \u308b \u30b7 \u30b9 \u30c6\u30e0 \u3068 \u306a \u3063 \u3066 empfehlung \u308a \u307e \u3059 \u306e \u3067, \u662f \u975e \u3054 \u8208 \u5473 \u3042 \u308b \u65b9 \u306f empfehlung \u7acb \u3061 \u5bc4 \u308a \u304f \u3060 \u3055 \u3044.<\/div>\n<\/details>\n<h2>Kontaktieren Sie das Unternehmen<\/h2>\n<div class=\"company-profile-section\">\n<div class=\"company-shot\"><a href=\"https:\/\/www.cuc-id.com\/\" target=\"_blank\" rel=\"noopener noreferrer\"><img decoding=\"async\" src=\"https:\/\/s.wordpress.com\/mshots\/v1\/https%3A%2F%2Fwww.cuc-id.com%2F?w=800\" alt=\"offizielle Website von CUC iData Co., Ltd.\" loading=\"lazy\"><\/a><\/div>\n<div class=\"company-info\">\n<ul>\n<li><span class=\"label\">Hauptsitz<\/span> <span class=\"value\">&#8211;<\/span><\/li>\n<li><span class=\"label\">Gegr\u00fcndet<\/span> <span class=\"value\">&#8211;<\/span><\/li>\n<li><span class=\"label\">Mitarbeiter<\/span> <span class=\"value\">&#8211;<\/span><\/li>\n<li><span class=\"label\">Offizielle Website<\/span> <span class=\"value\"><a href=\"https:\/\/www.cuc-id.com\/\" target=\"_blank\" rel=\"noopener noreferrer\">https:\/\/www.cuc-id.com\/<\/a><\/span><\/li>\n<li><span class=\"label\">Gesch\u00e4ftsbereiche<\/span> <span class=\"value\">IKT-L\u00f6sungen f\u00fcr Medikamentensicherheit und betriebliche Effizienz in Pflegeeinrichtungen<\/span><\/li>\n<li><span class=\"label\">Hauptprodukte und Dienstleistungen<\/span> <span class=\"value\">Fukuyakkun-System zur Vermeidung von Medikationsfehlern, QR-Code-basierte Medikamentenverifizierung, automatische Medikamentenaufzeichnung<\/span><\/li>\n<\/ul>\n<\/div>\n<\/div>\n<\/div>\n","protected":false},"excerpt":{"rendered":"<p>CUC iData Co., Ltd. stellte auf der CareTEX Tokyo 2026 Summer \u201eFukuyakkun\u201c vor, ein System zur Vermeidung von Medikationsfehlern in Pflegeeinrichtungen. Mithilfe einer speziellen mobilen Anwendung zum Scannen von QR-Codes \u00fcberpr\u00fcft das System, ob die\u2026<\/p>\n","protected":false},"author":1,"featured_media":98575,"comment_status":"open","ping_status":"open","sticky":false,"template":"","format":"video","meta":{"_acf_changed":false,"footnotes":""},"categories":[799],"tags":[534,624,5,522,622,580,554,45,37,46,15,528,42,39,512,594,540,617,498,544],"class_list":["post-98573","post","type-post","status-publish","format-video","has-post-thumbnail","hentry","category-caretex-tokyo-summer-2026-japan","tag-machinery-industrial-technology-7","tag-services-9","tag-services","tag-machinery-industrial-technology-6","tag-medical-care-health-6","tag-medical-care-health-5","tag-services-1","tag-information-telecommunication","tag-japan","tag-agriculture-forestry-fishery-and-food","tag-living","tag-agriculture-forestry-fishery-and-food-2","tag-machinery-industrial-technology","tag-medical-care-health","tag-living-4","tag-machinery-industrial-technology-5","tag-living-12","tag-medical-care-health-3","tag-information-telecommunication-1","tag-services-3","post_format-post-format-video"],"acf":[],"yoast_head":"<!-- This site is optimized with the Yoast SEO plugin v27.7 - https:\/\/yoast.com\/product\/yoast-seo-wordpress\/ -->\n<title>Fukuyakkun - CUC i-DATA Inc. [The 3rd CareTEX Tokyo &#039;26 Summer] \u2013 Aussteller Video | WorldTradeShow.TV<\/title>\n<meta name=\"robots\" content=\"index, follow, max-snippet:-1, max-image-preview:large, max-video-preview:-1\" \/>\n<link rel=\"canonical\" href=\"https:\/\/www.worldtradeshow.tv\/german\/video\/caretex-tokyo-summer-2026-japan\/fukuyakkun-cuc-i-data-inc-the-3rd-caretex-tokyo-26-summer\/\" \/>\n<meta property=\"og:locale\" content=\"de_DE\" \/>\n<meta property=\"og:type\" content=\"article\" \/>\n<meta property=\"og:title\" content=\"Fukuyakkun - CUC i-DATA Inc. [The 3rd CareTEX Tokyo &#039;26 Summer] \u2013 Aussteller Video | WorldTradeShow.TV\" \/>\n<meta property=\"og:description\" content=\"CUC iData Co., Ltd. stellte auf der CareTEX Tokyo 2026 Summer \u201eFukuyakkun\u201c vor, ein System zur Vermeidung von Medikationsfehlern in Pflegeeinrichtungen. Mithilfe einer speziellen mobilen Anwendung zum Scannen von QR-Codes \u00fcberpr\u00fcft das System, ob die\u2026\" \/>\n<meta property=\"og:url\" content=\"https:\/\/www.worldtradeshow.tv\/german\/video\/caretex-tokyo-summer-2026-japan\/fukuyakkun-cuc-i-data-inc-the-3rd-caretex-tokyo-26-summer\/\" \/>\n<meta property=\"og:site_name\" content=\"Videos von Internationalen Messen und Neuen Produkten \u2013 WorldTradeShow.TV\" \/>\n<meta property=\"article:publisher\" content=\"https:\/\/www.facebook.com\/tenji.tv\" \/>\n<meta property=\"article:published_time\" content=\"2026-08-27T03:06:36+00:00\" \/>\n<meta property=\"article:modified_time\" content=\"2026-09-01T01:29:11+00:00\" \/>\n<meta property=\"og:image\" content=\"https:\/\/www.worldtradeshow.tv\/german\/wp-content\/uploads\/2026\/08\/maxresdefault-74.jpg\" \/>\n\t<meta property=\"og:image:width\" content=\"1280\" \/>\n\t<meta property=\"og:image:height\" content=\"720\" \/>\n\t<meta property=\"og:image:type\" content=\"image\/jpeg\" \/>\n<meta name=\"author\" content=\"user\" \/>\n<meta name=\"twitter:card\" content=\"summary_large_image\" \/>\n<meta name=\"twitter:creator\" content=\"@tenjitv\" \/>\n<meta name=\"twitter:site\" content=\"@tenjitv\" \/>\n<meta name=\"twitter:label1\" content=\"Verfasst von\" \/>\n\t<meta name=\"twitter:data1\" content=\"user\" \/>\n\t<meta name=\"twitter:label2\" content=\"Gesch\u00e4tzte Lesezeit\" \/>\n\t<meta name=\"twitter:data2\" content=\"2\u00a0Minuten\" \/>\n<script type=\"application\/ld+json\" class=\"yoast-schema-graph\">{\"@context\":\"https:\\\/\\\/schema.org\",\"@graph\":[{\"@type\":\"Article\",\"@id\":\"https:\\\/\\\/www.worldtradeshow.tv\\\/german\\\/video\\\/caretex-tokyo-summer-2026-japan\\\/fukuyakkun-cuc-i-data-inc-the-3rd-caretex-tokyo-26-summer\\\/#article\",\"isPartOf\":{\"@id\":\"https:\\\/\\\/www.worldtradeshow.tv\\\/german\\\/video\\\/caretex-tokyo-summer-2026-japan\\\/fukuyakkun-cuc-i-data-inc-the-3rd-caretex-tokyo-26-summer\\\/\"},\"author\":{\"name\":\"user\",\"@id\":\"https:\\\/\\\/www.worldtradeshow.tv\\\/german\\\/#\\\/schema\\\/person\\\/dfcf88025bf6b941072148407e2bde58\"},\"headline\":\"Fukuyakkun - CUC i-DATA Inc. [The 3rd CareTEX Tokyo '26 Summer]\",\"datePublished\":\"2026-08-27T03:06:36+00:00\",\"dateModified\":\"2026-09-01T01:29:11+00:00\",\"mainEntityOfPage\":{\"@id\":\"https:\\\/\\\/www.worldtradeshow.tv\\\/german\\\/video\\\/caretex-tokyo-summer-2026-japan\\\/fukuyakkun-cuc-i-data-inc-the-3rd-caretex-tokyo-26-summer\\\/\"},\"wordCount\":383,\"commentCount\":0,\"image\":{\"@id\":\"https:\\\/\\\/www.worldtradeshow.tv\\\/german\\\/video\\\/caretex-tokyo-summer-2026-japan\\\/fukuyakkun-cuc-i-data-inc-the-3rd-caretex-tokyo-26-summer\\\/#primaryimage\"},\"thumbnailUrl\":\"https:\\\/\\\/www.worldtradeshow.tv\\\/german\\\/wp-content\\\/uploads\\\/2026\\\/08\\\/maxresdefault-74.jpg\",\"keywords\":[\"Andere Industriemaschinen und -ger\u00e4te\",\"Arbeitssicherheit und Gesundheitsschutz \\\/ Arbeitsmanagement\",\"Dienstleistungen\",\"Elektrik und Elektronik (Produkte \\\/ Maschinen)\",\"Fitness\",\"Gesundheitswesen (Ausr\u00fcstung \\\/ Produkte &amp; Dienstleistungen)\",\"Hotel-\\\/Restaurant- und Catering-Unternehmen\",\"Information \\\/ Telekommunikation\",\"Japan\",\"Landwirtschaft \\\/ Forstwirtschaft \\\/ Fischerei und Lebensmittel\",\"Leben\",\"Lebensmittel und Getr\u00e4nke \\\/ Lebensmittelverarbeitung\",\"Maschinen \\\/ Industrietechnik\",\"Medizinische Versorgung \\\/ Gesundheit\",\"M\u00f6bel und Einrichtungsgegenst\u00e4nde \\\/ Teile\",\"Pr\u00fcfen \\\/ Messen &amp; Analysieren \\\/ Feinmechanik\",\"Sicherheit \\\/ Schutz \\\/ Brandschutz \\\/ Polizei \\\/ Verteidigung\",\"Sozial- und Pflegeausr\u00fcstung \\\/ Rehabilitation\",\"Telekommunikation \\\/ Datenverarbeitung \\\/ Computer\",\"Werbung \\\/ Marketing \\\/ Betriebswirtschaft\"],\"articleSection\":[\"The 3rd CareTEX Tokyo '26 Summer\"],\"inLanguage\":\"de\",\"potentialAction\":[{\"@type\":\"CommentAction\",\"name\":\"Comment\",\"target\":[\"https:\\\/\\\/www.worldtradeshow.tv\\\/german\\\/video\\\/caretex-tokyo-summer-2026-japan\\\/fukuyakkun-cuc-i-data-inc-the-3rd-caretex-tokyo-26-summer\\\/#respond\"]}]},{\"@type\":\"WebPage\",\"@id\":\"https:\\\/\\\/www.worldtradeshow.tv\\\/german\\\/video\\\/caretex-tokyo-summer-2026-japan\\\/fukuyakkun-cuc-i-data-inc-the-3rd-caretex-tokyo-26-summer\\\/\",\"url\":\"https:\\\/\\\/www.worldtradeshow.tv\\\/german\\\/video\\\/caretex-tokyo-summer-2026-japan\\\/fukuyakkun-cuc-i-data-inc-the-3rd-caretex-tokyo-26-summer\\\/\",\"name\":\"Fukuyakkun - CUC i-DATA Inc. [The 3rd CareTEX Tokyo '26 Summer] \u2013 Aussteller Video | WorldTradeShow.TV\",\"isPartOf\":{\"@id\":\"https:\\\/\\\/www.worldtradeshow.tv\\\/german\\\/#website\"},\"primaryImageOfPage\":{\"@id\":\"https:\\\/\\\/www.worldtradeshow.tv\\\/german\\\/video\\\/caretex-tokyo-summer-2026-japan\\\/fukuyakkun-cuc-i-data-inc-the-3rd-caretex-tokyo-26-summer\\\/#primaryimage\"},\"image\":{\"@id\":\"https:\\\/\\\/www.worldtradeshow.tv\\\/german\\\/video\\\/caretex-tokyo-summer-2026-japan\\\/fukuyakkun-cuc-i-data-inc-the-3rd-caretex-tokyo-26-summer\\\/#primaryimage\"},\"thumbnailUrl\":\"https:\\\/\\\/www.worldtradeshow.tv\\\/german\\\/wp-content\\\/uploads\\\/2026\\\/08\\\/maxresdefault-74.jpg\",\"datePublished\":\"2026-08-27T03:06:36+00:00\",\"dateModified\":\"2026-09-01T01:29:11+00:00\",\"author\":{\"@id\":\"https:\\\/\\\/www.worldtradeshow.tv\\\/german\\\/#\\\/schema\\\/person\\\/dfcf88025bf6b941072148407e2bde58\"},\"breadcrumb\":{\"@id\":\"https:\\\/\\\/www.worldtradeshow.tv\\\/german\\\/video\\\/caretex-tokyo-summer-2026-japan\\\/fukuyakkun-cuc-i-data-inc-the-3rd-caretex-tokyo-26-summer\\\/#breadcrumb\"},\"inLanguage\":\"de\",\"potentialAction\":[{\"@type\":\"ReadAction\",\"target\":[\"https:\\\/\\\/www.worldtradeshow.tv\\\/german\\\/video\\\/caretex-tokyo-summer-2026-japan\\\/fukuyakkun-cuc-i-data-inc-the-3rd-caretex-tokyo-26-summer\\\/\"]}]},{\"@type\":\"ImageObject\",\"inLanguage\":\"de\",\"@id\":\"https:\\\/\\\/www.worldtradeshow.tv\\\/german\\\/video\\\/caretex-tokyo-summer-2026-japan\\\/fukuyakkun-cuc-i-data-inc-the-3rd-caretex-tokyo-26-summer\\\/#primaryimage\",\"url\":\"https:\\\/\\\/www.worldtradeshow.tv\\\/german\\\/wp-content\\\/uploads\\\/2026\\\/08\\\/maxresdefault-74.jpg\",\"contentUrl\":\"https:\\\/\\\/www.worldtradeshow.tv\\\/german\\\/wp-content\\\/uploads\\\/2026\\\/08\\\/maxresdefault-74.jpg\",\"width\":1280,\"height\":720},{\"@type\":\"BreadcrumbList\",\"@id\":\"https:\\\/\\\/www.worldtradeshow.tv\\\/german\\\/video\\\/caretex-tokyo-summer-2026-japan\\\/fukuyakkun-cuc-i-data-inc-the-3rd-caretex-tokyo-26-summer\\\/#breadcrumb\",\"itemListElement\":[{\"@type\":\"ListItem\",\"position\":1,\"name\":\"Startseite\",\"item\":\"https:\\\/\\\/www.worldtradeshow.tv\\\/german\\\/\"},{\"@type\":\"ListItem\",\"position\":2,\"name\":\"Fukuyakkun - CUC i-DATA Inc. [The 3rd CareTEX Tokyo '26 Summer]\"}]},{\"@type\":\"WebSite\",\"@id\":\"https:\\\/\\\/www.worldtradeshow.tv\\\/german\\\/#website\",\"url\":\"https:\\\/\\\/www.worldtradeshow.tv\\\/german\\\/\",\"name\":\"Videos von Internationalen Messen und Neuen Produkten \u2013 WorldTradeShow.TV\",\"description\":\"Entdecken Sie Videos von internationalen Messen und neue Produkte auf Deutsch\",\"potentialAction\":[{\"@type\":\"SearchAction\",\"target\":{\"@type\":\"EntryPoint\",\"urlTemplate\":\"https:\\\/\\\/www.worldtradeshow.tv\\\/german\\\/?s={search_term_string}\"},\"query-input\":{\"@type\":\"PropertyValueSpecification\",\"valueRequired\":true,\"valueName\":\"search_term_string\"}}],\"inLanguage\":\"de\"},{\"@type\":\"Person\",\"@id\":\"https:\\\/\\\/www.worldtradeshow.tv\\\/german\\\/#\\\/schema\\\/person\\\/dfcf88025bf6b941072148407e2bde58\",\"name\":\"user\",\"image\":{\"@type\":\"ImageObject\",\"inLanguage\":\"de\",\"@id\":\"https:\\\/\\\/secure.gravatar.com\\\/avatar\\\/b4c9a289323b21a01c3e940f150eb9b8c542587f1abfd8f0e1cc1ffc5e475514?s=96&d=mm&r=g\",\"url\":\"https:\\\/\\\/secure.gravatar.com\\\/avatar\\\/b4c9a289323b21a01c3e940f150eb9b8c542587f1abfd8f0e1cc1ffc5e475514?s=96&d=mm&r=g\",\"contentUrl\":\"https:\\\/\\\/secure.gravatar.com\\\/avatar\\\/b4c9a289323b21a01c3e940f150eb9b8c542587f1abfd8f0e1cc1ffc5e475514?s=96&d=mm&r=g\",\"caption\":\"user\"},\"sameAs\":[\"http:\"]}]}<\/script>\n<meta property=\"og:video\" content=\"https:\/\/www.youtube.com\/embed\/VWwBkCANJR4\" \/>\n<meta property=\"og:video:type\" content=\"text\/html\" \/>\n<meta property=\"og:video:duration\" content=\"63\" \/>\n<meta property=\"og:video:width\" content=\"480\" \/>\n<meta property=\"og:video:height\" content=\"270\" \/>\n<meta property=\"ya:ovs:adult\" content=\"false\" \/>\n<meta property=\"ya:ovs:allow_embed\" content=\"true\" \/>\n<!-- \/ Yoast SEO plugin. -->","yoast_head_json":{"title":"Fukuyakkun - CUC i-DATA Inc. [The 3rd CareTEX Tokyo '26 Summer] \u2013 Aussteller Video | WorldTradeShow.TV","robots":{"index":"index","follow":"follow","max-snippet":"max-snippet:-1","max-image-preview":"max-image-preview:large","max-video-preview":"max-video-preview:-1"},"canonical":"https:\/\/www.worldtradeshow.tv\/german\/video\/caretex-tokyo-summer-2026-japan\/fukuyakkun-cuc-i-data-inc-the-3rd-caretex-tokyo-26-summer\/","og_locale":"de_DE","og_type":"article","og_title":"Fukuyakkun - CUC i-DATA Inc. [The 3rd CareTEX Tokyo '26 Summer] \u2013 Aussteller Video | WorldTradeShow.TV","og_description":"CUC iData Co., Ltd. stellte auf der CareTEX Tokyo 2026 Summer \u201eFukuyakkun\u201c vor, ein System zur Vermeidung von Medikationsfehlern in Pflegeeinrichtungen. Mithilfe einer speziellen mobilen Anwendung zum Scannen von QR-Codes \u00fcberpr\u00fcft das System, ob die\u2026","og_url":"https:\/\/www.worldtradeshow.tv\/german\/video\/caretex-tokyo-summer-2026-japan\/fukuyakkun-cuc-i-data-inc-the-3rd-caretex-tokyo-26-summer\/","og_site_name":"Videos von Internationalen Messen und Neuen Produkten \u2013 WorldTradeShow.TV","article_publisher":"https:\/\/www.facebook.com\/tenji.tv","article_published_time":"2026-08-27T03:06:36+00:00","article_modified_time":"2026-09-01T01:29:11+00:00","og_image":[{"width":1280,"height":720,"url":"https:\/\/www.worldtradeshow.tv\/german\/wp-content\/uploads\/2026\/08\/maxresdefault-74.jpg","type":"image\/jpeg"}],"author":"user","twitter_card":"summary_large_image","twitter_creator":"@tenjitv","twitter_site":"@tenjitv","twitter_misc":{"Verfasst von":"user","Gesch\u00e4tzte Lesezeit":"2\u00a0Minuten"},"schema":{"@context":"https:\/\/schema.org","@graph":[{"@type":"Article","@id":"https:\/\/www.worldtradeshow.tv\/german\/video\/caretex-tokyo-summer-2026-japan\/fukuyakkun-cuc-i-data-inc-the-3rd-caretex-tokyo-26-summer\/#article","isPartOf":{"@id":"https:\/\/www.worldtradeshow.tv\/german\/video\/caretex-tokyo-summer-2026-japan\/fukuyakkun-cuc-i-data-inc-the-3rd-caretex-tokyo-26-summer\/"},"author":{"name":"user","@id":"https:\/\/www.worldtradeshow.tv\/german\/#\/schema\/person\/dfcf88025bf6b941072148407e2bde58"},"headline":"Fukuyakkun - CUC i-DATA Inc. [The 3rd CareTEX Tokyo '26 Summer]","datePublished":"2026-08-27T03:06:36+00:00","dateModified":"2026-09-01T01:29:11+00:00","mainEntityOfPage":{"@id":"https:\/\/www.worldtradeshow.tv\/german\/video\/caretex-tokyo-summer-2026-japan\/fukuyakkun-cuc-i-data-inc-the-3rd-caretex-tokyo-26-summer\/"},"wordCount":383,"commentCount":0,"image":{"@id":"https:\/\/www.worldtradeshow.tv\/german\/video\/caretex-tokyo-summer-2026-japan\/fukuyakkun-cuc-i-data-inc-the-3rd-caretex-tokyo-26-summer\/#primaryimage"},"thumbnailUrl":"https:\/\/www.worldtradeshow.tv\/german\/wp-content\/uploads\/2026\/08\/maxresdefault-74.jpg","keywords":["Andere Industriemaschinen und -ger\u00e4te","Arbeitssicherheit und Gesundheitsschutz \/ Arbeitsmanagement","Dienstleistungen","Elektrik und Elektronik (Produkte \/ Maschinen)","Fitness","Gesundheitswesen (Ausr\u00fcstung \/ Produkte &amp; Dienstleistungen)","Hotel-\/Restaurant- und Catering-Unternehmen","Information \/ Telekommunikation","Japan","Landwirtschaft \/ Forstwirtschaft \/ Fischerei und Lebensmittel","Leben","Lebensmittel und Getr\u00e4nke \/ Lebensmittelverarbeitung","Maschinen \/ Industrietechnik","Medizinische Versorgung \/ Gesundheit","M\u00f6bel und Einrichtungsgegenst\u00e4nde \/ Teile","Pr\u00fcfen \/ Messen &amp; Analysieren \/ Feinmechanik","Sicherheit \/ Schutz \/ Brandschutz \/ Polizei \/ Verteidigung","Sozial- und Pflegeausr\u00fcstung \/ Rehabilitation","Telekommunikation \/ Datenverarbeitung \/ Computer","Werbung \/ Marketing \/ Betriebswirtschaft"],"articleSection":["The 3rd CareTEX Tokyo '26 Summer"],"inLanguage":"de","potentialAction":[{"@type":"CommentAction","name":"Comment","target":["https:\/\/www.worldtradeshow.tv\/german\/video\/caretex-tokyo-summer-2026-japan\/fukuyakkun-cuc-i-data-inc-the-3rd-caretex-tokyo-26-summer\/#respond"]}]},{"@type":"WebPage","@id":"https:\/\/www.worldtradeshow.tv\/german\/video\/caretex-tokyo-summer-2026-japan\/fukuyakkun-cuc-i-data-inc-the-3rd-caretex-tokyo-26-summer\/","url":"https:\/\/www.worldtradeshow.tv\/german\/video\/caretex-tokyo-summer-2026-japan\/fukuyakkun-cuc-i-data-inc-the-3rd-caretex-tokyo-26-summer\/","name":"Fukuyakkun - CUC i-DATA Inc. [The 3rd CareTEX Tokyo '26 Summer] \u2013 Aussteller Video | WorldTradeShow.TV","isPartOf":{"@id":"https:\/\/www.worldtradeshow.tv\/german\/#website"},"primaryImageOfPage":{"@id":"https:\/\/www.worldtradeshow.tv\/german\/video\/caretex-tokyo-summer-2026-japan\/fukuyakkun-cuc-i-data-inc-the-3rd-caretex-tokyo-26-summer\/#primaryimage"},"image":{"@id":"https:\/\/www.worldtradeshow.tv\/german\/video\/caretex-tokyo-summer-2026-japan\/fukuyakkun-cuc-i-data-inc-the-3rd-caretex-tokyo-26-summer\/#primaryimage"},"thumbnailUrl":"https:\/\/www.worldtradeshow.tv\/german\/wp-content\/uploads\/2026\/08\/maxresdefault-74.jpg","datePublished":"2026-08-27T03:06:36+00:00","dateModified":"2026-09-01T01:29:11+00:00","author":{"@id":"https:\/\/www.worldtradeshow.tv\/german\/#\/schema\/person\/dfcf88025bf6b941072148407e2bde58"},"breadcrumb":{"@id":"https:\/\/www.worldtradeshow.tv\/german\/video\/caretex-tokyo-summer-2026-japan\/fukuyakkun-cuc-i-data-inc-the-3rd-caretex-tokyo-26-summer\/#breadcrumb"},"inLanguage":"de","potentialAction":[{"@type":"ReadAction","target":["https:\/\/www.worldtradeshow.tv\/german\/video\/caretex-tokyo-summer-2026-japan\/fukuyakkun-cuc-i-data-inc-the-3rd-caretex-tokyo-26-summer\/"]}]},{"@type":"ImageObject","inLanguage":"de","@id":"https:\/\/www.worldtradeshow.tv\/german\/video\/caretex-tokyo-summer-2026-japan\/fukuyakkun-cuc-i-data-inc-the-3rd-caretex-tokyo-26-summer\/#primaryimage","url":"https:\/\/www.worldtradeshow.tv\/german\/wp-content\/uploads\/2026\/08\/maxresdefault-74.jpg","contentUrl":"https:\/\/www.worldtradeshow.tv\/german\/wp-content\/uploads\/2026\/08\/maxresdefault-74.jpg","width":1280,"height":720},{"@type":"BreadcrumbList","@id":"https:\/\/www.worldtradeshow.tv\/german\/video\/caretex-tokyo-summer-2026-japan\/fukuyakkun-cuc-i-data-inc-the-3rd-caretex-tokyo-26-summer\/#breadcrumb","itemListElement":[{"@type":"ListItem","position":1,"name":"Startseite","item":"https:\/\/www.worldtradeshow.tv\/german\/"},{"@type":"ListItem","position":2,"name":"Fukuyakkun - CUC i-DATA Inc. [The 3rd CareTEX Tokyo '26 Summer]"}]},{"@type":"WebSite","@id":"https:\/\/www.worldtradeshow.tv\/german\/#website","url":"https:\/\/www.worldtradeshow.tv\/german\/","name":"Videos von Internationalen Messen und Neuen Produkten \u2013 WorldTradeShow.TV","description":"Entdecken Sie Videos von internationalen Messen und neue Produkte auf Deutsch","potentialAction":[{"@type":"SearchAction","target":{"@type":"EntryPoint","urlTemplate":"https:\/\/www.worldtradeshow.tv\/german\/?s={search_term_string}"},"query-input":{"@type":"PropertyValueSpecification","valueRequired":true,"valueName":"search_term_string"}}],"inLanguage":"de"},{"@type":"Person","@id":"https:\/\/www.worldtradeshow.tv\/german\/#\/schema\/person\/dfcf88025bf6b941072148407e2bde58","name":"user","image":{"@type":"ImageObject","inLanguage":"de","@id":"https:\/\/secure.gravatar.com\/avatar\/b4c9a289323b21a01c3e940f150eb9b8c542587f1abfd8f0e1cc1ffc5e475514?s=96&d=mm&r=g","url":"https:\/\/secure.gravatar.com\/avatar\/b4c9a289323b21a01c3e940f150eb9b8c542587f1abfd8f0e1cc1ffc5e475514?s=96&d=mm&r=g","contentUrl":"https:\/\/secure.gravatar.com\/avatar\/b4c9a289323b21a01c3e940f150eb9b8c542587f1abfd8f0e1cc1ffc5e475514?s=96&d=mm&r=g","caption":"user"},"sameAs":["http:"]}]},"og_video":"https:\/\/www.youtube.com\/embed\/VWwBkCANJR4","og_video_type":"text\/html","og_video_duration":"63","og_video_width":"480","og_video_height":"270","ya_ovs_adult":"false","ya_ovs_allow_embed":"true"},"cmb2":{"poster_feature_image":{"vid_m_player_background":"on","vid_m_poster_image":"","vid_m_poster_image_id":""},"gif_feature_image":{"vid_m_gif_image":"","vid_m_gif_image_id":""},"video_movie_settings":{"vid_m_director":"","vid_m_actor":"","vid_m_imdb_ratings":"","vid_m_amazon_associates":"","vid_m_vid_tmdb_movie":"","vid_m_vid_tmdb_tv_shows":"","vid_m_vid_tmdb_thumb":"backdrop_sizes"},"vid_ads_m_videoads_settings_post":{"vid_ads_m_video_ads":"","vid_ads_m_video_ads_type":"","vid_ads_m_group_google_ima":"","vid_ads_m_group_image":"","vid_ads_m_group_html5_video":"","vid_ads_m_group_html":"","vid_ads_m_vpaid_mode":"","vid_ads_m_vast_preroll":"","vid_ads_m_vast_postroll":"","vid_ads_m_vast_pauseroll":"","vid_ads_m_vast_midroll":"","vid_ads_m_group_dynamic":"","vid_ads_m_time_to_show_ads":"","vid_ads_m_time_skip_ads":"","vid_ads_m_time_to_hide_ads":""},"feature_image_settings":{"feature_image_position":""},"video_player_settings":{"single_video_style":"","video_player_position":"","vm_video_url_btn_choose":"","vm_video_url_btn_choose_id":"","vm_video_url":"https:\/\/www.youtube.com\/watch?v=VWwBkCANJR4","vm_video_ratio":"16:9","vm_video_ratio_mobile":"16:9","video_player_library":"","plyr_player":"","video_streaming":"","vm_video_shortcode":"","vm_video_timelapse":"","vm_media_subtitles":"","vm_media_sources":"","vid_vtt_preview":"","vid_vtt_preview_vtt_file":"","vid_vtt_preview_vtt_file_id":"","vid_vtt_preview_sprite_image":"","vid_vtt_preview_sprite_image_id":"","vid_auto_play":"","vid_preview_mode":"","vm_video_trailer_manl_url":"","vm_screenshot_preview":"","vid_tags":"","vid_p_sync_playlist":"","vid_c_sync_channel":"","get_post_format":"","multiple_links_structure":"default","multi_links_title":"","original_video_title":"","multi_links_series":"","vm_video_multi_links":"","vm_duration":"","vid_social_locker":"","vid_locker_mode":"social","vid_social_locker_id":"","vid_social_email_locker_id":"","vid_social_signin_locker_id":"","sv_login_to_watch":"","vid_membership_action":"content-video","vm_video_trailer_url":"","vid_download_type":"free","vid_download_target":"download","vid_woo_product":"","vid_download_mode":"","vid_download_mode_trailer":"","vm_media_download":"","user_rating":"","user_rating_position":"","user_rating_mode":"","user_rating_multi_sets":"","ads_above_single_player":""},"video_auto_fetch_settings":{"vm_video_fetch":"on"},"video_fake_views_likes":{"vm_fake_views":"","vm_fake_likes":"","vm_fake_dislikes":""},"gallery_settings":{"gallery_position":""},"quote_settings":{"quote_position":""},"post_options":{"main_layout":"","main_logo":"","main_logo_id":"","main_logo_retina":"","main_logo_retina_id":"","main_logo_mobile":"","main_logo_mobile_id":"","main_logo_mobile_retina":"","main_logo_mobile_retina_id":"","sticky_logo":"","sticky_logo_id":"","sticky_logo_retina":"","sticky_logo_retina_id":"","main_nav_layout":"","header_background":"","theme_sidebar":"","single_post_comment_type":"","theme_background":""}},"_links":{"self":[{"href":"https:\/\/www.worldtradeshow.tv\/german\/wp-json\/wp\/v2\/posts\/98573","targetHints":{"allow":["GET"]}}],"collection":[{"href":"https:\/\/www.worldtradeshow.tv\/german\/wp-json\/wp\/v2\/posts"}],"about":[{"href":"https:\/\/www.worldtradeshow.tv\/german\/wp-json\/wp\/v2\/types\/post"}],"author":[{"embeddable":true,"href":"https:\/\/www.worldtradeshow.tv\/german\/wp-json\/wp\/v2\/users\/1"}],"replies":[{"embeddable":true,"href":"https:\/\/www.worldtradeshow.tv\/german\/wp-json\/wp\/v2\/comments?post=98573"}],"version-history":[{"count":1,"href":"https:\/\/www.worldtradeshow.tv\/german\/wp-json\/wp\/v2\/posts\/98573\/revisions"}],"predecessor-version":[{"id":98574,"href":"https:\/\/www.worldtradeshow.tv\/german\/wp-json\/wp\/v2\/posts\/98573\/revisions\/98574"}],"wp:featuredmedia":[{"embeddable":true,"href":"https:\/\/www.worldtradeshow.tv\/german\/wp-json\/wp\/v2\/media\/98575"}],"wp:attachment":[{"href":"https:\/\/www.worldtradeshow.tv\/german\/wp-json\/wp\/v2\/media?parent=98573"}],"wp:term":[{"taxonomy":"category","embeddable":true,"href":"https:\/\/www.worldtradeshow.tv\/german\/wp-json\/wp\/v2\/categories?post=98573"},{"taxonomy":"post_tag","embeddable":true,"href":"https:\/\/www.worldtradeshow.tv\/german\/wp-json\/wp\/v2\/tags?post=98573"}],"curies":[{"name":"wp","href":"https:\/\/api.w.org\/{rel}","templated":true}]}}