{"id":97951,"date":"2026-07-08T06:01:18","date_gmt":"2026-07-08T06:01:18","guid":{"rendered":"https:\/\/www.worldtradeshow.tv\/german\/?p=97951"},"modified":"2026-09-01T06:07:14","modified_gmt":"2026-09-01T06:07:14","slug":"scented-denim-collection-by-gms-gms-textiles-gft-2026","status":"publish","type":"post","link":"https:\/\/www.worldtradeshow.tv\/german\/video\/gft-2026-thailand\/scented-denim-collection-by-gms-gms-textiles-gft-2026\/","title":{"rendered":"Duftende Denim-Kollektion von GMS - GMS Textiles [GFT 2026]"},"content":{"rendered":"<div class=\"entry-content \">\n<blockquote class=\"wp-block-quote\">\n<p>Bei Denimprodukten vermeiden Verbraucher h\u00e4ufiges Waschen aufgrund von Bedenken hinsichtlich Formverlust, Farbverblassung und Materialbesch\u00e4digung. Daher kann Geruch bei Jeans und anderer Denim-Bekleidung zu einem praktischen Problem werden. Gleichzeitig suchen Denim-Marken und Bekleidungshersteller nach M\u00f6glichkeiten, ihre Produkte durch Materialien und Veredelungstechnologien zu differenzieren.<br \/>Auf der GFT 2026 pr\u00e4sentierte GMS Textiles seinen Komplettservice f\u00fcr Stoffverkauf und Konfektionierung sowie seinen innovativen \u201eDuftenden Denim\u201c. Das Unternehmen bietet eine breite Palette an Stoffen an, von 4-Unzen-Denim bis hin zu 23-Unzen-Selvedge-Denim, und ber\u00e4t zudem zu Zuschnitt und Waschung.<br \/>Scented Denim nutzt Mikroverkapselungstechnologie, um Duftstoffe in den Denimstoff einzuarbeiten. Kunden k\u00f6nnen ihren bevorzugten Duft w\u00e4hlen, und der Duft h\u00e4lt bis zu 40 W\u00e4schen an.<br \/>Das Produkt richtet sich an Denim-Marken, Modelabels und OEM-Bekleidungshersteller, die Jeans und Freizeitbekleidung aufwerten m\u00f6chten. Durch die Kombination von Stofflieferung, technischer Beratung und Unterst\u00fctzung bei der Konfektionierung positioniert sich GMS Textiles als Partner f\u00fcr eine effiziente Denim-Produktentwicklung.<\/p>\n<\/blockquote>\n<div class=\"video-summary-grid\">\n<div class=\"summary-card\">\n<h3>Angegangene Herausforderungen<\/h3>\n<ul>\n<li><a href=\"\/german\/?s=Geruch%20in%20Denimprodukten&#038;post_type=post\">Geruch in Denimprodukten<\/a><\/li>\n<li><a href=\"\/german\/?s=Produktdifferenzierung%20von%20Denim&#038;post_type=post\">Produktdifferenzierung von Denim<\/a><\/li>\n<li><a href=\"\/german\/?s=Effiziente%20Bekleidungsproduktentwicklung&#038;post_type=post\">Effiziente Bekleidungsproduktentwicklung<\/a><\/li>\n<\/ul>\n<\/div>\n<div class=\"summary-card\">\n<h3>L\u00f6sungen<\/h3>\n<ul>\n<li><a href=\"\/german\/?s=Duftender%20Denim&#038;post_type=post\">Duftender Denim<\/a><\/li>\n<li><a href=\"\/german\/?s=Mikroverkapselungstechnologie&#038;post_type=post\">Mikroverkapselungstechnologie<\/a><\/li>\n<li><a href=\"\/german\/?s=Komplettservice%20f%C3%BCr%20die%20Bekleidungsherstellung&#038;post_type=post\">Komplettservice f\u00fcr die Bekleidungsherstellung<\/a><\/li>\n<\/ul>\n<\/div>\n<div class=\"summary-card\">\n<h3>Zielkunden<\/h3>\n<ul>\n<li><a href=\"\/german\/?s=Denim-Marken&#038;post_type=post\">Denim-Marken<\/a><\/li>\n<li><a href=\"\/german\/?s=Bekleidungshersteller&#038;post_type=post\">Bekleidungshersteller<\/a><\/li>\n<li><a href=\"\/german\/?s=Stoffk%C3%A4ufer%20und%20Bekleidungshersteller&#038;post_type=post\">Stoffk\u00e4ufer und Bekleidungshersteller<\/a><\/li>\n<\/ul>\n<\/div>\n<\/div>\n<div class=\"video-faq\">\n<h3 class=\"faq-heading\">H\u00e4ufig gestellte Fragen<\/h3>\n<details class=\"faq-item\">\n<summary>Was pr\u00e4sentierte GMS Textiles auf der GFT 2026?<\/summary>\n<div class=\"faq-answer\">GMS Textiles pr\u00e4sentierte Scented Denim, einen mit Duftstoffen versetzten Denim-Stoff, sowie seinen Komplettservice, der den Verkauf von Stoffen und die Unterst\u00fctzung bei der Konfektionierung umfasst.<\/div>\n<\/details>\n<details class=\"faq-item\">\n<summary>Wie lange h\u00e4lt der Duft an?<\/summary>\n<div class=\"faq-answer\">Der Duft soll durch Mikroverkapselungstechnologie bis zu etwa 40 W\u00e4schen im Gewebe erhalten bleiben.<\/div>\n<\/details>\n<details class=\"faq-item\">\n<summary>K\u00f6nnen Kunden den Duft ausw\u00e4hlen?<\/summary>\n<div class=\"faq-answer\">Ja. Kunden k\u00f6nnen ihren bevorzugten Duft ausw\u00e4hlen, wodurch Marken Denimprodukte mit zus\u00e4tzlichem sensorischem Wert kreieren k\u00f6nnen.<\/div>\n<\/details>\n<\/div>\n<details class=\"video-transcript\">\n<summary>Videotranskript ansehen<\/summary>\n<div class=\"transcript-content\">Hallo, GMS Textiles ist ein Stoffvertrieb und Komplettanbieter f\u00fcr die Bekleidungsherstellung. Wir beraten Sie gerne zu Zuschnitt und Waschen und bieten eine gro\u00dfe Auswahl an Stoffen von 4 bis 23 Unzen (Selvedge). GMS ist stets bestrebt, innovative L\u00f6sungen f\u00fcr seine Kunden zu entwickeln. Deshalb produzieren wir Duftdenim. Bei diesem Verfahren wird der Stoff mikroverkapselt. Die mikroverkapselten Jeans erm\u00f6glichen individuell anpassbare D\u00fcfte. Der Stoff beh\u00e4lt seinen Duft bis zu 40 W\u00e4schen und ist somit besonders langlebig. Daher der Name Duftdenim. Unser innovativer Duftdenim integriert verschiedene Duftnoten direkt in den Denim. Viele waschen ihre Jeans ungern, da dies Form und Farbe ver\u00e4ndern und unangenehme Ger\u00fcche verursachen kann. Wir haben diese Innovation entwickelt, und unsere Kunden k\u00f6nnen ihren Lieblingsduft ausw\u00e4hlen.<\/div>\n<\/details>\n<\/div>\n","protected":false},"excerpt":{"rendered":"<p>Bei Denimprodukten vermeiden Verbraucher h\u00e4ufiges Waschen aufgrund von Bedenken hinsichtlich Formverlust, Farbverblassung und Materialbesch\u00e4digung. Daher kann Geruch bei Jeans und anderer Denim-Bekleidung zu einem praktischen Problem werden. Gleichze\u2026<\/p>\n","protected":false},"author":1,"featured_media":97953,"comment_status":"open","ping_status":"open","sticky":false,"template":"","format":"video","meta":{"_acf_changed":false,"footnotes":""},"categories":[791],"tags":[534,633,5,605,522,535,580,41,45,85,15,584,42,39,497,498,568,69],"class_list":["post-97951","post","type-post","status-publish","format-video","has-post-thumbnail","hentry","category-gft-2026-thailand","tag-machinery-industrial-technology-7","tag-fundamental-industries-3","tag-services","tag-services-5","tag-machinery-industrial-technology-6","tag-machinery-industrial-technology-8","tag-medical-care-health-5","tag-fundamental-industries","tag-information-telecommunication","tag-innovation-startups","tag-living","tag-living-1","tag-machinery-industrial-technology","tag-medical-care-health","tag-machinery-industrial-technology-9","tag-information-telecommunication-1","tag-living-2","tag-thailand","post_format-post-format-video"],"acf":[],"yoast_head":"<!-- This site is optimized with the Yoast SEO plugin v27.7 - https:\/\/yoast.com\/product\/yoast-seo-wordpress\/ -->\n<title>Duftende Denim-Kollektion von GMS - GMS Textiles [GFT 2026] \u2013 Aussteller Video | WorldTradeShow.TV<\/title>\n<meta name=\"robots\" content=\"index, follow, max-snippet:-1, max-image-preview:large, max-video-preview:-1\" \/>\n<link rel=\"canonical\" href=\"https:\/\/www.worldtradeshow.tv\/german\/video\/gft-2026-thailand\/scented-denim-collection-by-gms-gms-textiles-gft-2026\/\" \/>\n<meta property=\"og:locale\" content=\"de_DE\" \/>\n<meta property=\"og:type\" content=\"article\" \/>\n<meta property=\"og:title\" content=\"Duftende Denim-Kollektion von GMS - GMS Textiles [GFT 2026] \u2013 Aussteller Video | WorldTradeShow.TV\" \/>\n<meta property=\"og:description\" content=\"Bei Denimprodukten vermeiden Verbraucher h\u00e4ufiges Waschen aufgrund von Bedenken hinsichtlich Formverlust, Farbverblassung und Materialbesch\u00e4digung. Daher kann Geruch bei Jeans und anderer Denim-Bekleidung zu einem praktischen Problem werden. Gleichze\u2026\" \/>\n<meta property=\"og:url\" content=\"https:\/\/www.worldtradeshow.tv\/german\/video\/gft-2026-thailand\/scented-denim-collection-by-gms-gms-textiles-gft-2026\/\" \/>\n<meta property=\"og:site_name\" content=\"Videos von Internationalen Messen und Neuen Produkten \u2013 WorldTradeShow.TV\" \/>\n<meta property=\"article:publisher\" content=\"https:\/\/www.facebook.com\/tenji.tv\" \/>\n<meta property=\"article:published_time\" content=\"2026-07-08T06:01:18+00:00\" \/>\n<meta property=\"article:modified_time\" content=\"2026-09-01T06:07:14+00:00\" \/>\n<meta property=\"og:image\" content=\"https:\/\/www.worldtradeshow.tv\/german\/wp-content\/uploads\/2026\/07\/maxresdefault-40.jpg\" \/>\n\t<meta property=\"og:image:width\" content=\"1280\" \/>\n\t<meta property=\"og:image:height\" content=\"720\" \/>\n\t<meta property=\"og:image:type\" content=\"image\/jpeg\" \/>\n<meta name=\"author\" content=\"user\" \/>\n<meta name=\"twitter:card\" content=\"summary_large_image\" \/>\n<meta name=\"twitter:creator\" content=\"@tenjitv\" \/>\n<meta name=\"twitter:site\" content=\"@tenjitv\" \/>\n<meta name=\"twitter:label1\" content=\"Verfasst von\" \/>\n\t<meta name=\"twitter:data1\" content=\"user\" \/>\n\t<meta name=\"twitter:label2\" content=\"Gesch\u00e4tzte Lesezeit\" \/>\n\t<meta name=\"twitter:data2\" content=\"2\u00a0Minuten\" \/>\n<script type=\"application\/ld+json\" class=\"yoast-schema-graph\">{\"@context\":\"https:\\\/\\\/schema.org\",\"@graph\":[{\"@type\":\"Article\",\"@id\":\"https:\\\/\\\/www.worldtradeshow.tv\\\/german\\\/video\\\/gft-2026-thailand\\\/scented-denim-collection-by-gms-gms-textiles-gft-2026\\\/#article\",\"isPartOf\":{\"@id\":\"https:\\\/\\\/www.worldtradeshow.tv\\\/german\\\/video\\\/gft-2026-thailand\\\/scented-denim-collection-by-gms-gms-textiles-gft-2026\\\/\"},\"author\":{\"name\":\"user\",\"@id\":\"https:\\\/\\\/www.worldtradeshow.tv\\\/german\\\/#\\\/schema\\\/person\\\/dfcf88025bf6b941072148407e2bde58\"},\"headline\":\"Duftende Denim-Kollektion von GMS - GMS Textiles [GFT 2026]\",\"datePublished\":\"2026-07-08T06:01:18+00:00\",\"dateModified\":\"2026-09-01T06:07:14+00:00\",\"mainEntityOfPage\":{\"@id\":\"https:\\\/\\\/www.worldtradeshow.tv\\\/german\\\/video\\\/gft-2026-thailand\\\/scented-denim-collection-by-gms-gms-textiles-gft-2026\\\/\"},\"wordCount\":405,\"commentCount\":0,\"image\":{\"@id\":\"https:\\\/\\\/www.worldtradeshow.tv\\\/german\\\/video\\\/gft-2026-thailand\\\/scented-denim-collection-by-gms-gms-textiles-gft-2026\\\/#primaryimage\"},\"thumbnailUrl\":\"https:\\\/\\\/www.worldtradeshow.tv\\\/german\\\/wp-content\\\/uploads\\\/2026\\\/07\\\/maxresdefault-40.jpg\",\"keywords\":[\"Andere Industriemaschinen und -ger\u00e4te\",\"Chemie \\\/ Gummi \\\/ Kunststoffe \\\/ Materialien\",\"Dienstleistungen\",\"Einzelhandel \\\/ Gro\u00dfhandel \\\/ Vertrieb \\\/ Franchising\",\"Elektrik und Elektronik (Produkte \\\/ Maschinen)\",\"Fertigungstechnik und Ingenieurwesen\",\"Gesundheitswesen (Ausr\u00fcstung \\\/ Produkte &amp; Dienstleistungen)\",\"Grundlegende Industrie\",\"Information \\\/ Telekommunikation\",\"Innovation \\\/ Startups\",\"Leben\",\"Leder (Materialien \\\/ Produkte \\\/ Maschinen) \\\/ Schuhe\",\"Maschinen \\\/ Industrietechnik\",\"Medizinische Versorgung \\\/ Gesundheit\",\"Spitzentechnologie \\\/ Materialien \\\/ Verbundwerkstoffe \\\/ Forschung und Entwicklung\",\"Telekommunikation \\\/ Datenverarbeitung \\\/ Computer\",\"Textilien und Bekleidung (Materialien \\\/ Produkte und Maschinen)\",\"Thailand\"],\"articleSection\":[\"GFT 2026\"],\"inLanguage\":\"de\",\"potentialAction\":[{\"@type\":\"CommentAction\",\"name\":\"Comment\",\"target\":[\"https:\\\/\\\/www.worldtradeshow.tv\\\/german\\\/video\\\/gft-2026-thailand\\\/scented-denim-collection-by-gms-gms-textiles-gft-2026\\\/#respond\"]}]},{\"@type\":\"WebPage\",\"@id\":\"https:\\\/\\\/www.worldtradeshow.tv\\\/german\\\/video\\\/gft-2026-thailand\\\/scented-denim-collection-by-gms-gms-textiles-gft-2026\\\/\",\"url\":\"https:\\\/\\\/www.worldtradeshow.tv\\\/german\\\/video\\\/gft-2026-thailand\\\/scented-denim-collection-by-gms-gms-textiles-gft-2026\\\/\",\"name\":\"Duftende Denim-Kollektion von GMS - GMS Textiles [GFT 2026] \u2013 Aussteller Video | WorldTradeShow.TV\",\"isPartOf\":{\"@id\":\"https:\\\/\\\/www.worldtradeshow.tv\\\/german\\\/#website\"},\"primaryImageOfPage\":{\"@id\":\"https:\\\/\\\/www.worldtradeshow.tv\\\/german\\\/video\\\/gft-2026-thailand\\\/scented-denim-collection-by-gms-gms-textiles-gft-2026\\\/#primaryimage\"},\"image\":{\"@id\":\"https:\\\/\\\/www.worldtradeshow.tv\\\/german\\\/video\\\/gft-2026-thailand\\\/scented-denim-collection-by-gms-gms-textiles-gft-2026\\\/#primaryimage\"},\"thumbnailUrl\":\"https:\\\/\\\/www.worldtradeshow.tv\\\/german\\\/wp-content\\\/uploads\\\/2026\\\/07\\\/maxresdefault-40.jpg\",\"datePublished\":\"2026-07-08T06:01:18+00:00\",\"dateModified\":\"2026-09-01T06:07:14+00:00\",\"author\":{\"@id\":\"https:\\\/\\\/www.worldtradeshow.tv\\\/german\\\/#\\\/schema\\\/person\\\/dfcf88025bf6b941072148407e2bde58\"},\"breadcrumb\":{\"@id\":\"https:\\\/\\\/www.worldtradeshow.tv\\\/german\\\/video\\\/gft-2026-thailand\\\/scented-denim-collection-by-gms-gms-textiles-gft-2026\\\/#breadcrumb\"},\"inLanguage\":\"de\",\"potentialAction\":[{\"@type\":\"ReadAction\",\"target\":[\"https:\\\/\\\/www.worldtradeshow.tv\\\/german\\\/video\\\/gft-2026-thailand\\\/scented-denim-collection-by-gms-gms-textiles-gft-2026\\\/\"]}]},{\"@type\":\"ImageObject\",\"inLanguage\":\"de\",\"@id\":\"https:\\\/\\\/www.worldtradeshow.tv\\\/german\\\/video\\\/gft-2026-thailand\\\/scented-denim-collection-by-gms-gms-textiles-gft-2026\\\/#primaryimage\",\"url\":\"https:\\\/\\\/www.worldtradeshow.tv\\\/german\\\/wp-content\\\/uploads\\\/2026\\\/07\\\/maxresdefault-40.jpg\",\"contentUrl\":\"https:\\\/\\\/www.worldtradeshow.tv\\\/german\\\/wp-content\\\/uploads\\\/2026\\\/07\\\/maxresdefault-40.jpg\",\"width\":1280,\"height\":720},{\"@type\":\"BreadcrumbList\",\"@id\":\"https:\\\/\\\/www.worldtradeshow.tv\\\/german\\\/video\\\/gft-2026-thailand\\\/scented-denim-collection-by-gms-gms-textiles-gft-2026\\\/#breadcrumb\",\"itemListElement\":[{\"@type\":\"ListItem\",\"position\":1,\"name\":\"Startseite\",\"item\":\"https:\\\/\\\/www.worldtradeshow.tv\\\/german\\\/\"},{\"@type\":\"ListItem\",\"position\":2,\"name\":\"Duftende Denim-Kollektion von GMS - GMS Textiles [GFT 2026]\"}]},{\"@type\":\"WebSite\",\"@id\":\"https:\\\/\\\/www.worldtradeshow.tv\\\/german\\\/#website\",\"url\":\"https:\\\/\\\/www.worldtradeshow.tv\\\/german\\\/\",\"name\":\"Videos von Internationalen Messen und Neuen Produkten \u2013 WorldTradeShow.TV\",\"description\":\"Entdecken Sie Videos von internationalen Messen und neue Produkte auf Deutsch\",\"potentialAction\":[{\"@type\":\"SearchAction\",\"target\":{\"@type\":\"EntryPoint\",\"urlTemplate\":\"https:\\\/\\\/www.worldtradeshow.tv\\\/german\\\/?s={search_term_string}\"},\"query-input\":{\"@type\":\"PropertyValueSpecification\",\"valueRequired\":true,\"valueName\":\"search_term_string\"}}],\"inLanguage\":\"de\"},{\"@type\":\"Person\",\"@id\":\"https:\\\/\\\/www.worldtradeshow.tv\\\/german\\\/#\\\/schema\\\/person\\\/dfcf88025bf6b941072148407e2bde58\",\"name\":\"user\",\"image\":{\"@type\":\"ImageObject\",\"inLanguage\":\"de\",\"@id\":\"https:\\\/\\\/secure.gravatar.com\\\/avatar\\\/b4c9a289323b21a01c3e940f150eb9b8c542587f1abfd8f0e1cc1ffc5e475514?s=96&d=mm&r=g\",\"url\":\"https:\\\/\\\/secure.gravatar.com\\\/avatar\\\/b4c9a289323b21a01c3e940f150eb9b8c542587f1abfd8f0e1cc1ffc5e475514?s=96&d=mm&r=g\",\"contentUrl\":\"https:\\\/\\\/secure.gravatar.com\\\/avatar\\\/b4c9a289323b21a01c3e940f150eb9b8c542587f1abfd8f0e1cc1ffc5e475514?s=96&d=mm&r=g\",\"caption\":\"user\"},\"sameAs\":[\"http:\"]}]}<\/script>\n<meta property=\"og:video\" content=\"https:\/\/www.youtube.com\/embed\/2ZDIhtxWVnw\" \/>\n<meta property=\"og:video:type\" content=\"text\/html\" \/>\n<meta property=\"og:video:duration\" content=\"86\" \/>\n<meta property=\"og:video:width\" content=\"480\" \/>\n<meta property=\"og:video:height\" content=\"270\" \/>\n<meta property=\"ya:ovs:adult\" content=\"false\" \/>\n<meta property=\"ya:ovs:allow_embed\" content=\"true\" \/>\n<!-- \/ Yoast SEO plugin. -->","yoast_head_json":{"title":"Duftende Denim-Kollektion von GMS - GMS Textiles [GFT 2026] \u2013 Aussteller Video | WorldTradeShow.TV","robots":{"index":"index","follow":"follow","max-snippet":"max-snippet:-1","max-image-preview":"max-image-preview:large","max-video-preview":"max-video-preview:-1"},"canonical":"https:\/\/www.worldtradeshow.tv\/german\/video\/gft-2026-thailand\/scented-denim-collection-by-gms-gms-textiles-gft-2026\/","og_locale":"de_DE","og_type":"article","og_title":"Duftende Denim-Kollektion von GMS - GMS Textiles [GFT 2026] \u2013 Aussteller Video | WorldTradeShow.TV","og_description":"Bei Denimprodukten vermeiden Verbraucher h\u00e4ufiges Waschen aufgrund von Bedenken hinsichtlich Formverlust, Farbverblassung und Materialbesch\u00e4digung. Daher kann Geruch bei Jeans und anderer Denim-Bekleidung zu einem praktischen Problem werden. Gleichze\u2026","og_url":"https:\/\/www.worldtradeshow.tv\/german\/video\/gft-2026-thailand\/scented-denim-collection-by-gms-gms-textiles-gft-2026\/","og_site_name":"Videos von Internationalen Messen und Neuen Produkten \u2013 WorldTradeShow.TV","article_publisher":"https:\/\/www.facebook.com\/tenji.tv","article_published_time":"2026-07-08T06:01:18+00:00","article_modified_time":"2026-09-01T06:07:14+00:00","og_image":[{"width":1280,"height":720,"url":"https:\/\/www.worldtradeshow.tv\/german\/wp-content\/uploads\/2026\/07\/maxresdefault-40.jpg","type":"image\/jpeg"}],"author":"user","twitter_card":"summary_large_image","twitter_creator":"@tenjitv","twitter_site":"@tenjitv","twitter_misc":{"Verfasst von":"user","Gesch\u00e4tzte Lesezeit":"2\u00a0Minuten"},"schema":{"@context":"https:\/\/schema.org","@graph":[{"@type":"Article","@id":"https:\/\/www.worldtradeshow.tv\/german\/video\/gft-2026-thailand\/scented-denim-collection-by-gms-gms-textiles-gft-2026\/#article","isPartOf":{"@id":"https:\/\/www.worldtradeshow.tv\/german\/video\/gft-2026-thailand\/scented-denim-collection-by-gms-gms-textiles-gft-2026\/"},"author":{"name":"user","@id":"https:\/\/www.worldtradeshow.tv\/german\/#\/schema\/person\/dfcf88025bf6b941072148407e2bde58"},"headline":"Duftende Denim-Kollektion von GMS - GMS Textiles [GFT 2026]","datePublished":"2026-07-08T06:01:18+00:00","dateModified":"2026-09-01T06:07:14+00:00","mainEntityOfPage":{"@id":"https:\/\/www.worldtradeshow.tv\/german\/video\/gft-2026-thailand\/scented-denim-collection-by-gms-gms-textiles-gft-2026\/"},"wordCount":405,"commentCount":0,"image":{"@id":"https:\/\/www.worldtradeshow.tv\/german\/video\/gft-2026-thailand\/scented-denim-collection-by-gms-gms-textiles-gft-2026\/#primaryimage"},"thumbnailUrl":"https:\/\/www.worldtradeshow.tv\/german\/wp-content\/uploads\/2026\/07\/maxresdefault-40.jpg","keywords":["Andere Industriemaschinen und -ger\u00e4te","Chemie \/ Gummi \/ Kunststoffe \/ Materialien","Dienstleistungen","Einzelhandel \/ Gro\u00dfhandel \/ Vertrieb \/ Franchising","Elektrik und Elektronik (Produkte \/ Maschinen)","Fertigungstechnik und Ingenieurwesen","Gesundheitswesen (Ausr\u00fcstung \/ Produkte &amp; Dienstleistungen)","Grundlegende Industrie","Information \/ Telekommunikation","Innovation \/ Startups","Leben","Leder (Materialien \/ Produkte \/ Maschinen) \/ Schuhe","Maschinen \/ Industrietechnik","Medizinische Versorgung \/ Gesundheit","Spitzentechnologie \/ Materialien \/ Verbundwerkstoffe \/ Forschung und Entwicklung","Telekommunikation \/ Datenverarbeitung \/ Computer","Textilien und Bekleidung (Materialien \/ Produkte und Maschinen)","Thailand"],"articleSection":["GFT 2026"],"inLanguage":"de","potentialAction":[{"@type":"CommentAction","name":"Comment","target":["https:\/\/www.worldtradeshow.tv\/german\/video\/gft-2026-thailand\/scented-denim-collection-by-gms-gms-textiles-gft-2026\/#respond"]}]},{"@type":"WebPage","@id":"https:\/\/www.worldtradeshow.tv\/german\/video\/gft-2026-thailand\/scented-denim-collection-by-gms-gms-textiles-gft-2026\/","url":"https:\/\/www.worldtradeshow.tv\/german\/video\/gft-2026-thailand\/scented-denim-collection-by-gms-gms-textiles-gft-2026\/","name":"Duftende Denim-Kollektion von GMS - GMS Textiles [GFT 2026] \u2013 Aussteller Video | WorldTradeShow.TV","isPartOf":{"@id":"https:\/\/www.worldtradeshow.tv\/german\/#website"},"primaryImageOfPage":{"@id":"https:\/\/www.worldtradeshow.tv\/german\/video\/gft-2026-thailand\/scented-denim-collection-by-gms-gms-textiles-gft-2026\/#primaryimage"},"image":{"@id":"https:\/\/www.worldtradeshow.tv\/german\/video\/gft-2026-thailand\/scented-denim-collection-by-gms-gms-textiles-gft-2026\/#primaryimage"},"thumbnailUrl":"https:\/\/www.worldtradeshow.tv\/german\/wp-content\/uploads\/2026\/07\/maxresdefault-40.jpg","datePublished":"2026-07-08T06:01:18+00:00","dateModified":"2026-09-01T06:07:14+00:00","author":{"@id":"https:\/\/www.worldtradeshow.tv\/german\/#\/schema\/person\/dfcf88025bf6b941072148407e2bde58"},"breadcrumb":{"@id":"https:\/\/www.worldtradeshow.tv\/german\/video\/gft-2026-thailand\/scented-denim-collection-by-gms-gms-textiles-gft-2026\/#breadcrumb"},"inLanguage":"de","potentialAction":[{"@type":"ReadAction","target":["https:\/\/www.worldtradeshow.tv\/german\/video\/gft-2026-thailand\/scented-denim-collection-by-gms-gms-textiles-gft-2026\/"]}]},{"@type":"ImageObject","inLanguage":"de","@id":"https:\/\/www.worldtradeshow.tv\/german\/video\/gft-2026-thailand\/scented-denim-collection-by-gms-gms-textiles-gft-2026\/#primaryimage","url":"https:\/\/www.worldtradeshow.tv\/german\/wp-content\/uploads\/2026\/07\/maxresdefault-40.jpg","contentUrl":"https:\/\/www.worldtradeshow.tv\/german\/wp-content\/uploads\/2026\/07\/maxresdefault-40.jpg","width":1280,"height":720},{"@type":"BreadcrumbList","@id":"https:\/\/www.worldtradeshow.tv\/german\/video\/gft-2026-thailand\/scented-denim-collection-by-gms-gms-textiles-gft-2026\/#breadcrumb","itemListElement":[{"@type":"ListItem","position":1,"name":"Startseite","item":"https:\/\/www.worldtradeshow.tv\/german\/"},{"@type":"ListItem","position":2,"name":"Duftende Denim-Kollektion von GMS - GMS Textiles [GFT 2026]"}]},{"@type":"WebSite","@id":"https:\/\/www.worldtradeshow.tv\/german\/#website","url":"https:\/\/www.worldtradeshow.tv\/german\/","name":"Videos von Internationalen Messen und Neuen Produkten \u2013 WorldTradeShow.TV","description":"Entdecken Sie Videos von internationalen Messen und neue Produkte auf Deutsch","potentialAction":[{"@type":"SearchAction","target":{"@type":"EntryPoint","urlTemplate":"https:\/\/www.worldtradeshow.tv\/german\/?s={search_term_string}"},"query-input":{"@type":"PropertyValueSpecification","valueRequired":true,"valueName":"search_term_string"}}],"inLanguage":"de"},{"@type":"Person","@id":"https:\/\/www.worldtradeshow.tv\/german\/#\/schema\/person\/dfcf88025bf6b941072148407e2bde58","name":"user","image":{"@type":"ImageObject","inLanguage":"de","@id":"https:\/\/secure.gravatar.com\/avatar\/b4c9a289323b21a01c3e940f150eb9b8c542587f1abfd8f0e1cc1ffc5e475514?s=96&d=mm&r=g","url":"https:\/\/secure.gravatar.com\/avatar\/b4c9a289323b21a01c3e940f150eb9b8c542587f1abfd8f0e1cc1ffc5e475514?s=96&d=mm&r=g","contentUrl":"https:\/\/secure.gravatar.com\/avatar\/b4c9a289323b21a01c3e940f150eb9b8c542587f1abfd8f0e1cc1ffc5e475514?s=96&d=mm&r=g","caption":"user"},"sameAs":["http:"]}]},"og_video":"https:\/\/www.youtube.com\/embed\/2ZDIhtxWVnw","og_video_type":"text\/html","og_video_duration":"86","og_video_width":"480","og_video_height":"270","ya_ovs_adult":"false","ya_ovs_allow_embed":"true"},"cmb2":{"poster_feature_image":{"vid_m_player_background":"on","vid_m_poster_image":"","vid_m_poster_image_id":""},"gif_feature_image":{"vid_m_gif_image":"","vid_m_gif_image_id":""},"video_movie_settings":{"vid_m_director":"","vid_m_actor":"","vid_m_imdb_ratings":"","vid_m_amazon_associates":"","vid_m_vid_tmdb_movie":"","vid_m_vid_tmdb_tv_shows":"","vid_m_vid_tmdb_thumb":"backdrop_sizes"},"vid_ads_m_videoads_settings_post":{"vid_ads_m_video_ads":"","vid_ads_m_video_ads_type":"","vid_ads_m_group_google_ima":"","vid_ads_m_group_image":"","vid_ads_m_group_html5_video":"","vid_ads_m_group_html":"","vid_ads_m_vpaid_mode":"","vid_ads_m_vast_preroll":"","vid_ads_m_vast_postroll":"","vid_ads_m_vast_pauseroll":"","vid_ads_m_vast_midroll":"","vid_ads_m_group_dynamic":"","vid_ads_m_time_to_show_ads":"","vid_ads_m_time_skip_ads":"","vid_ads_m_time_to_hide_ads":""},"feature_image_settings":{"feature_image_position":""},"video_player_settings":{"single_video_style":"","video_player_position":"","vm_video_url_btn_choose":"","vm_video_url_btn_choose_id":"","vm_video_url":"https:\/\/www.youtube.com\/watch?v=2ZDIhtxWVnw","vm_video_ratio":"16:9","vm_video_ratio_mobile":"16:9","video_player_library":"","plyr_player":"","video_streaming":"","vm_video_shortcode":"","vm_video_timelapse":"","vm_media_subtitles":"","vm_media_sources":"","vid_vtt_preview":"","vid_vtt_preview_vtt_file":"","vid_vtt_preview_vtt_file_id":"","vid_vtt_preview_sprite_image":"","vid_vtt_preview_sprite_image_id":"","vid_auto_play":"","vid_preview_mode":"","vm_video_trailer_manl_url":"","vm_screenshot_preview":"","vid_tags":"","vid_p_sync_playlist":"","vid_c_sync_channel":"","get_post_format":"","multiple_links_structure":"default","multi_links_title":"","original_video_title":"","multi_links_series":"","vm_video_multi_links":"","vm_duration":"","vid_social_locker":"","vid_locker_mode":"social","vid_social_locker_id":"","vid_social_email_locker_id":"","vid_social_signin_locker_id":"","sv_login_to_watch":"","vid_membership_action":"content-video","vm_video_trailer_url":"","vid_download_type":"free","vid_download_target":"download","vid_woo_product":"","vid_download_mode":"","vid_download_mode_trailer":"","vm_media_download":"","user_rating":"","user_rating_position":"","user_rating_mode":"","user_rating_multi_sets":"","ads_above_single_player":""},"video_auto_fetch_settings":{"vm_video_fetch":"on"},"video_fake_views_likes":{"vm_fake_views":"","vm_fake_likes":"","vm_fake_dislikes":""},"gallery_settings":{"gallery_position":""},"quote_settings":{"quote_position":""},"post_options":{"main_layout":"","main_logo":"","main_logo_id":"","main_logo_retina":"","main_logo_retina_id":"","main_logo_mobile":"","main_logo_mobile_id":"","main_logo_mobile_retina":"","main_logo_mobile_retina_id":"","sticky_logo":"","sticky_logo_id":"","sticky_logo_retina":"","sticky_logo_retina_id":"","main_nav_layout":"","header_background":"","theme_sidebar":"","single_post_comment_type":"","theme_background":""}},"_links":{"self":[{"href":"https:\/\/www.worldtradeshow.tv\/german\/wp-json\/wp\/v2\/posts\/97951","targetHints":{"allow":["GET"]}}],"collection":[{"href":"https:\/\/www.worldtradeshow.tv\/german\/wp-json\/wp\/v2\/posts"}],"about":[{"href":"https:\/\/www.worldtradeshow.tv\/german\/wp-json\/wp\/v2\/types\/post"}],"author":[{"embeddable":true,"href":"https:\/\/www.worldtradeshow.tv\/german\/wp-json\/wp\/v2\/users\/1"}],"replies":[{"embeddable":true,"href":"https:\/\/www.worldtradeshow.tv\/german\/wp-json\/wp\/v2\/comments?post=97951"}],"version-history":[{"count":2,"href":"https:\/\/www.worldtradeshow.tv\/german\/wp-json\/wp\/v2\/posts\/97951\/revisions"}],"predecessor-version":[{"id":98654,"href":"https:\/\/www.worldtradeshow.tv\/german\/wp-json\/wp\/v2\/posts\/97951\/revisions\/98654"}],"wp:featuredmedia":[{"embeddable":true,"href":"https:\/\/www.worldtradeshow.tv\/german\/wp-json\/wp\/v2\/media\/97953"}],"wp:attachment":[{"href":"https:\/\/www.worldtradeshow.tv\/german\/wp-json\/wp\/v2\/media?parent=97951"}],"wp:term":[{"taxonomy":"category","embeddable":true,"href":"https:\/\/www.worldtradeshow.tv\/german\/wp-json\/wp\/v2\/categories?post=97951"},{"taxonomy":"post_tag","embeddable":true,"href":"https:\/\/www.worldtradeshow.tv\/german\/wp-json\/wp\/v2\/tags?post=97951"}],"curies":[{"name":"wp","href":"https:\/\/api.w.org\/{rel}","templated":true}]}}