{"id":98589,"date":"2026-08-31T03:25:51","date_gmt":"2026-08-31T03:25:51","guid":{"rendered":"https:\/\/www.worldtradeshow.tv\/french\/?p=98589"},"modified":"2026-09-01T01:23:45","modified_gmt":"2026-09-01T01:23:45","slug":"byd-q3-ev-tractor-rever-commercial-vehicles-tilog-logistix-2026","status":"publish","type":"post","link":"https:\/\/www.worldtradeshow.tv\/french\/video\/tilog-logistix-2026-thailand\/byd-q3-ev-tractor-rever-commercial-vehicles-tilog-logistix-2026\/","title":{"rendered":"Tracteur \u00e9lectrique BYD Q3 - Rever Commercial Vehicles [TILOG-LOGISTIX 2026]"},"content":{"rendered":"<div class=\"entry-content \">\n<blockquote class=\"wp-block-quote\">\n<p>R\u00caVER COMMERCIAL VEHICLES CO., LTD. a pr\u00e9sent\u00e9 des v\u00e9hicules utilitaires \u00e9lectriques au salon TILOG-LOGISTIX 2026, notamment le tracteur routier \u00e9lectrique Q3 \u00e9quip\u00e9 d&#8217;une batterie de 400 kWh et un VUL (v\u00e9hicule utilitaire l\u00e9ger). L&#8217;entreprise a pr\u00e9sent\u00e9 ces v\u00e9hicules comme des solutions pour l&#8217;\u00e9lectrification de la logistique et du transport de marchandises.<\/p>\n<p>D\u2019apr\u00e8s la pr\u00e9sentation du constructeur, le Q3 offre une autonomie d\u2019environ 360 km \u00e0 vide et d\u2019environ 230 km en pleine charge. La batterie peut \u00eatre recharg\u00e9e de 20 % \u00e0 80 % en 45 minutes environ. Le constructeur a \u00e9galement pr\u00e9cis\u00e9 que sa solution de recharge prend en charge plusieurs connexions simultan\u00e9es et une puissance de 180 kW, et que le v\u00e9hicule est compatible avec les bornes de recharge de 240 kW.<\/p>\n<p>R\u00caVER V\u00e9hicules Utilitaires a \u00e9galement mis en avant son service apr\u00e8s-vente con\u00e7u pour assurer la continuit\u00e9 de l&#8217;exploitation des flottes apr\u00e8s leur d\u00e9ploiement, incluant un service mobile et une maintenance pr\u00e9ventive planifi\u00e9e. En associant des camions \u00e9lectriques \u00e0 des solutions de recharge et \u00e0 un accompagnement continu en mati\u00e8re de maintenance, l&#8217;entreprise a pr\u00e9sent\u00e9 une approche globale pour faciliter la transition des op\u00e9rateurs logistiques vers les v\u00e9hicules utilitaires \u00e9lectriques.<\/p>\n<\/blockquote>\n<div class=\"video-summary-grid\">\n<div class=\"summary-card\">\n<h3>D\u00e9fis abord\u00e9s<\/h3>\n<ul>\n<li><a href=\"\/french\/?s=%C3%89lectrification%20des%20v%C3%A9hicules%20logistiques%20et%20de%20transport%20de%20marchandises&#038;post_type=post\">\u00c9lectrification des v\u00e9hicules logistiques et de transport de marchandises<\/a><\/li>\n<li><a href=\"\/french\/?s=Exigences%20en%20mati%C3%A8re%20d%27autonomie%20pour%20les%20camions%20%C3%A9lectriques&#038;post_type=post\">Exigences en mati\u00e8re d&#8217;autonomie pour les camions \u00e9lectriques<\/a><\/li>\n<li><a href=\"\/french\/?s=Recharge%20et%20maintenance%20des%20flottes%20commerciales%20%C3%A9lectriques&#038;post_type=post\">Recharge et maintenance des flottes commerciales \u00e9lectriques<\/a><\/li>\n<\/ul>\n<\/div>\n<div class=\"summary-card\">\n<h3>Solutions<\/h3>\n<ul>\n<li><a href=\"\/french\/?s=Camion%20tracteur%20%C3%A9lectrique%20Q3&#038;post_type=post\">Camion tracteur \u00e9lectrique Q3<\/a><\/li>\n<li><a href=\"\/french\/?s=Assistance%20%C3%A0%20la%20recharge%20rapide%20pour%20v%C3%A9hicules%20utilitaires%20%C3%A9lectriques&#038;post_type=post\">Assistance \u00e0 la recharge rapide pour v\u00e9hicules utilitaires \u00e9lectriques<\/a><\/li>\n<li><a href=\"\/french\/?s=Service%20mobile%20et%20maintenance%20pr%C3%A9ventive&#038;post_type=post\">Service mobile et maintenance pr\u00e9ventive<\/a><\/li>\n<\/ul>\n<\/div>\n<div class=\"summary-card\">\n<h3>Clients cibles<\/h3>\n<ul>\n<li><a href=\"\/french\/?s=entreprises%20de%20logistique%20et%20de%20transport&#038;post_type=post\">entreprises de logistique et de transport<\/a><\/li>\n<li><a href=\"\/french\/?s=op%C3%A9rateurs%20de%20transport%20de%20marchandises&#038;post_type=post\">op\u00e9rateurs de transport de marchandises<\/a><\/li>\n<li><a href=\"\/french\/?s=exploitants%20de%20flottes%20commerciales&#038;post_type=post\">exploitants de flottes commerciales<\/a><\/li>\n<\/ul>\n<\/div>\n<\/div>\n<div class=\"video-faq\">\n<h3 class=\"faq-heading\">FAQ<\/h3>\n<details class=\"faq-item\">\n<summary>Quelle est l&#8217;autonomie du tracteur routier \u00e9lectrique Q3\u00a0?<\/summary>\n<div class=\"faq-answer\">Selon la pr\u00e9sentation de l&#8217;entreprise, le Q3 est \u00e9quip\u00e9 d&#8217;une batterie de 400 kWh et offre une autonomie d&#8217;environ 360 km \u00e0 vide et d&#8217;environ 230 km \u00e0 pleine charge.<\/div>\n<\/details>\n<details class=\"faq-item\">\n<summary>Combien de temps faut-il pour charger le Q3\u00a0?<\/summary>\n<div class=\"faq-answer\">L&#8217;entreprise a expliqu\u00e9 que la batterie peut \u00eatre charg\u00e9e de 20 % \u00e0 80 % en environ 45 minutes. La pr\u00e9sentation a \u00e9galement abord\u00e9 la compatibilit\u00e9 avec la charge de 180 kW et les bornes de recharge de 240 kW.<\/div>\n<\/details>\n<details class=\"faq-item\">\n<summary>R\u00caVER V\u00e9hicules Utilitaires propose-t-il un service apr\u00e8s-vente\u00a0?<\/summary>\n<div class=\"faq-answer\">Oui. L&#8217;entreprise a d\u00e9clar\u00e9 qu&#8217;elle fournit des services apr\u00e8s-vente, notamment un service mobile et un entretien pr\u00e9ventif programm\u00e9, afin d&#8217;assurer le fonctionnement continu des v\u00e9hicules.<\/div>\n<\/details>\n<\/div>\n<details class=\"video-transcript\">\n<summary>Voir la transcription vid\u00e9o<\/summary>\n<div class=\"transcript-content\">Voici Rever V\u00e9hicules Utilitaires. Aujourd&#8217;hui, nous vous pr\u00e9sentons nos tracteurs routiers \u00e9lectriques et nos v\u00e9hicules utilitaires l\u00e9gers (VUL). <br \/>Voici le mod\u00e8le Q3, \u00e9quip\u00e9 d&#8217;une batterie de 400 kWh. Son autonomie est de 360 \u200b\u200bkilom\u00e8tres \u00e0 vide et d&#8217;environ 230 kilom\u00e8tres \u00e0 pleine charge. <br \/>Ce mod\u00e8le peut \u00eatre recharg\u00e9 de 20 % \u00e0 80 % de sa capacit\u00e9 en 45 minutes environ. Le chargeur permet plusieurs connexions simultan\u00e9es et accepte une puissance de 180 kW. <br \/>Il est compatible avec une borne de recharge de 240 kW. <br \/>Nous proposons un service apr\u00e8s-vente, incluant une assistance mobile et une maintenance pr\u00e9ventive tous les deux mois.<\/div>\n<\/details>\n<\/div>\n","protected":false},"excerpt":{"rendered":"<p>R\u00caVER COMMERCIAL VEHICLES CO., LTD. a pr\u00e9sent\u00e9 des v\u00e9hicules utilitaires \u00e9lectriques au salon TILOG-LOGISTIX 2026, notamment le tracteur routier \u00e9lectrique Q3 \u00e9quip\u00e9 d&#8217;une batterie de 400 kWh et un VUL (v\u00e9hicule utilitaire l\u00e9ger). L&#8217;entreprise a pr\u00e9s\u2026<\/p>\n","protected":false},"author":1,"featured_media":98591,"comment_status":"open","ping_status":"open","sticky":false,"template":"","format":"video","meta":{"_acf_changed":false,"footnotes":""},"categories":[805],"tags":[647,595,542,518,26,530,568,27,604,608,31,599,77,622,33,567,645,36,557,552,505,543,506,65,37],"class_list":["post-98589","post","type-post","status-publish","format-video","has-post-thumbnail","hentry","category-tilog-logistix-2026-thailand","tag-transportation-logistics-packaging-6","tag-transportation-logistics-packaging-1","tag-machinery-industrial-technology-7","tag-building-construction-1","tag-building-construction","tag-machinery-industrial-technology-6","tag-transportation-logistics-packaging-9","tag-environment","tag-machinery-industrial-technology-5","tag-services-4","tag-information-telecommunication","tag-innovation-startups-1","tag-innovation-startups","tag-transportation-logistics-packaging-8","tag-machinery-industrial-technology","tag-machinery-industrial-technology-4","tag-transportation-logistics-packaging-4","tag-services","tag-environment-1","tag-services-3","tag-machinery-industrial-technology-9","tag-machinery-industrial-technology-8","tag-information-telecommunication-1","tag-thailand","tag-transportation-logistics-packaging","post_format-post-format-video"],"acf":[],"yoast_head":"<!-- This site is optimized with the Yoast SEO plugin v28.3 - https:\/\/yoast.com\/product\/yoast-seo-wordpress\/ -->\n<title>Tracteur \u00e9lectrique BYD Q3 - Rever Commercial Vehicles [TILOG-LOGISTIX 2026] \u2013 Vid\u00e9o du Salon | WorldTradeShow.TV<\/title>\n<meta name=\"robots\" content=\"index, follow, max-snippet:-1, max-image-preview:large, max-video-preview:-1\" \/>\n<link rel=\"canonical\" href=\"https:\/\/www.worldtradeshow.tv\/french\/video\/tilog-logistix-2026-thailand\/byd-q3-ev-tractor-rever-commercial-vehicles-tilog-logistix-2026\/\" \/>\n<meta property=\"og:locale\" content=\"fr_FR\" \/>\n<meta property=\"og:type\" content=\"article\" \/>\n<meta property=\"og:title\" content=\"Tracteur \u00e9lectrique BYD Q3 - Rever Commercial Vehicles [TILOG-LOGISTIX 2026] \u2013 Vid\u00e9o du Salon | WorldTradeShow.TV\" \/>\n<meta property=\"og:description\" content=\"R\u00caVER COMMERCIAL VEHICLES CO., LTD. a pr\u00e9sent\u00e9 des v\u00e9hicules utilitaires \u00e9lectriques au salon TILOG-LOGISTIX 2026, notamment le tracteur routier \u00e9lectrique Q3 \u00e9quip\u00e9 d&#039;une batterie de 400 kWh et un VUL (v\u00e9hicule utilitaire l\u00e9ger). L&#039;entreprise a pr\u00e9s\u2026\" \/>\n<meta property=\"og:url\" content=\"https:\/\/www.worldtradeshow.tv\/french\/video\/tilog-logistix-2026-thailand\/byd-q3-ev-tractor-rever-commercial-vehicles-tilog-logistix-2026\/\" \/>\n<meta property=\"og:site_name\" content=\"Vid\u00e9os de Salons Internationaux et Nouveaux Produits \u2013 WorldTradeShow.TV\" \/>\n<meta property=\"article:publisher\" content=\"https:\/\/www.facebook.com\/tenji.tv\" \/>\n<meta property=\"article:published_time\" content=\"2026-08-31T03:25:51+00:00\" \/>\n<meta property=\"article:modified_time\" content=\"2026-09-01T01:23:45+00:00\" \/>\n<meta property=\"og:image\" content=\"https:\/\/www.worldtradeshow.tv\/french\/wp-content\/uploads\/2026\/08\/maxresdefault-69.jpg\" \/>\n\t<meta property=\"og:image:width\" content=\"1280\" \/>\n\t<meta property=\"og:image:height\" content=\"720\" \/>\n\t<meta property=\"og:image:type\" content=\"image\/jpeg\" \/>\n<meta name=\"author\" content=\"user\" \/>\n<meta name=\"twitter:card\" content=\"summary_large_image\" \/>\n<meta name=\"twitter:creator\" content=\"@tenjitv\" \/>\n<meta name=\"twitter:site\" content=\"@tenjitv\" \/>\n<meta name=\"twitter:label1\" content=\"\u00c9crit par\" \/>\n\t<meta name=\"twitter:data1\" content=\"user\" \/>\n\t<meta name=\"twitter:label2\" content=\"Dur\u00e9e de lecture estim\u00e9e\" \/>\n\t<meta name=\"twitter:data2\" content=\"2 minutes\" \/>\n<script type=\"application\/ld+json\" class=\"yoast-schema-graph\">{\"@context\":\"https:\\\/\\\/schema.org\",\"@graph\":[{\"@type\":\"Article\",\"@id\":\"https:\\\/\\\/www.worldtradeshow.tv\\\/french\\\/video\\\/tilog-logistix-2026-thailand\\\/byd-q3-ev-tractor-rever-commercial-vehicles-tilog-logistix-2026\\\/#article\",\"isPartOf\":{\"@id\":\"https:\\\/\\\/www.worldtradeshow.tv\\\/french\\\/video\\\/tilog-logistix-2026-thailand\\\/byd-q3-ev-tractor-rever-commercial-vehicles-tilog-logistix-2026\\\/\"},\"author\":{\"name\":\"user\",\"@id\":\"https:\\\/\\\/www.worldtradeshow.tv\\\/french\\\/#\\\/schema\\\/person\\\/a9d7eceb3b29066a8084fc2872dbed3f\"},\"headline\":\"Tracteur \u00e9lectrique BYD Q3 - Rever Commercial Vehicles [TILOG-LOGISTIX 2026]\",\"datePublished\":\"2026-08-31T03:25:51+00:00\",\"dateModified\":\"2026-09-01T01:23:45+00:00\",\"mainEntityOfPage\":{\"@id\":\"https:\\\/\\\/www.worldtradeshow.tv\\\/french\\\/video\\\/tilog-logistix-2026-thailand\\\/byd-q3-ev-tractor-rever-commercial-vehicles-tilog-logistix-2026\\\/\"},\"wordCount\":522,\"commentCount\":0,\"image\":{\"@id\":\"https:\\\/\\\/www.worldtradeshow.tv\\\/french\\\/video\\\/tilog-logistix-2026-thailand\\\/byd-q3-ev-tractor-rever-commercial-vehicles-tilog-logistix-2026\\\/#primaryimage\"},\"thumbnailUrl\":\"https:\\\/\\\/www.worldtradeshow.tv\\\/french\\\/wp-content\\\/uploads\\\/2026\\\/08\\\/maxresdefault-69.jpg\",\"keywords\":[\"A\u00e9rospatiale et aviation \\\/ \u00c9quipement a\u00e9roportuaire\",\"Automobiles (y compris pi\u00e8ces\\\/machines)\",\"Autres machines et \u00e9quipements industriels\",\"B\u00e2timent et construction \\\/ Immobilier\",\"Construction de b\u00e2timents\",\"\u00c9lectrique et \u00e9lectronique (Produits \\\/ Machines)\",\"Emballage (Mat\u00e9riaux \\\/ Machines et \u00e9quipements)\",\"Environnement\",\"Essais\\\/Mesure et analyse\\\/M\u00e9canique de pr\u00e9cision\",\"Finance \\\/ Banque \\\/ Assurance\",\"Information \\\/ T\u00e9l\u00e9communication\",\"Innovation \\\/ Start-up\",\"Innovation \\\/ Startups\",\"Logistique \\\/ Stockage \\\/ Entreposage\",\"Machines \\\/ Technologie industrielle\",\"Manutention \\\/ Pneumatique\",\"Marine \\\/ Construction navale \\\/ Navigation \\\/ \u00c9quipement portuaire\",\"Prestations de service\",\"Protection de l'environnement \\\/ \u00c9limination des d\u00e9chets \\\/ Recyclage\",\"Publicit\u00e9\\\/Marketing\\\/Administration des affaires\",\"Technologie avanc\u00e9e \\\/ Mat\u00e9riaux \\\/ Composites \\\/ R&amp;D\",\"Technologie et ing\u00e9nierie de fabrication\",\"T\u00e9l\u00e9communication \\\/ Informatique \\\/ Informatique\",\"Tha\u00eflande\",\"Transport \\\/ Logistique \\\/ Emballage\"],\"articleSection\":[\"TILOG-LOGISTIX 2026\"],\"inLanguage\":\"fr-FR\",\"potentialAction\":[{\"@type\":\"CommentAction\",\"name\":\"Comment\",\"target\":[\"https:\\\/\\\/www.worldtradeshow.tv\\\/french\\\/video\\\/tilog-logistix-2026-thailand\\\/byd-q3-ev-tractor-rever-commercial-vehicles-tilog-logistix-2026\\\/#respond\"]}]},{\"@type\":\"WebPage\",\"@id\":\"https:\\\/\\\/www.worldtradeshow.tv\\\/french\\\/video\\\/tilog-logistix-2026-thailand\\\/byd-q3-ev-tractor-rever-commercial-vehicles-tilog-logistix-2026\\\/\",\"url\":\"https:\\\/\\\/www.worldtradeshow.tv\\\/french\\\/video\\\/tilog-logistix-2026-thailand\\\/byd-q3-ev-tractor-rever-commercial-vehicles-tilog-logistix-2026\\\/\",\"name\":\"Tracteur \u00e9lectrique BYD Q3 - Rever Commercial Vehicles [TILOG-LOGISTIX 2026] \u2013 Vid\u00e9o du Salon | WorldTradeShow.TV\",\"isPartOf\":{\"@id\":\"https:\\\/\\\/www.worldtradeshow.tv\\\/french\\\/#website\"},\"primaryImageOfPage\":{\"@id\":\"https:\\\/\\\/www.worldtradeshow.tv\\\/french\\\/video\\\/tilog-logistix-2026-thailand\\\/byd-q3-ev-tractor-rever-commercial-vehicles-tilog-logistix-2026\\\/#primaryimage\"},\"image\":{\"@id\":\"https:\\\/\\\/www.worldtradeshow.tv\\\/french\\\/video\\\/tilog-logistix-2026-thailand\\\/byd-q3-ev-tractor-rever-commercial-vehicles-tilog-logistix-2026\\\/#primaryimage\"},\"thumbnailUrl\":\"https:\\\/\\\/www.worldtradeshow.tv\\\/french\\\/wp-content\\\/uploads\\\/2026\\\/08\\\/maxresdefault-69.jpg\",\"datePublished\":\"2026-08-31T03:25:51+00:00\",\"dateModified\":\"2026-09-01T01:23:45+00:00\",\"author\":{\"@id\":\"https:\\\/\\\/www.worldtradeshow.tv\\\/french\\\/#\\\/schema\\\/person\\\/a9d7eceb3b29066a8084fc2872dbed3f\"},\"breadcrumb\":{\"@id\":\"https:\\\/\\\/www.worldtradeshow.tv\\\/french\\\/video\\\/tilog-logistix-2026-thailand\\\/byd-q3-ev-tractor-rever-commercial-vehicles-tilog-logistix-2026\\\/#breadcrumb\"},\"inLanguage\":\"fr-FR\",\"potentialAction\":[{\"@type\":\"ReadAction\",\"target\":[\"https:\\\/\\\/www.worldtradeshow.tv\\\/french\\\/video\\\/tilog-logistix-2026-thailand\\\/byd-q3-ev-tractor-rever-commercial-vehicles-tilog-logistix-2026\\\/\"]}]},{\"@type\":\"ImageObject\",\"inLanguage\":\"fr-FR\",\"@id\":\"https:\\\/\\\/www.worldtradeshow.tv\\\/french\\\/video\\\/tilog-logistix-2026-thailand\\\/byd-q3-ev-tractor-rever-commercial-vehicles-tilog-logistix-2026\\\/#primaryimage\",\"url\":\"https:\\\/\\\/www.worldtradeshow.tv\\\/french\\\/wp-content\\\/uploads\\\/2026\\\/08\\\/maxresdefault-69.jpg\",\"contentUrl\":\"https:\\\/\\\/www.worldtradeshow.tv\\\/french\\\/wp-content\\\/uploads\\\/2026\\\/08\\\/maxresdefault-69.jpg\",\"width\":1280,\"height\":720},{\"@type\":\"BreadcrumbList\",\"@id\":\"https:\\\/\\\/www.worldtradeshow.tv\\\/french\\\/video\\\/tilog-logistix-2026-thailand\\\/byd-q3-ev-tractor-rever-commercial-vehicles-tilog-logistix-2026\\\/#breadcrumb\",\"itemListElement\":[{\"@type\":\"ListItem\",\"position\":1,\"name\":\"Accueil\",\"item\":\"https:\\\/\\\/www.worldtradeshow.tv\\\/french\\\/\"},{\"@type\":\"ListItem\",\"position\":2,\"name\":\"Tracteur \u00e9lectrique BYD Q3 - Rever Commercial Vehicles [TILOG-LOGISTIX 2026]\"}]},{\"@type\":\"WebSite\",\"@id\":\"https:\\\/\\\/www.worldtradeshow.tv\\\/french\\\/#website\",\"url\":\"https:\\\/\\\/www.worldtradeshow.tv\\\/french\\\/\",\"name\":\"Vid\u00e9os de Salons Internationaux et Nouveaux Produits \u2013 WorldTradeShow.TV\",\"description\":\"D\u00e9couvrez des vid\u00e9os de salons internationaux et de nouveaux produits en fran\u00e7ais\",\"potentialAction\":[{\"@type\":\"SearchAction\",\"target\":{\"@type\":\"EntryPoint\",\"urlTemplate\":\"https:\\\/\\\/www.worldtradeshow.tv\\\/french\\\/?s={search_term_string}\"},\"query-input\":{\"@type\":\"PropertyValueSpecification\",\"valueRequired\":true,\"valueName\":\"search_term_string\"}}],\"inLanguage\":\"fr-FR\"},{\"@type\":\"Person\",\"@id\":\"https:\\\/\\\/www.worldtradeshow.tv\\\/french\\\/#\\\/schema\\\/person\\\/a9d7eceb3b29066a8084fc2872dbed3f\",\"name\":\"user\",\"image\":{\"@type\":\"ImageObject\",\"inLanguage\":\"fr-FR\",\"@id\":\"https:\\\/\\\/secure.gravatar.com\\\/avatar\\\/b4c9a289323b21a01c3e940f150eb9b8c542587f1abfd8f0e1cc1ffc5e475514?s=96&d=mm&r=g\",\"url\":\"https:\\\/\\\/secure.gravatar.com\\\/avatar\\\/b4c9a289323b21a01c3e940f150eb9b8c542587f1abfd8f0e1cc1ffc5e475514?s=96&d=mm&r=g\",\"contentUrl\":\"https:\\\/\\\/secure.gravatar.com\\\/avatar\\\/b4c9a289323b21a01c3e940f150eb9b8c542587f1abfd8f0e1cc1ffc5e475514?s=96&d=mm&r=g\",\"caption\":\"user\"},\"sameAs\":[\"http:\"]}]}<\/script>\n<meta property=\"og:video\" content=\"https:\/\/www.youtube.com\/embed\/Bpms-2oOfxU\" \/>\n<meta property=\"og:video:type\" content=\"text\/html\" \/>\n<meta property=\"og:video:duration\" content=\"57\" \/>\n<meta property=\"og:video:width\" content=\"480\" \/>\n<meta property=\"og:video:height\" content=\"270\" \/>\n<meta property=\"ya:ovs:adult\" content=\"false\" \/>\n<meta property=\"ya:ovs:allow_embed\" content=\"true\" \/>\n<!-- \/ Yoast SEO plugin. -->","yoast_head_json":{"title":"Tracteur \u00e9lectrique BYD Q3 - Rever Commercial Vehicles [TILOG-LOGISTIX 2026] \u2013 Vid\u00e9o du Salon | WorldTradeShow.TV","robots":{"index":"index","follow":"follow","max-snippet":"max-snippet:-1","max-image-preview":"max-image-preview:large","max-video-preview":"max-video-preview:-1"},"canonical":"https:\/\/www.worldtradeshow.tv\/french\/video\/tilog-logistix-2026-thailand\/byd-q3-ev-tractor-rever-commercial-vehicles-tilog-logistix-2026\/","og_locale":"fr_FR","og_type":"article","og_title":"Tracteur \u00e9lectrique BYD Q3 - Rever Commercial Vehicles [TILOG-LOGISTIX 2026] \u2013 Vid\u00e9o du Salon | WorldTradeShow.TV","og_description":"R\u00caVER COMMERCIAL VEHICLES CO., LTD. a pr\u00e9sent\u00e9 des v\u00e9hicules utilitaires \u00e9lectriques au salon TILOG-LOGISTIX 2026, notamment le tracteur routier \u00e9lectrique Q3 \u00e9quip\u00e9 d'une batterie de 400 kWh et un VUL (v\u00e9hicule utilitaire l\u00e9ger). L'entreprise a pr\u00e9s\u2026","og_url":"https:\/\/www.worldtradeshow.tv\/french\/video\/tilog-logistix-2026-thailand\/byd-q3-ev-tractor-rever-commercial-vehicles-tilog-logistix-2026\/","og_site_name":"Vid\u00e9os de Salons Internationaux et Nouveaux Produits \u2013 WorldTradeShow.TV","article_publisher":"https:\/\/www.facebook.com\/tenji.tv","article_published_time":"2026-08-31T03:25:51+00:00","article_modified_time":"2026-09-01T01:23:45+00:00","og_image":[{"width":1280,"height":720,"url":"https:\/\/www.worldtradeshow.tv\/french\/wp-content\/uploads\/2026\/08\/maxresdefault-69.jpg","type":"image\/jpeg"}],"author":"user","twitter_card":"summary_large_image","twitter_creator":"@tenjitv","twitter_site":"@tenjitv","twitter_misc":{"\u00c9crit par":"user","Dur\u00e9e de lecture estim\u00e9e":"2 minutes"},"schema":{"@context":"https:\/\/schema.org","@graph":[{"@type":"Article","@id":"https:\/\/www.worldtradeshow.tv\/french\/video\/tilog-logistix-2026-thailand\/byd-q3-ev-tractor-rever-commercial-vehicles-tilog-logistix-2026\/#article","isPartOf":{"@id":"https:\/\/www.worldtradeshow.tv\/french\/video\/tilog-logistix-2026-thailand\/byd-q3-ev-tractor-rever-commercial-vehicles-tilog-logistix-2026\/"},"author":{"name":"user","@id":"https:\/\/www.worldtradeshow.tv\/french\/#\/schema\/person\/a9d7eceb3b29066a8084fc2872dbed3f"},"headline":"Tracteur \u00e9lectrique BYD Q3 - Rever Commercial Vehicles [TILOG-LOGISTIX 2026]","datePublished":"2026-08-31T03:25:51+00:00","dateModified":"2026-09-01T01:23:45+00:00","mainEntityOfPage":{"@id":"https:\/\/www.worldtradeshow.tv\/french\/video\/tilog-logistix-2026-thailand\/byd-q3-ev-tractor-rever-commercial-vehicles-tilog-logistix-2026\/"},"wordCount":522,"commentCount":0,"image":{"@id":"https:\/\/www.worldtradeshow.tv\/french\/video\/tilog-logistix-2026-thailand\/byd-q3-ev-tractor-rever-commercial-vehicles-tilog-logistix-2026\/#primaryimage"},"thumbnailUrl":"https:\/\/www.worldtradeshow.tv\/french\/wp-content\/uploads\/2026\/08\/maxresdefault-69.jpg","keywords":["A\u00e9rospatiale et aviation \/ \u00c9quipement a\u00e9roportuaire","Automobiles (y compris pi\u00e8ces\/machines)","Autres machines et \u00e9quipements industriels","B\u00e2timent et construction \/ Immobilier","Construction de b\u00e2timents","\u00c9lectrique et \u00e9lectronique (Produits \/ Machines)","Emballage (Mat\u00e9riaux \/ Machines et \u00e9quipements)","Environnement","Essais\/Mesure et analyse\/M\u00e9canique de pr\u00e9cision","Finance \/ Banque \/ Assurance","Information \/ T\u00e9l\u00e9communication","Innovation \/ Start-up","Innovation \/ Startups","Logistique \/ Stockage \/ Entreposage","Machines \/ Technologie industrielle","Manutention \/ Pneumatique","Marine \/ Construction navale \/ Navigation \/ \u00c9quipement portuaire","Prestations de service","Protection de l'environnement \/ \u00c9limination des d\u00e9chets \/ Recyclage","Publicit\u00e9\/Marketing\/Administration des affaires","Technologie avanc\u00e9e \/ Mat\u00e9riaux \/ Composites \/ R&amp;D","Technologie et ing\u00e9nierie de fabrication","T\u00e9l\u00e9communication \/ Informatique \/ Informatique","Tha\u00eflande","Transport \/ Logistique \/ Emballage"],"articleSection":["TILOG-LOGISTIX 2026"],"inLanguage":"fr-FR","potentialAction":[{"@type":"CommentAction","name":"Comment","target":["https:\/\/www.worldtradeshow.tv\/french\/video\/tilog-logistix-2026-thailand\/byd-q3-ev-tractor-rever-commercial-vehicles-tilog-logistix-2026\/#respond"]}]},{"@type":"WebPage","@id":"https:\/\/www.worldtradeshow.tv\/french\/video\/tilog-logistix-2026-thailand\/byd-q3-ev-tractor-rever-commercial-vehicles-tilog-logistix-2026\/","url":"https:\/\/www.worldtradeshow.tv\/french\/video\/tilog-logistix-2026-thailand\/byd-q3-ev-tractor-rever-commercial-vehicles-tilog-logistix-2026\/","name":"Tracteur \u00e9lectrique BYD Q3 - Rever Commercial Vehicles [TILOG-LOGISTIX 2026] \u2013 Vid\u00e9o du Salon | WorldTradeShow.TV","isPartOf":{"@id":"https:\/\/www.worldtradeshow.tv\/french\/#website"},"primaryImageOfPage":{"@id":"https:\/\/www.worldtradeshow.tv\/french\/video\/tilog-logistix-2026-thailand\/byd-q3-ev-tractor-rever-commercial-vehicles-tilog-logistix-2026\/#primaryimage"},"image":{"@id":"https:\/\/www.worldtradeshow.tv\/french\/video\/tilog-logistix-2026-thailand\/byd-q3-ev-tractor-rever-commercial-vehicles-tilog-logistix-2026\/#primaryimage"},"thumbnailUrl":"https:\/\/www.worldtradeshow.tv\/french\/wp-content\/uploads\/2026\/08\/maxresdefault-69.jpg","datePublished":"2026-08-31T03:25:51+00:00","dateModified":"2026-09-01T01:23:45+00:00","author":{"@id":"https:\/\/www.worldtradeshow.tv\/french\/#\/schema\/person\/a9d7eceb3b29066a8084fc2872dbed3f"},"breadcrumb":{"@id":"https:\/\/www.worldtradeshow.tv\/french\/video\/tilog-logistix-2026-thailand\/byd-q3-ev-tractor-rever-commercial-vehicles-tilog-logistix-2026\/#breadcrumb"},"inLanguage":"fr-FR","potentialAction":[{"@type":"ReadAction","target":["https:\/\/www.worldtradeshow.tv\/french\/video\/tilog-logistix-2026-thailand\/byd-q3-ev-tractor-rever-commercial-vehicles-tilog-logistix-2026\/"]}]},{"@type":"ImageObject","inLanguage":"fr-FR","@id":"https:\/\/www.worldtradeshow.tv\/french\/video\/tilog-logistix-2026-thailand\/byd-q3-ev-tractor-rever-commercial-vehicles-tilog-logistix-2026\/#primaryimage","url":"https:\/\/www.worldtradeshow.tv\/french\/wp-content\/uploads\/2026\/08\/maxresdefault-69.jpg","contentUrl":"https:\/\/www.worldtradeshow.tv\/french\/wp-content\/uploads\/2026\/08\/maxresdefault-69.jpg","width":1280,"height":720},{"@type":"BreadcrumbList","@id":"https:\/\/www.worldtradeshow.tv\/french\/video\/tilog-logistix-2026-thailand\/byd-q3-ev-tractor-rever-commercial-vehicles-tilog-logistix-2026\/#breadcrumb","itemListElement":[{"@type":"ListItem","position":1,"name":"Accueil","item":"https:\/\/www.worldtradeshow.tv\/french\/"},{"@type":"ListItem","position":2,"name":"Tracteur \u00e9lectrique BYD Q3 - Rever Commercial Vehicles [TILOG-LOGISTIX 2026]"}]},{"@type":"WebSite","@id":"https:\/\/www.worldtradeshow.tv\/french\/#website","url":"https:\/\/www.worldtradeshow.tv\/french\/","name":"Vid\u00e9os de Salons Internationaux et Nouveaux Produits \u2013 WorldTradeShow.TV","description":"D\u00e9couvrez des vid\u00e9os de salons internationaux et de nouveaux produits en fran\u00e7ais","potentialAction":[{"@type":"SearchAction","target":{"@type":"EntryPoint","urlTemplate":"https:\/\/www.worldtradeshow.tv\/french\/?s={search_term_string}"},"query-input":{"@type":"PropertyValueSpecification","valueRequired":true,"valueName":"search_term_string"}}],"inLanguage":"fr-FR"},{"@type":"Person","@id":"https:\/\/www.worldtradeshow.tv\/french\/#\/schema\/person\/a9d7eceb3b29066a8084fc2872dbed3f","name":"user","image":{"@type":"ImageObject","inLanguage":"fr-FR","@id":"https:\/\/secure.gravatar.com\/avatar\/b4c9a289323b21a01c3e940f150eb9b8c542587f1abfd8f0e1cc1ffc5e475514?s=96&d=mm&r=g","url":"https:\/\/secure.gravatar.com\/avatar\/b4c9a289323b21a01c3e940f150eb9b8c542587f1abfd8f0e1cc1ffc5e475514?s=96&d=mm&r=g","contentUrl":"https:\/\/secure.gravatar.com\/avatar\/b4c9a289323b21a01c3e940f150eb9b8c542587f1abfd8f0e1cc1ffc5e475514?s=96&d=mm&r=g","caption":"user"},"sameAs":["http:"]}]},"og_video":"https:\/\/www.youtube.com\/embed\/Bpms-2oOfxU","og_video_type":"text\/html","og_video_duration":"57","og_video_width":"480","og_video_height":"270","ya_ovs_adult":"false","ya_ovs_allow_embed":"true"},"cmb2":{"poster_feature_image":{"vid_m_player_background":"on","vid_m_poster_image":"","vid_m_poster_image_id":""},"gif_feature_image":{"vid_m_gif_image":"","vid_m_gif_image_id":""},"video_movie_settings":{"vid_m_director":"","vid_m_actor":"","vid_m_imdb_ratings":"","vid_m_amazon_associates":"","vid_m_vid_tmdb_movie":"","vid_m_vid_tmdb_tv_shows":"","vid_m_vid_tmdb_thumb":"backdrop_sizes"},"vid_ads_m_videoads_settings_post":{"vid_ads_m_video_ads":"","vid_ads_m_video_ads_type":"","vid_ads_m_group_google_ima":"","vid_ads_m_group_image":"","vid_ads_m_group_html5_video":"","vid_ads_m_group_html":"","vid_ads_m_vpaid_mode":"","vid_ads_m_vast_preroll":"","vid_ads_m_vast_postroll":"","vid_ads_m_vast_pauseroll":"","vid_ads_m_vast_midroll":"","vid_ads_m_group_dynamic":"","vid_ads_m_time_to_show_ads":"","vid_ads_m_time_skip_ads":"","vid_ads_m_time_to_hide_ads":""},"feature_image_settings":{"feature_image_position":""},"video_player_settings":{"single_video_style":"","video_player_position":"","vm_video_url_btn_choose":"","vm_video_url_btn_choose_id":"","vm_video_url":"https:\/\/www.youtube.com\/watch?v=Bpms-2oOfxU","vm_video_ratio":"16:9","vm_video_ratio_mobile":"16:9","video_player_library":"","plyr_player":"","video_streaming":"","vm_video_shortcode":"","vm_video_timelapse":"","vm_media_subtitles":"","vm_media_sources":"","vid_vtt_preview":"","vid_vtt_preview_vtt_file":"","vid_vtt_preview_vtt_file_id":"","vid_vtt_preview_sprite_image":"","vid_vtt_preview_sprite_image_id":"","vid_auto_play":"","vid_preview_mode":"","vm_video_trailer_manl_url":"","vm_screenshot_preview":"","vid_tags":"","vid_p_sync_playlist":"","vid_c_sync_channel":"","get_post_format":"","multiple_links_structure":"default","multi_links_title":"","original_video_title":"","multi_links_series":"","vm_video_multi_links":"","vm_duration":"","vid_social_locker":"","vid_locker_mode":"social","vid_social_locker_id":"","vid_social_email_locker_id":"","vid_social_signin_locker_id":"","sv_login_to_watch":"","vid_membership_action":"content-video","vm_video_trailer_url":"","vid_download_type":"free","vid_download_target":"download","vid_woo_product":"","vid_download_mode":"","vid_download_mode_trailer":"","vm_media_download":"","user_rating":"","user_rating_position":"","user_rating_mode":"","user_rating_multi_sets":"","ads_above_single_player":""},"video_auto_fetch_settings":{"vm_video_fetch":"on"},"video_fake_views_likes":{"vm_fake_views":"","vm_fake_likes":"","vm_fake_dislikes":""},"gallery_settings":{"gallery_position":""},"quote_settings":{"quote_position":""},"post_options":{"main_layout":"","main_logo":"","main_logo_id":"","main_logo_retina":"","main_logo_retina_id":"","main_logo_mobile":"","main_logo_mobile_id":"","main_logo_mobile_retina":"","main_logo_mobile_retina_id":"","sticky_logo":"","sticky_logo_id":"","sticky_logo_retina":"","sticky_logo_retina_id":"","main_nav_layout":"","header_background":"","theme_sidebar":"","single_post_comment_type":"","theme_background":""}},"_links":{"self":[{"href":"https:\/\/www.worldtradeshow.tv\/french\/wp-json\/wp\/v2\/posts\/98589","targetHints":{"allow":["GET"]}}],"collection":[{"href":"https:\/\/www.worldtradeshow.tv\/french\/wp-json\/wp\/v2\/posts"}],"about":[{"href":"https:\/\/www.worldtradeshow.tv\/french\/wp-json\/wp\/v2\/types\/post"}],"author":[{"embeddable":true,"href":"https:\/\/www.worldtradeshow.tv\/french\/wp-json\/wp\/v2\/users\/1"}],"replies":[{"embeddable":true,"href":"https:\/\/www.worldtradeshow.tv\/french\/wp-json\/wp\/v2\/comments?post=98589"}],"version-history":[{"count":1,"href":"https:\/\/www.worldtradeshow.tv\/french\/wp-json\/wp\/v2\/posts\/98589\/revisions"}],"predecessor-version":[{"id":98590,"href":"https:\/\/www.worldtradeshow.tv\/french\/wp-json\/wp\/v2\/posts\/98589\/revisions\/98590"}],"wp:featuredmedia":[{"embeddable":true,"href":"https:\/\/www.worldtradeshow.tv\/french\/wp-json\/wp\/v2\/media\/98591"}],"wp:attachment":[{"href":"https:\/\/www.worldtradeshow.tv\/french\/wp-json\/wp\/v2\/media?parent=98589"}],"wp:term":[{"taxonomy":"category","embeddable":true,"href":"https:\/\/www.worldtradeshow.tv\/french\/wp-json\/wp\/v2\/categories?post=98589"},{"taxonomy":"post_tag","embeddable":true,"href":"https:\/\/www.worldtradeshow.tv\/french\/wp-json\/wp\/v2\/tags?post=98589"}],"curies":[{"name":"wp","href":"https:\/\/api.w.org\/{rel}","templated":true}]}}