{"id":98562,"date":"2026-08-27T05:59:07","date_gmt":"2026-08-27T05:59:07","guid":{"rendered":"https:\/\/www.worldtradeshow.tv\/french\/?p=98562"},"modified":"2026-09-01T01:24:08","modified_gmt":"2026-09-01T01:24:08","slug":"care-records-care-connect-japan-inc-the-3rd-caretex-tokyo-26-summer","status":"publish","type":"post","link":"https:\/\/www.worldtradeshow.tv\/french\/video\/caretex-tokyo-summer-2026-japan\/care-records-care-connect-japan-inc-the-3rd-caretex-tokyo-26-summer\/","title":{"rendered":"Dossiers de soins - CARE CONNECT JAPAN INC. [The 3rd CareTEX Tokyo '26 Summer]"},"content":{"rendered":"<div class=\"entry-content \">\n<blockquote class=\"wp-block-quote\">\n<p>Care Connect Japan, Inc. a pr\u00e9sent\u00e9 \u00ab CAREKARTE \u00bb, son logiciel de gestion des dossiers et de facturation des soins infirmiers, lors du salon CareTEX Tokyo 2026 Summer. Ce syst\u00e8me est con\u00e7u pour simplifier les t\u00e2ches administratives quotidiennes dans les \u00e9tablissements de soins, notamment l&#8217;enregistrement des soins prodigu\u00e9s aux r\u00e9sidents et la gestion de la facturation, afin de permettre au personnel de consacrer plus de temps \u00e0 l&#8217;accompagnement direct des r\u00e9sidents.<\/p>\n<p>Pour la documentation de premi\u00e8re ligne, l&#8217;entreprise propose \u00ab\u00a0CAREKARTE Mobile\u00a0\u00bb, qui permet au personnel de saisir les donn\u00e9es sur tablettes, ainsi que \u00ab\u00a0Hanasto\u00a0\u00bb, une solution de saisie vocale con\u00e7ue pour r\u00e9duire la saisie manuelle. Les informations enregistr\u00e9es peuvent \u00eatre consult\u00e9es via l&#8217;interface de liste de contr\u00f4le \u00ab\u00a0CareMoni\u00a0\u00bb, permettant au personnel de confirmer les t\u00e2ches et de partager les informations au sein de l&#8217;\u00e9quipe soignante.<\/p>\n<p>L&#8217;entreprise d\u00e9veloppe \u00e9galement \u00ab\u00a0CareKatte\u00a0\u00bb, un syst\u00e8me qui utilise les donn\u00e9es de g\u00e9olocalisation du personnel et des r\u00e9sidents pour automatiser la cr\u00e9ation des dossiers de soins. L&#8217;objectif est de g\u00e9n\u00e9rer ces dossiers au fur et \u00e0 mesure que le personnel prodigue les soins, r\u00e9duisant ainsi le besoin de documentation suppl\u00e9mentaire. Gr\u00e2ce \u00e0 ces technologies, Care Connect Japan vise \u00e0 simplifier les processus d&#8217;enregistrement, de facturation et de partage d&#8217;informations, tout en permettant au personnel soignant de consacrer davantage de temps aux r\u00e9sidents.<\/p>\n<\/blockquote>\n<div class=\"video-summary-grid\">\n<div class=\"summary-card\">\n<h3>D\u00e9fis abord\u00e9s<\/h3>\n<ul>\n<li><a href=\"\/french\/?s=Rationalisation%20des%20dossiers%20de%20soins%20infirmiers&#038;post_type=post\">Rationalisation des dossiers de soins infirmiers<\/a><\/li>\n<li><a href=\"\/french\/?s=Am%C3%A9liorer%20le%20partage%20d%27informations%20entre%20les%20membres%20du%20personnel&#038;post_type=post\">Am\u00e9liorer le partage d&#8217;informations entre les membres du personnel<\/a><\/li>\n<li><a href=\"\/french\/?s=R%C3%A9duire%20la%20charge%20de%20travail%20administrative%20des%20aidants&#038;post_type=post\">R\u00e9duire la charge de travail administrative des aidants<\/a><\/li>\n<\/ul>\n<\/div>\n<div class=\"summary-card\">\n<h3>Solutions<\/h3>\n<ul>\n<li><a href=\"\/french\/?s=Logiciel%20de%20gestion%20des%20soins%20CAREKARTE&#038;post_type=post\">Logiciel de gestion des soins CAREKARTE<\/a><\/li>\n<li><a href=\"\/french\/?s=Saisie%20vocale%20pour%20les%20dossiers%20de%20soins&#038;post_type=post\">Saisie vocale pour les dossiers de soins<\/a><\/li>\n<li><a href=\"\/french\/?s=Enregistrements%20automatis%C3%A9s%20utilisant%20les%20donn%C3%A9es%20de%20localisation&#038;post_type=post\">Enregistrements automatis\u00e9s utilisant les donn\u00e9es de localisation<\/a><\/li>\n<\/ul>\n<\/div>\n<div class=\"summary-card\">\n<h3>Clients cibles<\/h3>\n<ul>\n<li><a href=\"\/french\/?s=%C3%A9tablissements%20de%20soins%20infirmiers&#038;post_type=post\">\u00e9tablissements de soins infirmiers<\/a><\/li>\n<li><a href=\"\/french\/?s=installations%20de%20bien-%C3%AAtre&#038;post_type=post\">installations de bien-\u00eatre<\/a><\/li>\n<li><a href=\"\/french\/?s=Les%20soignants%20et%20les%20gestionnaires%20d%27%C3%A9tablissements&#038;post_type=post\">Les soignants et les gestionnaires d&#8217;\u00e9tablissements<\/a><\/li>\n<\/ul>\n<\/div>\n<\/div>\n<div class=\"video-faq\">\n<h3 class=\"faq-heading\">FAQ<\/h3>\n<details class=\"faq-item\">\n<summary>Quelles op\u00e9rations CAREKARTE peut-elle prendre en charge ?<\/summary>\n<div class=\"faq-answer\">CAREKARTE facilite la gestion des dossiers de soins infirmiers et la facturation. L&#8217;entreprise propose \u00e9galement des outils pour la saisie de donn\u00e9es sur tablette, la saisie vocale, la validation par liste de contr\u00f4le et le partage d&#8217;informations entre les membres du personnel.<\/div>\n<\/details>\n<details class=\"faq-item\">\n<summary>Est-il possible de saisir les dossiers de soins par la voix\u00a0?<\/summary>\n<div class=\"faq-answer\">Oui. L&#8217;entreprise propose \u00ab Hanasto \u00bb, une solution de saisie vocale con\u00e7ue pour aider le personnel \u00e0 saisir plus efficacement les dossiers de soins.<\/div>\n<\/details>\n<details class=\"faq-item\">\n<summary>Care Connect Japan travaille-t-il sur la mise en place de dossiers de soins automatis\u00e9s\u00a0?<\/summary>\n<div class=\"faq-answer\">Oui. L&#8217;entreprise d\u00e9veloppe \u00ab CareKatte \u00bb, un syst\u00e8me qui utilise les donn\u00e9es de g\u00e9olocalisation du personnel et des r\u00e9sidents afin de cr\u00e9er automatiquement des dossiers au fur et \u00e0 mesure que les soins sont prodigu\u00e9s.<\/div>\n<\/details>\n<\/div>\n<details class=\"video-transcript\">\n<summary>Voir la transcription vid\u00e9o<\/summary>\n<div class=\"transcript-content\">Nous sommes CARE CONNECT JAPAN INC. Nous avons d\u00e9velopp\u00e9 un logiciel de gestion des dossiers de soins et de facturation appel\u00e9 Care Records. Gr\u00e2ce \u00e0 ce logiciel, nous optimisons les op\u00e9rations quotidiennes, notamment la saisie des donn\u00e9es et la facturation apr\u00e8s la prestation de soins, en permettant au personnel de saisir les informations sur tablettes via Care Records Mobile et par saisie vocale via Hanast. Toutes ces informations sont consultables en un coup d&#8217;\u0153il et peuvent \u00eatre partag\u00e9es par le personnel gr\u00e2ce \u00e0 une liste de contr\u00f4le appel\u00e9e CareMoni. Enfin, nous d\u00e9veloppons actuellement un syst\u00e8me appel\u00e9 CareCatte qui suit la g\u00e9olocalisation du personnel et des clients, permettant ainsi une saisie automatique des soins. En utilisant ces services, nous souhaitons augmenter le temps que le personnel peut consacrer aux soins des clients et cr\u00e9er un environnement de travail plus agr\u00e9able. Si vous \u00eates int\u00e9ress\u00e9(e), n&#8217;h\u00e9sitez pas \u00e0 nous contacter.<\/div>\n<\/details>\n<h2>Contactez l&#8217;entreprise<\/h2>\n<div class=\"company-profile-section\">\n<div class=\"company-shot\"><a href=\"https:\/\/www.carekarte.jp\/\" target=\"_blank\" rel=\"noopener noreferrer\"><img decoding=\"async\" src=\"https:\/\/s.wordpress.com\/mshots\/v1\/https%3A%2F%2Fwww.carekarte.jp%2F?w=800\" alt=\"Site officiel de Care Connect Japan, Inc.\" loading=\"lazy\"><\/a><\/div>\n<div class=\"company-info\">\n<ul>\n<li><span class=\"label\">Quartier g\u00e9n\u00e9ral<\/span> <span class=\"value\">2F Southpot Shizuoka, 18-1 Minamicho, Suruga-ku, Shizuoka, Shizuoka 422-8067, Japon<\/span><\/li>\n<li><span class=\"label\">\u00c9tabli<\/span> <span class=\"value\">F\u00e9vrier 2003<\/span><\/li>\n<li><span class=\"label\">Employ\u00e9s<\/span> <span class=\"value\">Plus de 200<\/span><\/li>\n<li><span class=\"label\">Site officiel<\/span> <span class=\"value\"><a href=\"https:\/\/www.carekarte.jp\/\" target=\"_blank\" rel=\"noopener noreferrer\">https:\/\/www.carekarte.jp\/<\/a><\/span><\/li>\n<li><span class=\"label\">Secteurs d&#8217;activit\u00e9<\/span> <span class=\"value\">D\u00e9veloppement et fourniture de logiciels pour les soins infirmiers, le bien-\u00eatre et la sant\u00e9<\/span><\/li>\n<li><span class=\"label\">Principaux produits et services<\/span> <span class=\"value\">CAREKARTE, CAREKARTE Mobile, Hanasto, CareMoni et CareKatte<\/span><\/li>\n<\/ul>\n<\/div>\n<\/div>\n<\/div>\n","protected":false},"excerpt":{"rendered":"<p>Care Connect Japan, Inc. a pr\u00e9sent\u00e9 \u00ab CAREKARTE \u00bb, son logiciel de gestion des dossiers et de facturation des soins infirmiers, lors du salon CareTEX Tokyo 2026 Summer. Ce syst\u00e8me est con\u00e7u pour simplifier les t\u00e2ches administratives quotidiennes dans\u2026<\/p>\n","protected":false},"author":1,"featured_media":98564,"comment_status":"open","ping_status":"open","sticky":false,"template":"","format":"video","meta":{"_acf_changed":false,"footnotes":""},"categories":[803],"tags":[43,536,632,542,530,627,604,562,31,38,33,520,36,552,548,634,588,34,506,42],"class_list":["post-98562","post","type-post","status-publish","format-video","has-post-thumbnail","hentry","category-caretex-tokyo-summer-2026-japan","tag-agriculture-forestry-fishery-and-food","tag-agriculture-forestry-fishery-and-food-2","tag-medical-care-health-6","tag-machinery-industrial-technology-7","tag-machinery-industrial-technology-6","tag-medical-care-health-3","tag-machinery-industrial-technology-5","tag-services-1","tag-information-telecommunication","tag-japan","tag-machinery-industrial-technology","tag-living-4","tag-services","tag-services-3","tag-living-12","tag-services-9","tag-medical-care-health-5","tag-medical-care-health","tag-information-telecommunication-1","tag-living","post_format-post-format-video"],"acf":[],"yoast_head":"<!-- This site is optimized with the Yoast SEO plugin v28.3 - https:\/\/yoast.com\/product\/yoast-seo-wordpress\/ -->\n<title>Dossiers de soins - CARE CONNECT JAPAN INC. [The 3rd CareTEX Tokyo &#039;26 Summer] \u2013 Vid\u00e9o du Salon | WorldTradeShow.TV<\/title>\n<meta name=\"robots\" content=\"index, follow, max-snippet:-1, max-image-preview:large, max-video-preview:-1\" \/>\n<link rel=\"canonical\" href=\"https:\/\/www.worldtradeshow.tv\/french\/video\/caretex-tokyo-summer-2026-japan\/care-records-care-connect-japan-inc-the-3rd-caretex-tokyo-26-summer\/\" \/>\n<meta property=\"og:locale\" content=\"fr_FR\" \/>\n<meta property=\"og:type\" content=\"article\" \/>\n<meta property=\"og:title\" content=\"Dossiers de soins - CARE CONNECT JAPAN INC. [The 3rd CareTEX Tokyo &#039;26 Summer] \u2013 Vid\u00e9o du Salon | WorldTradeShow.TV\" \/>\n<meta property=\"og:description\" content=\"Care Connect Japan, Inc. a pr\u00e9sent\u00e9 \u00ab CAREKARTE \u00bb, son logiciel de gestion des dossiers et de facturation des soins infirmiers, lors du salon CareTEX Tokyo 2026 Summer. Ce syst\u00e8me est con\u00e7u pour simplifier les t\u00e2ches administratives quotidiennes dans\u2026\" \/>\n<meta property=\"og:url\" content=\"https:\/\/www.worldtradeshow.tv\/french\/video\/caretex-tokyo-summer-2026-japan\/care-records-care-connect-japan-inc-the-3rd-caretex-tokyo-26-summer\/\" \/>\n<meta property=\"og:site_name\" content=\"Vid\u00e9os de Salons Internationaux et Nouveaux Produits \u2013 WorldTradeShow.TV\" \/>\n<meta property=\"article:publisher\" content=\"https:\/\/www.facebook.com\/tenji.tv\" \/>\n<meta property=\"article:published_time\" content=\"2026-08-27T05:59:07+00:00\" \/>\n<meta property=\"article:modified_time\" content=\"2026-09-01T01:24:08+00:00\" \/>\n<meta property=\"og:image\" content=\"https:\/\/www.worldtradeshow.tv\/french\/wp-content\/uploads\/2026\/08\/maxresdefault-67.jpg\" \/>\n\t<meta property=\"og:image:width\" content=\"1280\" \/>\n\t<meta property=\"og:image:height\" content=\"720\" \/>\n\t<meta property=\"og:image:type\" content=\"image\/jpeg\" \/>\n<meta name=\"author\" content=\"user\" \/>\n<meta name=\"twitter:card\" content=\"summary_large_image\" \/>\n<meta name=\"twitter:creator\" content=\"@tenjitv\" \/>\n<meta name=\"twitter:site\" content=\"@tenjitv\" \/>\n<meta name=\"twitter:label1\" content=\"\u00c9crit par\" \/>\n\t<meta name=\"twitter:data1\" content=\"user\" \/>\n\t<meta name=\"twitter:label2\" content=\"Dur\u00e9e de lecture estim\u00e9e\" \/>\n\t<meta name=\"twitter:data2\" content=\"3 minutes\" \/>\n<script type=\"application\/ld+json\" class=\"yoast-schema-graph\">{\"@context\":\"https:\\\/\\\/schema.org\",\"@graph\":[{\"@type\":\"Article\",\"@id\":\"https:\\\/\\\/www.worldtradeshow.tv\\\/french\\\/video\\\/caretex-tokyo-summer-2026-japan\\\/care-records-care-connect-japan-inc-the-3rd-caretex-tokyo-26-summer\\\/#article\",\"isPartOf\":{\"@id\":\"https:\\\/\\\/www.worldtradeshow.tv\\\/french\\\/video\\\/caretex-tokyo-summer-2026-japan\\\/care-records-care-connect-japan-inc-the-3rd-caretex-tokyo-26-summer\\\/\"},\"author\":{\"name\":\"user\",\"@id\":\"https:\\\/\\\/www.worldtradeshow.tv\\\/french\\\/#\\\/schema\\\/person\\\/a9d7eceb3b29066a8084fc2872dbed3f\"},\"headline\":\"Dossiers de soins - CARE CONNECT JAPAN INC. [The 3rd CareTEX Tokyo '26 Summer]\",\"datePublished\":\"2026-08-27T05:59:07+00:00\",\"dateModified\":\"2026-09-01T01:24:08+00:00\",\"mainEntityOfPage\":{\"@id\":\"https:\\\/\\\/www.worldtradeshow.tv\\\/french\\\/video\\\/caretex-tokyo-summer-2026-japan\\\/care-records-care-connect-japan-inc-the-3rd-caretex-tokyo-26-summer\\\/\"},\"wordCount\":701,\"commentCount\":0,\"image\":{\"@id\":\"https:\\\/\\\/www.worldtradeshow.tv\\\/french\\\/video\\\/caretex-tokyo-summer-2026-japan\\\/care-records-care-connect-japan-inc-the-3rd-caretex-tokyo-26-summer\\\/#primaryimage\"},\"thumbnailUrl\":\"https:\\\/\\\/www.worldtradeshow.tv\\\/french\\\/wp-content\\\/uploads\\\/2026\\\/08\\\/maxresdefault-67.jpg\",\"keywords\":[\"Agriculture \\\/ For\u00eats \\\/ P\u00eache et nourriture\",\"Aliments et boissons \\\/ Transformation des aliments\",\"Aptitude\",\"Autres machines et \u00e9quipements industriels\",\"\u00c9lectrique et \u00e9lectronique (Produits \\\/ Machines)\",\"\u00c9quipement de bien-\u00eatre et de soins infirmiers \\\/ R\u00e9adaptation\",\"Essais\\\/Mesure et analyse\\\/M\u00e9canique de pr\u00e9cision\",\"H\u00f4tellerie\\\/Restaurant &amp; Restauration\",\"Information \\\/ T\u00e9l\u00e9communication\",\"Japon\",\"Machines \\\/ Technologie industrielle\",\"Meubles et accessoires \\\/ Pi\u00e8ces\",\"Prestations de service\",\"Publicit\u00e9\\\/Marketing\\\/Administration des affaires\",\"S\u00e9curit\u00e9 \\\/ S\u00fbret\u00e9 \\\/ Protection Incendie \\\/ Police \\\/ D\u00e9fense\",\"S\u00e9curit\u00e9 et sant\u00e9 au travail \\\/ Gestion du travail\",\"Soins de sant\u00e9 (\u00e9quipements\\\/produits et services)\",\"Soins m\u00e9dicaux \\\/ Sant\u00e9\",\"T\u00e9l\u00e9communication \\\/ Informatique \\\/ Informatique\",\"Vivant\"],\"articleSection\":[\"The 3rd CareTEX Tokyo '26 Summer\"],\"inLanguage\":\"fr-FR\",\"potentialAction\":[{\"@type\":\"CommentAction\",\"name\":\"Comment\",\"target\":[\"https:\\\/\\\/www.worldtradeshow.tv\\\/french\\\/video\\\/caretex-tokyo-summer-2026-japan\\\/care-records-care-connect-japan-inc-the-3rd-caretex-tokyo-26-summer\\\/#respond\"]}]},{\"@type\":\"WebPage\",\"@id\":\"https:\\\/\\\/www.worldtradeshow.tv\\\/french\\\/video\\\/caretex-tokyo-summer-2026-japan\\\/care-records-care-connect-japan-inc-the-3rd-caretex-tokyo-26-summer\\\/\",\"url\":\"https:\\\/\\\/www.worldtradeshow.tv\\\/french\\\/video\\\/caretex-tokyo-summer-2026-japan\\\/care-records-care-connect-japan-inc-the-3rd-caretex-tokyo-26-summer\\\/\",\"name\":\"Dossiers de soins - CARE CONNECT JAPAN INC. [The 3rd CareTEX Tokyo '26 Summer] \u2013 Vid\u00e9o du Salon | WorldTradeShow.TV\",\"isPartOf\":{\"@id\":\"https:\\\/\\\/www.worldtradeshow.tv\\\/french\\\/#website\"},\"primaryImageOfPage\":{\"@id\":\"https:\\\/\\\/www.worldtradeshow.tv\\\/french\\\/video\\\/caretex-tokyo-summer-2026-japan\\\/care-records-care-connect-japan-inc-the-3rd-caretex-tokyo-26-summer\\\/#primaryimage\"},\"image\":{\"@id\":\"https:\\\/\\\/www.worldtradeshow.tv\\\/french\\\/video\\\/caretex-tokyo-summer-2026-japan\\\/care-records-care-connect-japan-inc-the-3rd-caretex-tokyo-26-summer\\\/#primaryimage\"},\"thumbnailUrl\":\"https:\\\/\\\/www.worldtradeshow.tv\\\/french\\\/wp-content\\\/uploads\\\/2026\\\/08\\\/maxresdefault-67.jpg\",\"datePublished\":\"2026-08-27T05:59:07+00:00\",\"dateModified\":\"2026-09-01T01:24:08+00:00\",\"author\":{\"@id\":\"https:\\\/\\\/www.worldtradeshow.tv\\\/french\\\/#\\\/schema\\\/person\\\/a9d7eceb3b29066a8084fc2872dbed3f\"},\"breadcrumb\":{\"@id\":\"https:\\\/\\\/www.worldtradeshow.tv\\\/french\\\/video\\\/caretex-tokyo-summer-2026-japan\\\/care-records-care-connect-japan-inc-the-3rd-caretex-tokyo-26-summer\\\/#breadcrumb\"},\"inLanguage\":\"fr-FR\",\"potentialAction\":[{\"@type\":\"ReadAction\",\"target\":[\"https:\\\/\\\/www.worldtradeshow.tv\\\/french\\\/video\\\/caretex-tokyo-summer-2026-japan\\\/care-records-care-connect-japan-inc-the-3rd-caretex-tokyo-26-summer\\\/\"]}]},{\"@type\":\"ImageObject\",\"inLanguage\":\"fr-FR\",\"@id\":\"https:\\\/\\\/www.worldtradeshow.tv\\\/french\\\/video\\\/caretex-tokyo-summer-2026-japan\\\/care-records-care-connect-japan-inc-the-3rd-caretex-tokyo-26-summer\\\/#primaryimage\",\"url\":\"https:\\\/\\\/www.worldtradeshow.tv\\\/french\\\/wp-content\\\/uploads\\\/2026\\\/08\\\/maxresdefault-67.jpg\",\"contentUrl\":\"https:\\\/\\\/www.worldtradeshow.tv\\\/french\\\/wp-content\\\/uploads\\\/2026\\\/08\\\/maxresdefault-67.jpg\",\"width\":1280,\"height\":720},{\"@type\":\"BreadcrumbList\",\"@id\":\"https:\\\/\\\/www.worldtradeshow.tv\\\/french\\\/video\\\/caretex-tokyo-summer-2026-japan\\\/care-records-care-connect-japan-inc-the-3rd-caretex-tokyo-26-summer\\\/#breadcrumb\",\"itemListElement\":[{\"@type\":\"ListItem\",\"position\":1,\"name\":\"Accueil\",\"item\":\"https:\\\/\\\/www.worldtradeshow.tv\\\/french\\\/\"},{\"@type\":\"ListItem\",\"position\":2,\"name\":\"Dossiers de soins - CARE CONNECT JAPAN INC. [The 3rd CareTEX Tokyo '26 Summer]\"}]},{\"@type\":\"WebSite\",\"@id\":\"https:\\\/\\\/www.worldtradeshow.tv\\\/french\\\/#website\",\"url\":\"https:\\\/\\\/www.worldtradeshow.tv\\\/french\\\/\",\"name\":\"Vid\u00e9os de Salons Internationaux et Nouveaux Produits \u2013 WorldTradeShow.TV\",\"description\":\"D\u00e9couvrez des vid\u00e9os de salons internationaux et de nouveaux produits en fran\u00e7ais\",\"potentialAction\":[{\"@type\":\"SearchAction\",\"target\":{\"@type\":\"EntryPoint\",\"urlTemplate\":\"https:\\\/\\\/www.worldtradeshow.tv\\\/french\\\/?s={search_term_string}\"},\"query-input\":{\"@type\":\"PropertyValueSpecification\",\"valueRequired\":true,\"valueName\":\"search_term_string\"}}],\"inLanguage\":\"fr-FR\"},{\"@type\":\"Person\",\"@id\":\"https:\\\/\\\/www.worldtradeshow.tv\\\/french\\\/#\\\/schema\\\/person\\\/a9d7eceb3b29066a8084fc2872dbed3f\",\"name\":\"user\",\"image\":{\"@type\":\"ImageObject\",\"inLanguage\":\"fr-FR\",\"@id\":\"https:\\\/\\\/secure.gravatar.com\\\/avatar\\\/b4c9a289323b21a01c3e940f150eb9b8c542587f1abfd8f0e1cc1ffc5e475514?s=96&d=mm&r=g\",\"url\":\"https:\\\/\\\/secure.gravatar.com\\\/avatar\\\/b4c9a289323b21a01c3e940f150eb9b8c542587f1abfd8f0e1cc1ffc5e475514?s=96&d=mm&r=g\",\"contentUrl\":\"https:\\\/\\\/secure.gravatar.com\\\/avatar\\\/b4c9a289323b21a01c3e940f150eb9b8c542587f1abfd8f0e1cc1ffc5e475514?s=96&d=mm&r=g\",\"caption\":\"user\"},\"sameAs\":[\"http:\"]}]}<\/script>\n<meta property=\"og:video\" content=\"https:\/\/www.youtube.com\/embed\/YanpD5rR5iI\" \/>\n<meta property=\"og:video:type\" content=\"text\/html\" \/>\n<meta property=\"og:video:duration\" content=\"63\" \/>\n<meta property=\"og:video:width\" content=\"480\" \/>\n<meta property=\"og:video:height\" content=\"270\" \/>\n<meta property=\"ya:ovs:adult\" content=\"false\" \/>\n<meta property=\"ya:ovs:allow_embed\" content=\"true\" \/>\n<!-- \/ Yoast SEO plugin. -->","yoast_head_json":{"title":"Dossiers de soins - CARE CONNECT JAPAN INC. [The 3rd CareTEX Tokyo '26 Summer] \u2013 Vid\u00e9o du Salon | WorldTradeShow.TV","robots":{"index":"index","follow":"follow","max-snippet":"max-snippet:-1","max-image-preview":"max-image-preview:large","max-video-preview":"max-video-preview:-1"},"canonical":"https:\/\/www.worldtradeshow.tv\/french\/video\/caretex-tokyo-summer-2026-japan\/care-records-care-connect-japan-inc-the-3rd-caretex-tokyo-26-summer\/","og_locale":"fr_FR","og_type":"article","og_title":"Dossiers de soins - CARE CONNECT JAPAN INC. [The 3rd CareTEX Tokyo '26 Summer] \u2013 Vid\u00e9o du Salon | WorldTradeShow.TV","og_description":"Care Connect Japan, Inc. a pr\u00e9sent\u00e9 \u00ab CAREKARTE \u00bb, son logiciel de gestion des dossiers et de facturation des soins infirmiers, lors du salon CareTEX Tokyo 2026 Summer. Ce syst\u00e8me est con\u00e7u pour simplifier les t\u00e2ches administratives quotidiennes dans\u2026","og_url":"https:\/\/www.worldtradeshow.tv\/french\/video\/caretex-tokyo-summer-2026-japan\/care-records-care-connect-japan-inc-the-3rd-caretex-tokyo-26-summer\/","og_site_name":"Vid\u00e9os de Salons Internationaux et Nouveaux Produits \u2013 WorldTradeShow.TV","article_publisher":"https:\/\/www.facebook.com\/tenji.tv","article_published_time":"2026-08-27T05:59:07+00:00","article_modified_time":"2026-09-01T01:24:08+00:00","og_image":[{"width":1280,"height":720,"url":"https:\/\/www.worldtradeshow.tv\/french\/wp-content\/uploads\/2026\/08\/maxresdefault-67.jpg","type":"image\/jpeg"}],"author":"user","twitter_card":"summary_large_image","twitter_creator":"@tenjitv","twitter_site":"@tenjitv","twitter_misc":{"\u00c9crit par":"user","Dur\u00e9e de lecture estim\u00e9e":"3 minutes"},"schema":{"@context":"https:\/\/schema.org","@graph":[{"@type":"Article","@id":"https:\/\/www.worldtradeshow.tv\/french\/video\/caretex-tokyo-summer-2026-japan\/care-records-care-connect-japan-inc-the-3rd-caretex-tokyo-26-summer\/#article","isPartOf":{"@id":"https:\/\/www.worldtradeshow.tv\/french\/video\/caretex-tokyo-summer-2026-japan\/care-records-care-connect-japan-inc-the-3rd-caretex-tokyo-26-summer\/"},"author":{"name":"user","@id":"https:\/\/www.worldtradeshow.tv\/french\/#\/schema\/person\/a9d7eceb3b29066a8084fc2872dbed3f"},"headline":"Dossiers de soins - CARE CONNECT JAPAN INC. [The 3rd CareTEX Tokyo '26 Summer]","datePublished":"2026-08-27T05:59:07+00:00","dateModified":"2026-09-01T01:24:08+00:00","mainEntityOfPage":{"@id":"https:\/\/www.worldtradeshow.tv\/french\/video\/caretex-tokyo-summer-2026-japan\/care-records-care-connect-japan-inc-the-3rd-caretex-tokyo-26-summer\/"},"wordCount":701,"commentCount":0,"image":{"@id":"https:\/\/www.worldtradeshow.tv\/french\/video\/caretex-tokyo-summer-2026-japan\/care-records-care-connect-japan-inc-the-3rd-caretex-tokyo-26-summer\/#primaryimage"},"thumbnailUrl":"https:\/\/www.worldtradeshow.tv\/french\/wp-content\/uploads\/2026\/08\/maxresdefault-67.jpg","keywords":["Agriculture \/ For\u00eats \/ P\u00eache et nourriture","Aliments et boissons \/ Transformation des aliments","Aptitude","Autres machines et \u00e9quipements industriels","\u00c9lectrique et \u00e9lectronique (Produits \/ Machines)","\u00c9quipement de bien-\u00eatre et de soins infirmiers \/ R\u00e9adaptation","Essais\/Mesure et analyse\/M\u00e9canique de pr\u00e9cision","H\u00f4tellerie\/Restaurant &amp; Restauration","Information \/ T\u00e9l\u00e9communication","Japon","Machines \/ Technologie industrielle","Meubles et accessoires \/ Pi\u00e8ces","Prestations de service","Publicit\u00e9\/Marketing\/Administration des affaires","S\u00e9curit\u00e9 \/ S\u00fbret\u00e9 \/ Protection Incendie \/ Police \/ D\u00e9fense","S\u00e9curit\u00e9 et sant\u00e9 au travail \/ Gestion du travail","Soins de sant\u00e9 (\u00e9quipements\/produits et services)","Soins m\u00e9dicaux \/ Sant\u00e9","T\u00e9l\u00e9communication \/ Informatique \/ Informatique","Vivant"],"articleSection":["The 3rd CareTEX Tokyo '26 Summer"],"inLanguage":"fr-FR","potentialAction":[{"@type":"CommentAction","name":"Comment","target":["https:\/\/www.worldtradeshow.tv\/french\/video\/caretex-tokyo-summer-2026-japan\/care-records-care-connect-japan-inc-the-3rd-caretex-tokyo-26-summer\/#respond"]}]},{"@type":"WebPage","@id":"https:\/\/www.worldtradeshow.tv\/french\/video\/caretex-tokyo-summer-2026-japan\/care-records-care-connect-japan-inc-the-3rd-caretex-tokyo-26-summer\/","url":"https:\/\/www.worldtradeshow.tv\/french\/video\/caretex-tokyo-summer-2026-japan\/care-records-care-connect-japan-inc-the-3rd-caretex-tokyo-26-summer\/","name":"Dossiers de soins - CARE CONNECT JAPAN INC. [The 3rd CareTEX Tokyo '26 Summer] \u2013 Vid\u00e9o du Salon | WorldTradeShow.TV","isPartOf":{"@id":"https:\/\/www.worldtradeshow.tv\/french\/#website"},"primaryImageOfPage":{"@id":"https:\/\/www.worldtradeshow.tv\/french\/video\/caretex-tokyo-summer-2026-japan\/care-records-care-connect-japan-inc-the-3rd-caretex-tokyo-26-summer\/#primaryimage"},"image":{"@id":"https:\/\/www.worldtradeshow.tv\/french\/video\/caretex-tokyo-summer-2026-japan\/care-records-care-connect-japan-inc-the-3rd-caretex-tokyo-26-summer\/#primaryimage"},"thumbnailUrl":"https:\/\/www.worldtradeshow.tv\/french\/wp-content\/uploads\/2026\/08\/maxresdefault-67.jpg","datePublished":"2026-08-27T05:59:07+00:00","dateModified":"2026-09-01T01:24:08+00:00","author":{"@id":"https:\/\/www.worldtradeshow.tv\/french\/#\/schema\/person\/a9d7eceb3b29066a8084fc2872dbed3f"},"breadcrumb":{"@id":"https:\/\/www.worldtradeshow.tv\/french\/video\/caretex-tokyo-summer-2026-japan\/care-records-care-connect-japan-inc-the-3rd-caretex-tokyo-26-summer\/#breadcrumb"},"inLanguage":"fr-FR","potentialAction":[{"@type":"ReadAction","target":["https:\/\/www.worldtradeshow.tv\/french\/video\/caretex-tokyo-summer-2026-japan\/care-records-care-connect-japan-inc-the-3rd-caretex-tokyo-26-summer\/"]}]},{"@type":"ImageObject","inLanguage":"fr-FR","@id":"https:\/\/www.worldtradeshow.tv\/french\/video\/caretex-tokyo-summer-2026-japan\/care-records-care-connect-japan-inc-the-3rd-caretex-tokyo-26-summer\/#primaryimage","url":"https:\/\/www.worldtradeshow.tv\/french\/wp-content\/uploads\/2026\/08\/maxresdefault-67.jpg","contentUrl":"https:\/\/www.worldtradeshow.tv\/french\/wp-content\/uploads\/2026\/08\/maxresdefault-67.jpg","width":1280,"height":720},{"@type":"BreadcrumbList","@id":"https:\/\/www.worldtradeshow.tv\/french\/video\/caretex-tokyo-summer-2026-japan\/care-records-care-connect-japan-inc-the-3rd-caretex-tokyo-26-summer\/#breadcrumb","itemListElement":[{"@type":"ListItem","position":1,"name":"Accueil","item":"https:\/\/www.worldtradeshow.tv\/french\/"},{"@type":"ListItem","position":2,"name":"Dossiers de soins - CARE CONNECT JAPAN INC. [The 3rd CareTEX Tokyo '26 Summer]"}]},{"@type":"WebSite","@id":"https:\/\/www.worldtradeshow.tv\/french\/#website","url":"https:\/\/www.worldtradeshow.tv\/french\/","name":"Vid\u00e9os de Salons Internationaux et Nouveaux Produits \u2013 WorldTradeShow.TV","description":"D\u00e9couvrez des vid\u00e9os de salons internationaux et de nouveaux produits en fran\u00e7ais","potentialAction":[{"@type":"SearchAction","target":{"@type":"EntryPoint","urlTemplate":"https:\/\/www.worldtradeshow.tv\/french\/?s={search_term_string}"},"query-input":{"@type":"PropertyValueSpecification","valueRequired":true,"valueName":"search_term_string"}}],"inLanguage":"fr-FR"},{"@type":"Person","@id":"https:\/\/www.worldtradeshow.tv\/french\/#\/schema\/person\/a9d7eceb3b29066a8084fc2872dbed3f","name":"user","image":{"@type":"ImageObject","inLanguage":"fr-FR","@id":"https:\/\/secure.gravatar.com\/avatar\/b4c9a289323b21a01c3e940f150eb9b8c542587f1abfd8f0e1cc1ffc5e475514?s=96&d=mm&r=g","url":"https:\/\/secure.gravatar.com\/avatar\/b4c9a289323b21a01c3e940f150eb9b8c542587f1abfd8f0e1cc1ffc5e475514?s=96&d=mm&r=g","contentUrl":"https:\/\/secure.gravatar.com\/avatar\/b4c9a289323b21a01c3e940f150eb9b8c542587f1abfd8f0e1cc1ffc5e475514?s=96&d=mm&r=g","caption":"user"},"sameAs":["http:"]}]},"og_video":"https:\/\/www.youtube.com\/embed\/YanpD5rR5iI","og_video_type":"text\/html","og_video_duration":"63","og_video_width":"480","og_video_height":"270","ya_ovs_adult":"false","ya_ovs_allow_embed":"true"},"cmb2":{"poster_feature_image":{"vid_m_player_background":"on","vid_m_poster_image":"","vid_m_poster_image_id":""},"gif_feature_image":{"vid_m_gif_image":"","vid_m_gif_image_id":""},"video_movie_settings":{"vid_m_director":"","vid_m_actor":"","vid_m_imdb_ratings":"","vid_m_amazon_associates":"","vid_m_vid_tmdb_movie":"","vid_m_vid_tmdb_tv_shows":"","vid_m_vid_tmdb_thumb":"backdrop_sizes"},"vid_ads_m_videoads_settings_post":{"vid_ads_m_video_ads":"","vid_ads_m_video_ads_type":"","vid_ads_m_group_google_ima":"","vid_ads_m_group_image":"","vid_ads_m_group_html5_video":"","vid_ads_m_group_html":"","vid_ads_m_vpaid_mode":"","vid_ads_m_vast_preroll":"","vid_ads_m_vast_postroll":"","vid_ads_m_vast_pauseroll":"","vid_ads_m_vast_midroll":"","vid_ads_m_group_dynamic":"","vid_ads_m_time_to_show_ads":"","vid_ads_m_time_skip_ads":"","vid_ads_m_time_to_hide_ads":""},"feature_image_settings":{"feature_image_position":""},"video_player_settings":{"single_video_style":"","video_player_position":"","vm_video_url_btn_choose":"","vm_video_url_btn_choose_id":"","vm_video_url":"https:\/\/www.youtube.com\/watch?v=YanpD5rR5iI","vm_video_ratio":"16:9","vm_video_ratio_mobile":"16:9","video_player_library":"","plyr_player":"","video_streaming":"","vm_video_shortcode":"","vm_video_timelapse":"","vm_media_subtitles":"","vm_media_sources":"","vid_vtt_preview":"","vid_vtt_preview_vtt_file":"","vid_vtt_preview_vtt_file_id":"","vid_vtt_preview_sprite_image":"","vid_vtt_preview_sprite_image_id":"","vid_auto_play":"","vid_preview_mode":"","vm_video_trailer_manl_url":"","vm_screenshot_preview":"","vid_tags":"","vid_p_sync_playlist":"","vid_c_sync_channel":"","get_post_format":"","multiple_links_structure":"default","multi_links_title":"","original_video_title":"","multi_links_series":"","vm_video_multi_links":"","vm_duration":"","vid_social_locker":"","vid_locker_mode":"social","vid_social_locker_id":"","vid_social_email_locker_id":"","vid_social_signin_locker_id":"","sv_login_to_watch":"","vid_membership_action":"content-video","vm_video_trailer_url":"","vid_download_type":"free","vid_download_target":"download","vid_woo_product":"","vid_download_mode":"","vid_download_mode_trailer":"","vm_media_download":"","user_rating":"","user_rating_position":"","user_rating_mode":"","user_rating_multi_sets":"","ads_above_single_player":""},"video_auto_fetch_settings":{"vm_video_fetch":"on"},"video_fake_views_likes":{"vm_fake_views":"","vm_fake_likes":"","vm_fake_dislikes":""},"gallery_settings":{"gallery_position":""},"quote_settings":{"quote_position":""},"post_options":{"main_layout":"","main_logo":"","main_logo_id":"","main_logo_retina":"","main_logo_retina_id":"","main_logo_mobile":"","main_logo_mobile_id":"","main_logo_mobile_retina":"","main_logo_mobile_retina_id":"","sticky_logo":"","sticky_logo_id":"","sticky_logo_retina":"","sticky_logo_retina_id":"","main_nav_layout":"","header_background":"","theme_sidebar":"","single_post_comment_type":"","theme_background":""}},"_links":{"self":[{"href":"https:\/\/www.worldtradeshow.tv\/french\/wp-json\/wp\/v2\/posts\/98562","targetHints":{"allow":["GET"]}}],"collection":[{"href":"https:\/\/www.worldtradeshow.tv\/french\/wp-json\/wp\/v2\/posts"}],"about":[{"href":"https:\/\/www.worldtradeshow.tv\/french\/wp-json\/wp\/v2\/types\/post"}],"author":[{"embeddable":true,"href":"https:\/\/www.worldtradeshow.tv\/french\/wp-json\/wp\/v2\/users\/1"}],"replies":[{"embeddable":true,"href":"https:\/\/www.worldtradeshow.tv\/french\/wp-json\/wp\/v2\/comments?post=98562"}],"version-history":[{"count":1,"href":"https:\/\/www.worldtradeshow.tv\/french\/wp-json\/wp\/v2\/posts\/98562\/revisions"}],"predecessor-version":[{"id":98563,"href":"https:\/\/www.worldtradeshow.tv\/french\/wp-json\/wp\/v2\/posts\/98562\/revisions\/98563"}],"wp:featuredmedia":[{"embeddable":true,"href":"https:\/\/www.worldtradeshow.tv\/french\/wp-json\/wp\/v2\/media\/98564"}],"wp:attachment":[{"href":"https:\/\/www.worldtradeshow.tv\/french\/wp-json\/wp\/v2\/media?parent=98562"}],"wp:term":[{"taxonomy":"category","embeddable":true,"href":"https:\/\/www.worldtradeshow.tv\/french\/wp-json\/wp\/v2\/categories?post=98562"},{"taxonomy":"post_tag","embeddable":true,"href":"https:\/\/www.worldtradeshow.tv\/french\/wp-json\/wp\/v2\/tags?post=98562"}],"curies":[{"name":"wp","href":"https:\/\/api.w.org\/{rel}","templated":true}]}}