{"id":98559,"date":"2026-08-27T05:59:10","date_gmt":"2026-08-27T05:59:10","guid":{"rendered":"https:\/\/www.worldtradeshow.tv\/french\/?p=98559"},"modified":"2026-09-01T01:24:07","modified_gmt":"2026-09-01T01:24:07","slug":"voxela-voxela-inc-the-3rd-caretex-tokyo-26-summer","status":"publish","type":"post","link":"https:\/\/www.worldtradeshow.tv\/french\/video\/caretex-tokyo-summer-2026-japan\/voxela-voxela-inc-the-3rd-caretex-tokyo-26-summer\/","title":{"rendered":"Voxela - Voxela Inc. [The 3rd CareTEX Tokyo '26 Summer]"},"content":{"rendered":"<div class=\"entry-content \">\n<blockquote class=\"wp-block-quote\">\n<p>Voxela Japan Co., Ltd. a pr\u00e9sent\u00e9 \u00e0 CareTEX Tokyo 2026 Summer un syst\u00e8me de vid\u00e9osurveillance bas\u00e9 sur l&#8217;intelligence artificielle destin\u00e9 aux \u00e9tablissements de soins. Ce syst\u00e8me utilise l&#8217;IA pour analyser en continu les images des cam\u00e9ras et d\u00e9tecter l&#8217;activit\u00e9 des r\u00e9sidents, notamment lorsqu&#8217;ils se l\u00e8vent de leur lit, entrent dans des zones d\u00e9sign\u00e9es ou lorsqu&#8217;un r\u00e9sident se trouve au sol apr\u00e8s une possible chute.<\/p>\n<p>L&#8217;une des principales caract\u00e9ristiques est la diffusion d&#8217;une courte vid\u00e9o de 30 secondes accompagnant chaque alerte. En cas de chute ou d&#8217;autre incident, le personnel peut visionner la vid\u00e9o pour comprendre ce qui s&#8217;est pass\u00e9, au lieu de se fier uniquement \u00e0 la notification. Ce contexte suppl\u00e9mentaire aide les soignants \u00e0 \u00e9valuer les circonstances de l&#8217;incident et \u00e0 d\u00e9terminer la r\u00e9ponse appropri\u00e9e.<\/p>\n<p>L&#8217;entreprise utilise \u00e9galement l&#8217;IA pour les t\u00e2ches administratives post-incident. Sa technologie facilite la transcription et la r\u00e9daction des rapports d&#8217;incident, contribuant ainsi \u00e0 r\u00e9duire la charge de travail indirecte du personnel soignant. Voxela pr\u00e9sente sa solution comme une approche int\u00e9gr\u00e9e couvrant la d\u00e9tection des risques, la surveillance, l&#8217;analyse des incidents, le reporting et le soutien \u00e0 la pr\u00e9vention.<\/p>\n<\/blockquote>\n<div class=\"video-summary-grid\">\n<div class=\"summary-card\">\n<h3>D\u00e9fis abord\u00e9s<\/h3>\n<ul>\n<li><a href=\"\/french\/?s=D%C3%A9tection%20pr%C3%A9coce%20des%20chutes%20et%20des%20sorties%20de%20lit&#038;post_type=post\">D\u00e9tection pr\u00e9coce des chutes et des sorties de lit<\/a><\/li>\n<li><a href=\"\/french\/?s=R%C3%A9duire%20la%20charge%20de%20travail%20de%20surveillance%20des%20aidants&#038;post_type=post\">R\u00e9duire la charge de travail de surveillance des aidants<\/a><\/li>\n<li><a href=\"\/french\/?s=R%C3%A9duction%20de%20la%20charge%20de%20travail%20li%C3%A9e%20aux%20rapports%20d%27incidents&#038;post_type=post\">R\u00e9duction de la charge de travail li\u00e9e aux rapports d&#8217;incidents<\/a><\/li>\n<\/ul>\n<\/div>\n<div class=\"summary-card\">\n<h3>Solutions<\/h3>\n<ul>\n<li><a href=\"\/french\/?s=Surveillance%20vid%C3%A9o%20aliment%C3%A9e%20par%20l%27IA&#038;post_type=post\">Surveillance vid\u00e9o aliment\u00e9e par l&#8217;IA<\/a><\/li>\n<li><a href=\"\/french\/?s=D%C3%A9tection%20par%20IA%20des%20chutes%20et%20des%20sorties%20de%20lit&#038;post_type=post\">D\u00e9tection par IA des chutes et des sorties de lit<\/a><\/li>\n<li><a href=\"\/french\/?s=Signalement%20d%27incidents%20assist%C3%A9%20par%20l%27IA&#038;post_type=post\">Signalement d&#8217;incidents assist\u00e9 par l&#8217;IA<\/a><\/li>\n<\/ul>\n<\/div>\n<div class=\"summary-card\">\n<h3>Clients cibles<\/h3>\n<ul>\n<li><a href=\"\/french\/?s=%C3%A9tablissements%20de%20soins%20infirmiers&#038;post_type=post\">\u00e9tablissements de soins infirmiers<\/a><\/li>\n<li><a href=\"\/french\/?s=%C3%A9tablissements%20de%20soins%20pour%20personnes%20%C3%A2g%C3%A9es&#038;post_type=post\">\u00e9tablissements de soins pour personnes \u00e2g\u00e9es<\/a><\/li>\n<li><a href=\"\/french\/?s=Les%20soignants%20et%20les%20gestionnaires%20d%27%C3%A9tablissements&#038;post_type=post\">Les soignants et les gestionnaires d&#8217;\u00e9tablissements<\/a><\/li>\n<\/ul>\n<\/div>\n<\/div>\n<div class=\"video-faq\">\n<h3 class=\"faq-heading\">FAQ<\/h3>\n<details class=\"faq-item\">\n<summary>Quels types d&#8217;activit\u00e9s des r\u00e9sidents le syst\u00e8me peut-il d\u00e9tecter\u00a0?<\/summary>\n<div class=\"faq-answer\">Le syst\u00e8me peut d\u00e9tecter des \u00e9v\u00e9nements tels que les r\u00e9sidents qui se l\u00e8vent de leur lit, qui entrent dans des zones d\u00e9sign\u00e9es et les situations dans lesquelles un r\u00e9sident est retrouv\u00e9 au sol \u00e0 la suite d&#8217;une possible chute.<\/div>\n<\/details>\n<details class=\"faq-item\">\n<summary>Le personnel peut-il analyser les \u00e9v\u00e9nements lorsqu&#8217;une chute est d\u00e9tect\u00e9e\u00a0?<\/summary>\n<div class=\"faq-answer\">Oui. Les alertes sont accompagn\u00e9es d&#8217;une courte vid\u00e9o de 30 secondes, permettant au personnel d&#8217;examiner les circonstances d&#8217;un incident et d&#8217;utiliser ces informations pour d\u00e9terminer la r\u00e9ponse appropri\u00e9e.<\/div>\n<\/details>\n<details class=\"faq-item\">\n<summary>Le syst\u00e8me peut-il \u00e9galement prendre en charge le signalement des incidents\u00a0?<\/summary>\n<div class=\"faq-answer\">Oui. L&#8217;entreprise propose une assistance bas\u00e9e sur l&#8217;IA pour la transcription et la pr\u00e9paration des rapports d&#8217;incidents, contribuant ainsi \u00e0 r\u00e9duire le travail administratif apr\u00e8s un incident.<\/div>\n<\/details>\n<\/div>\n<details class=\"video-transcript\">\n<summary>Voir la transcription vid\u00e9o<\/summary>\n<div class=\"transcript-content\">Nous sommes Voxela Inc., un fabricant. Nous lan\u00e7ons un syst\u00e8me de surveillance par cam\u00e9ras. Ce syst\u00e8me ne comporte aucun m\u00e9canisme interne\u00a0; il utilise l&#8217;IA pour d\u00e9tecter en continu les mouvements de l&#8217;utilisateur gr\u00e2ce au flux vid\u00e9o et vous envoyer des notifications. Ces notifications peuvent vous alerter lorsqu&#8217;une personne se l\u00e8ve du lit, entre dans une zone sp\u00e9cifique ou lorsqu&#8217;elle tombe. Nous envoyons \u00e9galement une courte vid\u00e9o de 30\u00a0secondes avec chaque notification. Ainsi, par exemple, en cas de chute, nous pouvons vous envoyer une notification apr\u00e8s avoir v\u00e9rifi\u00e9 les circonstances, vous permettant ainsi d&#8217;agir rapidement. La prochaine \u00e9tape consistera \u00e0 g\u00e9n\u00e9rer un rapport d&#8217;accident. Notre syst\u00e8me d&#8217;IA prend en charge cette t\u00e2che\u00a0: d&#8217;un simple clic, le syst\u00e8me transcrit le rapport et vous assiste dans sa cr\u00e9ation. Nous pensons \u00e9galement pouvoir vous aider dans vos t\u00e2ches quotidiennes indirectes.<\/div>\n<\/details>\n<h2>Contactez l&#8217;entreprise<\/h2>\n<div class=\"company-profile-section\">\n<div class=\"company-shot\"><a href=\"https:\/\/www.voxela.ai\/ja\/\" target=\"_blank\" rel=\"noopener noreferrer\"><img decoding=\"async\" src=\"https:\/\/s.wordpress.com\/mshots\/v1\/https%3A%2F%2Fwww.voxela.ai%2Fja%2F?w=800\" alt=\"Site officiel de Voxela Japan Co., Ltd.\" loading=\"lazy\"><\/a><\/div>\n<div class=\"company-info\">\n<ul>\n<li><span class=\"label\">Quartier g\u00e9n\u00e9ral<\/span> <span class=\"value\">2F B\u00e2timent Kuwano, 6-23-4 Jingumae, Shibuya-ku, Tokyo, Japon<\/span><\/li>\n<li><span class=\"label\">\u00c9tabli<\/span> <span class=\"value\">&#8211;<\/span><\/li>\n<li><span class=\"label\">Employ\u00e9s<\/span> <span class=\"value\">&#8211;<\/span><\/li>\n<li><span class=\"label\">Site officiel<\/span> <span class=\"value\"><a href=\"https:\/\/www.voxela.ai\/ja\/\" target=\"_blank\" rel=\"noopener noreferrer\">https:\/\/www.voxela.ai\/ja\/<\/a><\/span><\/li>\n<li><span class=\"label\">Secteurs d&#8217;activit\u00e9<\/span> <span class=\"value\">Fourniture, conception, d\u00e9veloppement et maintenance de logiciels pour les soins infirmiers et de solutions de surveillance bas\u00e9es sur l&#8217;IA pour les environnements de soins et de sant\u00e9.<\/span><\/li>\n<li><span class=\"label\">Principaux produits et services<\/span> <span class=\"value\">Voxela VCare, solution bas\u00e9e sur l&#8217;IA pour la d\u00e9tection, la surveillance, l&#8217;analyse, le signalement et la pr\u00e9vention des incidents et des risques, ainsi que la g\u00e9n\u00e9ration de rapports assist\u00e9e par l&#8217;IA<\/span><\/li>\n<\/ul>\n<\/div>\n<\/div>\n<\/div>\n","protected":false},"excerpt":{"rendered":"<p>Voxela Japan Co., Ltd. a pr\u00e9sent\u00e9 \u00e0 CareTEX Tokyo 2026 Summer un syst\u00e8me de vid\u00e9osurveillance bas\u00e9 sur l&#8217;intelligence artificielle destin\u00e9 aux \u00e9tablissements de soins. Ce syst\u00e8me utilise l&#8217;IA pour analyser en continu les images des cam\u00e9ras et d\u00e9tecte\u2026<\/p>\n","protected":false},"author":1,"featured_media":98561,"comment_status":"open","ping_status":"open","sticky":false,"template":"","format":"video","meta":{"_acf_changed":false,"footnotes":""},"categories":[803],"tags":[43,536,632,542,530,627,604,562,31,38,33,520,36,552,548,634,588,34,506,42],"class_list":["post-98559","post","type-post","status-publish","format-video","has-post-thumbnail","hentry","category-caretex-tokyo-summer-2026-japan","tag-agriculture-forestry-fishery-and-food","tag-agriculture-forestry-fishery-and-food-2","tag-medical-care-health-6","tag-machinery-industrial-technology-7","tag-machinery-industrial-technology-6","tag-medical-care-health-3","tag-machinery-industrial-technology-5","tag-services-1","tag-information-telecommunication","tag-japan","tag-machinery-industrial-technology","tag-living-4","tag-services","tag-services-3","tag-living-12","tag-services-9","tag-medical-care-health-5","tag-medical-care-health","tag-information-telecommunication-1","tag-living","post_format-post-format-video"],"acf":[],"yoast_head":"<!-- This site is optimized with the Yoast SEO plugin v28.3 - https:\/\/yoast.com\/product\/yoast-seo-wordpress\/ -->\n<title>Voxela - Voxela Inc. [The 3rd CareTEX Tokyo &#039;26 Summer] \u2013 Vid\u00e9o du Salon | WorldTradeShow.TV<\/title>\n<meta name=\"robots\" content=\"index, follow, max-snippet:-1, max-image-preview:large, max-video-preview:-1\" \/>\n<link rel=\"canonical\" href=\"https:\/\/www.worldtradeshow.tv\/french\/video\/caretex-tokyo-summer-2026-japan\/voxela-voxela-inc-the-3rd-caretex-tokyo-26-summer\/\" \/>\n<meta property=\"og:locale\" content=\"fr_FR\" \/>\n<meta property=\"og:type\" content=\"article\" \/>\n<meta property=\"og:title\" content=\"Voxela - Voxela Inc. [The 3rd CareTEX Tokyo &#039;26 Summer] \u2013 Vid\u00e9o du Salon | WorldTradeShow.TV\" \/>\n<meta property=\"og:description\" content=\"Voxela Japan Co., Ltd. a pr\u00e9sent\u00e9 \u00e0 CareTEX Tokyo 2026 Summer un syst\u00e8me de vid\u00e9osurveillance bas\u00e9 sur l&#039;intelligence artificielle destin\u00e9 aux \u00e9tablissements de soins. Ce syst\u00e8me utilise l&#039;IA pour analyser en continu les images des cam\u00e9ras et d\u00e9tecte\u2026\" \/>\n<meta property=\"og:url\" content=\"https:\/\/www.worldtradeshow.tv\/french\/video\/caretex-tokyo-summer-2026-japan\/voxela-voxela-inc-the-3rd-caretex-tokyo-26-summer\/\" \/>\n<meta property=\"og:site_name\" content=\"Vid\u00e9os de Salons Internationaux et Nouveaux Produits \u2013 WorldTradeShow.TV\" \/>\n<meta property=\"article:publisher\" content=\"https:\/\/www.facebook.com\/tenji.tv\" \/>\n<meta property=\"article:published_time\" content=\"2026-08-27T05:59:10+00:00\" \/>\n<meta property=\"article:modified_time\" content=\"2026-09-01T01:24:07+00:00\" \/>\n<meta property=\"og:image\" content=\"https:\/\/www.worldtradeshow.tv\/french\/wp-content\/uploads\/2026\/08\/maxresdefault-66.jpg\" \/>\n\t<meta property=\"og:image:width\" content=\"1280\" \/>\n\t<meta property=\"og:image:height\" content=\"720\" \/>\n\t<meta property=\"og:image:type\" content=\"image\/jpeg\" \/>\n<meta name=\"author\" content=\"user\" \/>\n<meta name=\"twitter:card\" content=\"summary_large_image\" \/>\n<meta name=\"twitter:creator\" content=\"@tenjitv\" \/>\n<meta name=\"twitter:site\" content=\"@tenjitv\" \/>\n<meta name=\"twitter:label1\" content=\"\u00c9crit par\" \/>\n\t<meta name=\"twitter:data1\" content=\"user\" \/>\n\t<meta name=\"twitter:label2\" content=\"Dur\u00e9e de lecture estim\u00e9e\" \/>\n\t<meta name=\"twitter:data2\" content=\"3 minutes\" \/>\n<script type=\"application\/ld+json\" class=\"yoast-schema-graph\">{\"@context\":\"https:\\\/\\\/schema.org\",\"@graph\":[{\"@type\":\"Article\",\"@id\":\"https:\\\/\\\/www.worldtradeshow.tv\\\/french\\\/video\\\/caretex-tokyo-summer-2026-japan\\\/voxela-voxela-inc-the-3rd-caretex-tokyo-26-summer\\\/#article\",\"isPartOf\":{\"@id\":\"https:\\\/\\\/www.worldtradeshow.tv\\\/french\\\/video\\\/caretex-tokyo-summer-2026-japan\\\/voxela-voxela-inc-the-3rd-caretex-tokyo-26-summer\\\/\"},\"author\":{\"name\":\"user\",\"@id\":\"https:\\\/\\\/www.worldtradeshow.tv\\\/french\\\/#\\\/schema\\\/person\\\/a9d7eceb3b29066a8084fc2872dbed3f\"},\"headline\":\"Voxela - Voxela Inc. [The 3rd CareTEX Tokyo '26 Summer]\",\"datePublished\":\"2026-08-27T05:59:10+00:00\",\"dateModified\":\"2026-09-01T01:24:07+00:00\",\"mainEntityOfPage\":{\"@id\":\"https:\\\/\\\/www.worldtradeshow.tv\\\/french\\\/video\\\/caretex-tokyo-summer-2026-japan\\\/voxela-voxela-inc-the-3rd-caretex-tokyo-26-summer\\\/\"},\"wordCount\":742,\"commentCount\":0,\"image\":{\"@id\":\"https:\\\/\\\/www.worldtradeshow.tv\\\/french\\\/video\\\/caretex-tokyo-summer-2026-japan\\\/voxela-voxela-inc-the-3rd-caretex-tokyo-26-summer\\\/#primaryimage\"},\"thumbnailUrl\":\"https:\\\/\\\/www.worldtradeshow.tv\\\/french\\\/wp-content\\\/uploads\\\/2026\\\/08\\\/maxresdefault-66.jpg\",\"keywords\":[\"Agriculture \\\/ For\u00eats \\\/ P\u00eache et nourriture\",\"Aliments et boissons \\\/ Transformation des aliments\",\"Aptitude\",\"Autres machines et \u00e9quipements industriels\",\"\u00c9lectrique et \u00e9lectronique (Produits \\\/ Machines)\",\"\u00c9quipement de bien-\u00eatre et de soins infirmiers \\\/ R\u00e9adaptation\",\"Essais\\\/Mesure et analyse\\\/M\u00e9canique de pr\u00e9cision\",\"H\u00f4tellerie\\\/Restaurant &amp; Restauration\",\"Information \\\/ T\u00e9l\u00e9communication\",\"Japon\",\"Machines \\\/ Technologie industrielle\",\"Meubles et accessoires \\\/ Pi\u00e8ces\",\"Prestations de service\",\"Publicit\u00e9\\\/Marketing\\\/Administration des affaires\",\"S\u00e9curit\u00e9 \\\/ S\u00fbret\u00e9 \\\/ Protection Incendie \\\/ Police \\\/ D\u00e9fense\",\"S\u00e9curit\u00e9 et sant\u00e9 au travail \\\/ Gestion du travail\",\"Soins de sant\u00e9 (\u00e9quipements\\\/produits et services)\",\"Soins m\u00e9dicaux \\\/ Sant\u00e9\",\"T\u00e9l\u00e9communication \\\/ Informatique \\\/ Informatique\",\"Vivant\"],\"articleSection\":[\"The 3rd CareTEX Tokyo '26 Summer\"],\"inLanguage\":\"fr-FR\",\"potentialAction\":[{\"@type\":\"CommentAction\",\"name\":\"Comment\",\"target\":[\"https:\\\/\\\/www.worldtradeshow.tv\\\/french\\\/video\\\/caretex-tokyo-summer-2026-japan\\\/voxela-voxela-inc-the-3rd-caretex-tokyo-26-summer\\\/#respond\"]}]},{\"@type\":\"WebPage\",\"@id\":\"https:\\\/\\\/www.worldtradeshow.tv\\\/french\\\/video\\\/caretex-tokyo-summer-2026-japan\\\/voxela-voxela-inc-the-3rd-caretex-tokyo-26-summer\\\/\",\"url\":\"https:\\\/\\\/www.worldtradeshow.tv\\\/french\\\/video\\\/caretex-tokyo-summer-2026-japan\\\/voxela-voxela-inc-the-3rd-caretex-tokyo-26-summer\\\/\",\"name\":\"Voxela - Voxela Inc. [The 3rd CareTEX Tokyo '26 Summer] \u2013 Vid\u00e9o du Salon | WorldTradeShow.TV\",\"isPartOf\":{\"@id\":\"https:\\\/\\\/www.worldtradeshow.tv\\\/french\\\/#website\"},\"primaryImageOfPage\":{\"@id\":\"https:\\\/\\\/www.worldtradeshow.tv\\\/french\\\/video\\\/caretex-tokyo-summer-2026-japan\\\/voxela-voxela-inc-the-3rd-caretex-tokyo-26-summer\\\/#primaryimage\"},\"image\":{\"@id\":\"https:\\\/\\\/www.worldtradeshow.tv\\\/french\\\/video\\\/caretex-tokyo-summer-2026-japan\\\/voxela-voxela-inc-the-3rd-caretex-tokyo-26-summer\\\/#primaryimage\"},\"thumbnailUrl\":\"https:\\\/\\\/www.worldtradeshow.tv\\\/french\\\/wp-content\\\/uploads\\\/2026\\\/08\\\/maxresdefault-66.jpg\",\"datePublished\":\"2026-08-27T05:59:10+00:00\",\"dateModified\":\"2026-09-01T01:24:07+00:00\",\"author\":{\"@id\":\"https:\\\/\\\/www.worldtradeshow.tv\\\/french\\\/#\\\/schema\\\/person\\\/a9d7eceb3b29066a8084fc2872dbed3f\"},\"breadcrumb\":{\"@id\":\"https:\\\/\\\/www.worldtradeshow.tv\\\/french\\\/video\\\/caretex-tokyo-summer-2026-japan\\\/voxela-voxela-inc-the-3rd-caretex-tokyo-26-summer\\\/#breadcrumb\"},\"inLanguage\":\"fr-FR\",\"potentialAction\":[{\"@type\":\"ReadAction\",\"target\":[\"https:\\\/\\\/www.worldtradeshow.tv\\\/french\\\/video\\\/caretex-tokyo-summer-2026-japan\\\/voxela-voxela-inc-the-3rd-caretex-tokyo-26-summer\\\/\"]}]},{\"@type\":\"ImageObject\",\"inLanguage\":\"fr-FR\",\"@id\":\"https:\\\/\\\/www.worldtradeshow.tv\\\/french\\\/video\\\/caretex-tokyo-summer-2026-japan\\\/voxela-voxela-inc-the-3rd-caretex-tokyo-26-summer\\\/#primaryimage\",\"url\":\"https:\\\/\\\/www.worldtradeshow.tv\\\/french\\\/wp-content\\\/uploads\\\/2026\\\/08\\\/maxresdefault-66.jpg\",\"contentUrl\":\"https:\\\/\\\/www.worldtradeshow.tv\\\/french\\\/wp-content\\\/uploads\\\/2026\\\/08\\\/maxresdefault-66.jpg\",\"width\":1280,\"height\":720},{\"@type\":\"BreadcrumbList\",\"@id\":\"https:\\\/\\\/www.worldtradeshow.tv\\\/french\\\/video\\\/caretex-tokyo-summer-2026-japan\\\/voxela-voxela-inc-the-3rd-caretex-tokyo-26-summer\\\/#breadcrumb\",\"itemListElement\":[{\"@type\":\"ListItem\",\"position\":1,\"name\":\"Accueil\",\"item\":\"https:\\\/\\\/www.worldtradeshow.tv\\\/french\\\/\"},{\"@type\":\"ListItem\",\"position\":2,\"name\":\"Voxela - Voxela Inc. [The 3rd CareTEX Tokyo '26 Summer]\"}]},{\"@type\":\"WebSite\",\"@id\":\"https:\\\/\\\/www.worldtradeshow.tv\\\/french\\\/#website\",\"url\":\"https:\\\/\\\/www.worldtradeshow.tv\\\/french\\\/\",\"name\":\"Vid\u00e9os de Salons Internationaux et Nouveaux Produits \u2013 WorldTradeShow.TV\",\"description\":\"D\u00e9couvrez des vid\u00e9os de salons internationaux et de nouveaux produits en fran\u00e7ais\",\"potentialAction\":[{\"@type\":\"SearchAction\",\"target\":{\"@type\":\"EntryPoint\",\"urlTemplate\":\"https:\\\/\\\/www.worldtradeshow.tv\\\/french\\\/?s={search_term_string}\"},\"query-input\":{\"@type\":\"PropertyValueSpecification\",\"valueRequired\":true,\"valueName\":\"search_term_string\"}}],\"inLanguage\":\"fr-FR\"},{\"@type\":\"Person\",\"@id\":\"https:\\\/\\\/www.worldtradeshow.tv\\\/french\\\/#\\\/schema\\\/person\\\/a9d7eceb3b29066a8084fc2872dbed3f\",\"name\":\"user\",\"image\":{\"@type\":\"ImageObject\",\"inLanguage\":\"fr-FR\",\"@id\":\"https:\\\/\\\/secure.gravatar.com\\\/avatar\\\/b4c9a289323b21a01c3e940f150eb9b8c542587f1abfd8f0e1cc1ffc5e475514?s=96&d=mm&r=g\",\"url\":\"https:\\\/\\\/secure.gravatar.com\\\/avatar\\\/b4c9a289323b21a01c3e940f150eb9b8c542587f1abfd8f0e1cc1ffc5e475514?s=96&d=mm&r=g\",\"contentUrl\":\"https:\\\/\\\/secure.gravatar.com\\\/avatar\\\/b4c9a289323b21a01c3e940f150eb9b8c542587f1abfd8f0e1cc1ffc5e475514?s=96&d=mm&r=g\",\"caption\":\"user\"},\"sameAs\":[\"http:\"]}]}<\/script>\n<meta property=\"og:video\" content=\"https:\/\/www.youtube.com\/embed\/icPR37nMHFE\" \/>\n<meta property=\"og:video:type\" content=\"text\/html\" \/>\n<meta property=\"og:video:duration\" content=\"80\" \/>\n<meta property=\"og:video:width\" content=\"480\" \/>\n<meta property=\"og:video:height\" content=\"270\" \/>\n<meta property=\"ya:ovs:adult\" content=\"false\" \/>\n<meta property=\"ya:ovs:allow_embed\" content=\"true\" \/>\n<!-- \/ Yoast SEO plugin. -->","yoast_head_json":{"title":"Voxela - Voxela Inc. [The 3rd CareTEX Tokyo '26 Summer] \u2013 Vid\u00e9o du Salon | WorldTradeShow.TV","robots":{"index":"index","follow":"follow","max-snippet":"max-snippet:-1","max-image-preview":"max-image-preview:large","max-video-preview":"max-video-preview:-1"},"canonical":"https:\/\/www.worldtradeshow.tv\/french\/video\/caretex-tokyo-summer-2026-japan\/voxela-voxela-inc-the-3rd-caretex-tokyo-26-summer\/","og_locale":"fr_FR","og_type":"article","og_title":"Voxela - Voxela Inc. [The 3rd CareTEX Tokyo '26 Summer] \u2013 Vid\u00e9o du Salon | WorldTradeShow.TV","og_description":"Voxela Japan Co., Ltd. a pr\u00e9sent\u00e9 \u00e0 CareTEX Tokyo 2026 Summer un syst\u00e8me de vid\u00e9osurveillance bas\u00e9 sur l'intelligence artificielle destin\u00e9 aux \u00e9tablissements de soins. Ce syst\u00e8me utilise l'IA pour analyser en continu les images des cam\u00e9ras et d\u00e9tecte\u2026","og_url":"https:\/\/www.worldtradeshow.tv\/french\/video\/caretex-tokyo-summer-2026-japan\/voxela-voxela-inc-the-3rd-caretex-tokyo-26-summer\/","og_site_name":"Vid\u00e9os de Salons Internationaux et Nouveaux Produits \u2013 WorldTradeShow.TV","article_publisher":"https:\/\/www.facebook.com\/tenji.tv","article_published_time":"2026-08-27T05:59:10+00:00","article_modified_time":"2026-09-01T01:24:07+00:00","og_image":[{"width":1280,"height":720,"url":"https:\/\/www.worldtradeshow.tv\/french\/wp-content\/uploads\/2026\/08\/maxresdefault-66.jpg","type":"image\/jpeg"}],"author":"user","twitter_card":"summary_large_image","twitter_creator":"@tenjitv","twitter_site":"@tenjitv","twitter_misc":{"\u00c9crit par":"user","Dur\u00e9e de lecture estim\u00e9e":"3 minutes"},"schema":{"@context":"https:\/\/schema.org","@graph":[{"@type":"Article","@id":"https:\/\/www.worldtradeshow.tv\/french\/video\/caretex-tokyo-summer-2026-japan\/voxela-voxela-inc-the-3rd-caretex-tokyo-26-summer\/#article","isPartOf":{"@id":"https:\/\/www.worldtradeshow.tv\/french\/video\/caretex-tokyo-summer-2026-japan\/voxela-voxela-inc-the-3rd-caretex-tokyo-26-summer\/"},"author":{"name":"user","@id":"https:\/\/www.worldtradeshow.tv\/french\/#\/schema\/person\/a9d7eceb3b29066a8084fc2872dbed3f"},"headline":"Voxela - Voxela Inc. [The 3rd CareTEX Tokyo '26 Summer]","datePublished":"2026-08-27T05:59:10+00:00","dateModified":"2026-09-01T01:24:07+00:00","mainEntityOfPage":{"@id":"https:\/\/www.worldtradeshow.tv\/french\/video\/caretex-tokyo-summer-2026-japan\/voxela-voxela-inc-the-3rd-caretex-tokyo-26-summer\/"},"wordCount":742,"commentCount":0,"image":{"@id":"https:\/\/www.worldtradeshow.tv\/french\/video\/caretex-tokyo-summer-2026-japan\/voxela-voxela-inc-the-3rd-caretex-tokyo-26-summer\/#primaryimage"},"thumbnailUrl":"https:\/\/www.worldtradeshow.tv\/french\/wp-content\/uploads\/2026\/08\/maxresdefault-66.jpg","keywords":["Agriculture \/ For\u00eats \/ P\u00eache et nourriture","Aliments et boissons \/ Transformation des aliments","Aptitude","Autres machines et \u00e9quipements industriels","\u00c9lectrique et \u00e9lectronique (Produits \/ Machines)","\u00c9quipement de bien-\u00eatre et de soins infirmiers \/ R\u00e9adaptation","Essais\/Mesure et analyse\/M\u00e9canique de pr\u00e9cision","H\u00f4tellerie\/Restaurant &amp; Restauration","Information \/ T\u00e9l\u00e9communication","Japon","Machines \/ Technologie industrielle","Meubles et accessoires \/ Pi\u00e8ces","Prestations de service","Publicit\u00e9\/Marketing\/Administration des affaires","S\u00e9curit\u00e9 \/ S\u00fbret\u00e9 \/ Protection Incendie \/ Police \/ D\u00e9fense","S\u00e9curit\u00e9 et sant\u00e9 au travail \/ Gestion du travail","Soins de sant\u00e9 (\u00e9quipements\/produits et services)","Soins m\u00e9dicaux \/ Sant\u00e9","T\u00e9l\u00e9communication \/ Informatique \/ Informatique","Vivant"],"articleSection":["The 3rd CareTEX Tokyo '26 Summer"],"inLanguage":"fr-FR","potentialAction":[{"@type":"CommentAction","name":"Comment","target":["https:\/\/www.worldtradeshow.tv\/french\/video\/caretex-tokyo-summer-2026-japan\/voxela-voxela-inc-the-3rd-caretex-tokyo-26-summer\/#respond"]}]},{"@type":"WebPage","@id":"https:\/\/www.worldtradeshow.tv\/french\/video\/caretex-tokyo-summer-2026-japan\/voxela-voxela-inc-the-3rd-caretex-tokyo-26-summer\/","url":"https:\/\/www.worldtradeshow.tv\/french\/video\/caretex-tokyo-summer-2026-japan\/voxela-voxela-inc-the-3rd-caretex-tokyo-26-summer\/","name":"Voxela - Voxela Inc. [The 3rd CareTEX Tokyo '26 Summer] \u2013 Vid\u00e9o du Salon | WorldTradeShow.TV","isPartOf":{"@id":"https:\/\/www.worldtradeshow.tv\/french\/#website"},"primaryImageOfPage":{"@id":"https:\/\/www.worldtradeshow.tv\/french\/video\/caretex-tokyo-summer-2026-japan\/voxela-voxela-inc-the-3rd-caretex-tokyo-26-summer\/#primaryimage"},"image":{"@id":"https:\/\/www.worldtradeshow.tv\/french\/video\/caretex-tokyo-summer-2026-japan\/voxela-voxela-inc-the-3rd-caretex-tokyo-26-summer\/#primaryimage"},"thumbnailUrl":"https:\/\/www.worldtradeshow.tv\/french\/wp-content\/uploads\/2026\/08\/maxresdefault-66.jpg","datePublished":"2026-08-27T05:59:10+00:00","dateModified":"2026-09-01T01:24:07+00:00","author":{"@id":"https:\/\/www.worldtradeshow.tv\/french\/#\/schema\/person\/a9d7eceb3b29066a8084fc2872dbed3f"},"breadcrumb":{"@id":"https:\/\/www.worldtradeshow.tv\/french\/video\/caretex-tokyo-summer-2026-japan\/voxela-voxela-inc-the-3rd-caretex-tokyo-26-summer\/#breadcrumb"},"inLanguage":"fr-FR","potentialAction":[{"@type":"ReadAction","target":["https:\/\/www.worldtradeshow.tv\/french\/video\/caretex-tokyo-summer-2026-japan\/voxela-voxela-inc-the-3rd-caretex-tokyo-26-summer\/"]}]},{"@type":"ImageObject","inLanguage":"fr-FR","@id":"https:\/\/www.worldtradeshow.tv\/french\/video\/caretex-tokyo-summer-2026-japan\/voxela-voxela-inc-the-3rd-caretex-tokyo-26-summer\/#primaryimage","url":"https:\/\/www.worldtradeshow.tv\/french\/wp-content\/uploads\/2026\/08\/maxresdefault-66.jpg","contentUrl":"https:\/\/www.worldtradeshow.tv\/french\/wp-content\/uploads\/2026\/08\/maxresdefault-66.jpg","width":1280,"height":720},{"@type":"BreadcrumbList","@id":"https:\/\/www.worldtradeshow.tv\/french\/video\/caretex-tokyo-summer-2026-japan\/voxela-voxela-inc-the-3rd-caretex-tokyo-26-summer\/#breadcrumb","itemListElement":[{"@type":"ListItem","position":1,"name":"Accueil","item":"https:\/\/www.worldtradeshow.tv\/french\/"},{"@type":"ListItem","position":2,"name":"Voxela - Voxela Inc. [The 3rd CareTEX Tokyo '26 Summer]"}]},{"@type":"WebSite","@id":"https:\/\/www.worldtradeshow.tv\/french\/#website","url":"https:\/\/www.worldtradeshow.tv\/french\/","name":"Vid\u00e9os de Salons Internationaux et Nouveaux Produits \u2013 WorldTradeShow.TV","description":"D\u00e9couvrez des vid\u00e9os de salons internationaux et de nouveaux produits en fran\u00e7ais","potentialAction":[{"@type":"SearchAction","target":{"@type":"EntryPoint","urlTemplate":"https:\/\/www.worldtradeshow.tv\/french\/?s={search_term_string}"},"query-input":{"@type":"PropertyValueSpecification","valueRequired":true,"valueName":"search_term_string"}}],"inLanguage":"fr-FR"},{"@type":"Person","@id":"https:\/\/www.worldtradeshow.tv\/french\/#\/schema\/person\/a9d7eceb3b29066a8084fc2872dbed3f","name":"user","image":{"@type":"ImageObject","inLanguage":"fr-FR","@id":"https:\/\/secure.gravatar.com\/avatar\/b4c9a289323b21a01c3e940f150eb9b8c542587f1abfd8f0e1cc1ffc5e475514?s=96&d=mm&r=g","url":"https:\/\/secure.gravatar.com\/avatar\/b4c9a289323b21a01c3e940f150eb9b8c542587f1abfd8f0e1cc1ffc5e475514?s=96&d=mm&r=g","contentUrl":"https:\/\/secure.gravatar.com\/avatar\/b4c9a289323b21a01c3e940f150eb9b8c542587f1abfd8f0e1cc1ffc5e475514?s=96&d=mm&r=g","caption":"user"},"sameAs":["http:"]}]},"og_video":"https:\/\/www.youtube.com\/embed\/icPR37nMHFE","og_video_type":"text\/html","og_video_duration":"80","og_video_width":"480","og_video_height":"270","ya_ovs_adult":"false","ya_ovs_allow_embed":"true"},"cmb2":{"poster_feature_image":{"vid_m_player_background":"on","vid_m_poster_image":"","vid_m_poster_image_id":""},"gif_feature_image":{"vid_m_gif_image":"","vid_m_gif_image_id":""},"video_movie_settings":{"vid_m_director":"","vid_m_actor":"","vid_m_imdb_ratings":"","vid_m_amazon_associates":"","vid_m_vid_tmdb_movie":"","vid_m_vid_tmdb_tv_shows":"","vid_m_vid_tmdb_thumb":"backdrop_sizes"},"vid_ads_m_videoads_settings_post":{"vid_ads_m_video_ads":"","vid_ads_m_video_ads_type":"","vid_ads_m_group_google_ima":"","vid_ads_m_group_image":"","vid_ads_m_group_html5_video":"","vid_ads_m_group_html":"","vid_ads_m_vpaid_mode":"","vid_ads_m_vast_preroll":"","vid_ads_m_vast_postroll":"","vid_ads_m_vast_pauseroll":"","vid_ads_m_vast_midroll":"","vid_ads_m_group_dynamic":"","vid_ads_m_time_to_show_ads":"","vid_ads_m_time_skip_ads":"","vid_ads_m_time_to_hide_ads":""},"feature_image_settings":{"feature_image_position":""},"video_player_settings":{"single_video_style":"","video_player_position":"","vm_video_url_btn_choose":"","vm_video_url_btn_choose_id":"","vm_video_url":"https:\/\/www.youtube.com\/watch?v=icPR37nMHFE","vm_video_ratio":"16:9","vm_video_ratio_mobile":"16:9","video_player_library":"","plyr_player":"","video_streaming":"","vm_video_shortcode":"","vm_video_timelapse":"","vm_media_subtitles":"","vm_media_sources":"","vid_vtt_preview":"","vid_vtt_preview_vtt_file":"","vid_vtt_preview_vtt_file_id":"","vid_vtt_preview_sprite_image":"","vid_vtt_preview_sprite_image_id":"","vid_auto_play":"","vid_preview_mode":"","vm_video_trailer_manl_url":"","vm_screenshot_preview":"","vid_tags":"","vid_p_sync_playlist":"","vid_c_sync_channel":"","get_post_format":"","multiple_links_structure":"default","multi_links_title":"","original_video_title":"","multi_links_series":"","vm_video_multi_links":"","vm_duration":"","vid_social_locker":"","vid_locker_mode":"social","vid_social_locker_id":"","vid_social_email_locker_id":"","vid_social_signin_locker_id":"","sv_login_to_watch":"","vid_membership_action":"content-video","vm_video_trailer_url":"","vid_download_type":"free","vid_download_target":"download","vid_woo_product":"","vid_download_mode":"","vid_download_mode_trailer":"","vm_media_download":"","user_rating":"","user_rating_position":"","user_rating_mode":"","user_rating_multi_sets":"","ads_above_single_player":""},"video_auto_fetch_settings":{"vm_video_fetch":"on"},"video_fake_views_likes":{"vm_fake_views":"","vm_fake_likes":"","vm_fake_dislikes":""},"gallery_settings":{"gallery_position":""},"quote_settings":{"quote_position":""},"post_options":{"main_layout":"","main_logo":"","main_logo_id":"","main_logo_retina":"","main_logo_retina_id":"","main_logo_mobile":"","main_logo_mobile_id":"","main_logo_mobile_retina":"","main_logo_mobile_retina_id":"","sticky_logo":"","sticky_logo_id":"","sticky_logo_retina":"","sticky_logo_retina_id":"","main_nav_layout":"","header_background":"","theme_sidebar":"","single_post_comment_type":"","theme_background":""}},"_links":{"self":[{"href":"https:\/\/www.worldtradeshow.tv\/french\/wp-json\/wp\/v2\/posts\/98559","targetHints":{"allow":["GET"]}}],"collection":[{"href":"https:\/\/www.worldtradeshow.tv\/french\/wp-json\/wp\/v2\/posts"}],"about":[{"href":"https:\/\/www.worldtradeshow.tv\/french\/wp-json\/wp\/v2\/types\/post"}],"author":[{"embeddable":true,"href":"https:\/\/www.worldtradeshow.tv\/french\/wp-json\/wp\/v2\/users\/1"}],"replies":[{"embeddable":true,"href":"https:\/\/www.worldtradeshow.tv\/french\/wp-json\/wp\/v2\/comments?post=98559"}],"version-history":[{"count":1,"href":"https:\/\/www.worldtradeshow.tv\/french\/wp-json\/wp\/v2\/posts\/98559\/revisions"}],"predecessor-version":[{"id":98560,"href":"https:\/\/www.worldtradeshow.tv\/french\/wp-json\/wp\/v2\/posts\/98559\/revisions\/98560"}],"wp:featuredmedia":[{"embeddable":true,"href":"https:\/\/www.worldtradeshow.tv\/french\/wp-json\/wp\/v2\/media\/98561"}],"wp:attachment":[{"href":"https:\/\/www.worldtradeshow.tv\/french\/wp-json\/wp\/v2\/media?parent=98559"}],"wp:term":[{"taxonomy":"category","embeddable":true,"href":"https:\/\/www.worldtradeshow.tv\/french\/wp-json\/wp\/v2\/categories?post=98559"},{"taxonomy":"post_tag","embeddable":true,"href":"https:\/\/www.worldtradeshow.tv\/french\/wp-json\/wp\/v2\/tags?post=98559"}],"curies":[{"name":"wp","href":"https:\/\/api.w.org\/{rel}","templated":true}]}}