{"id":98550,"date":"2026-08-27T05:59:17","date_gmt":"2026-08-27T05:59:17","guid":{"rendered":"https:\/\/www.worldtradeshow.tv\/french\/?p=98550"},"modified":"2026-09-01T01:24:02","modified_gmt":"2026-09-01T01:24:02","slug":"care-wing-logic-inc-the-3rd-caretex-tokyo-26-summer","status":"publish","type":"post","link":"https:\/\/www.worldtradeshow.tv\/french\/video\/caretex-tokyo-summer-2026-japan\/care-wing-logic-inc-the-3rd-caretex-tokyo-26-summer\/","title":{"rendered":"aile de soins - Logic Inc. [The 3rd CareTEX Tokyo '26 Summer]"},"content":{"rendered":"<div class=\"entry-content \">\n<blockquote class=\"wp-block-quote\">\n<p>Logic Co., Ltd. a pr\u00e9sent\u00e9 \u00ab Care-wing \u00bb, un syst\u00e8me de gestion des dossiers de soins con\u00e7u pour les services de soins \u00e0 domicile, lors du salon CareTEX Tokyo 2026 Summer. Ce syst\u00e8me facilite l&#8217;enregistrement et la gestion des interventions de soins \u00e0 domicile, en aidant notamment les prestataires \u00e0 se conformer aux exigences du dispositif japonais de remboursement suppl\u00e9mentaire pour les prestataires de services agr\u00e9\u00e9s et \u00e0 renforcer les contr\u00f4les contre les dossiers incorrects ou frauduleux.<\/p>\n<p>Care-wing est con\u00e7u pour une utilisation dans un large \u00e9ventail de services de visites \u00e0 domicile, aidant les prestataires de soins \u00e0 num\u00e9riser leurs dossiers de terrain et \u00e0 g\u00e9rer leurs informations op\u00e9rationnelles. En organisant les informations recueillies lors des visites \u00e0 domicile au sein du syst\u00e8me, l&#8217;entreprise vise \u00e0 am\u00e9liorer \u00e0 la fois l&#8217;efficacit\u00e9 administrative et la fiabilit\u00e9 des dossiers de soins.<\/p>\n<p>Logic a \u00e9galement pr\u00e9sent\u00e9 un nouveau service d&#8217;intelligence artificielle permettant aux prestataires de soins de centraliser et d&#8217;organiser les informations. Lors du salon, l&#8217;entreprise a positionn\u00e9 ses solutions comme des outils pour am\u00e9liorer la gestion des dossiers de soins \u00e0 domicile, faciliter la mise en conformit\u00e9 r\u00e9glementaire, pr\u00e9venir les pratiques inappropri\u00e9es et d\u00e9velopper l&#8217;utilisation de l&#8217;IA dans les services de soins quotidiens.<\/p>\n<\/blockquote>\n<div class=\"video-summary-grid\">\n<div class=\"summary-card\">\n<h3>D\u00e9fis abord\u00e9s<\/h3>\n<ul>\n<li><a href=\"\/french\/?s=gestion%20des%20dossiers%20de%20soins%20%C3%A0%20domicile&#038;post_type=post\">gestion des dossiers de soins \u00e0 domicile<\/a><\/li>\n<li><a href=\"\/french\/?s=Soutien%20aux%20op%C3%A9rations%20li%C3%A9es%20%C3%A0%20la%20conformit%C3%A9&#038;post_type=post\">Soutien aux op\u00e9rations li\u00e9es \u00e0 la conformit\u00e9<\/a><\/li>\n<li><a href=\"\/french\/?s=Pr%C3%A9venir%20les%20enregistrements%20incorrects%20ou%20frauduleux&#038;post_type=post\">Pr\u00e9venir les enregistrements incorrects ou frauduleux<\/a><\/li>\n<\/ul>\n<\/div>\n<div class=\"summary-card\">\n<h3>Solutions<\/h3>\n<ul>\n<li><a href=\"\/french\/?s=Syst%C3%A8me%20de%20dossiers%20de%20soins%20%C3%A0%20domicile%20Care-wing&#038;post_type=post\">Syst\u00e8me de dossiers de soins \u00e0 domicile Care-wing<\/a><\/li>\n<li><a href=\"\/french\/?s=Gestion%20num%C3%A9rique%20des%20dossiers%20de%20soins%20%C3%A0%20domicile&#038;post_type=post\">Gestion num\u00e9rique des dossiers de soins \u00e0 domicile<\/a><\/li>\n<li><a href=\"\/french\/?s=Consolidation%20de%20l%27information%20aliment%C3%A9e%20par%20l%27IA&#038;post_type=post\">Consolidation de l&#8217;information aliment\u00e9e par l&#8217;IA<\/a><\/li>\n<\/ul>\n<\/div>\n<div class=\"summary-card\">\n<h3>Clients cibles<\/h3>\n<ul>\n<li><a href=\"\/french\/?s=prestataires%20de%20soins%20%C3%A0%20domicile&#038;post_type=post\">prestataires de soins \u00e0 domicile<\/a><\/li>\n<li><a href=\"\/french\/?s=op%C3%A9rateurs%20de%20services%20de%20soins%20%C3%A0%20domicile&#038;post_type=post\">op\u00e9rateurs de services de soins \u00e0 domicile<\/a><\/li>\n<li><a href=\"\/french\/?s=gestionnaires%20et%20administrateurs%20de%20services%20de%20soins&#038;post_type=post\">gestionnaires et administrateurs de services de soins<\/a><\/li>\n<\/ul>\n<\/div>\n<\/div>\n<div class=\"video-faq\">\n<h3 class=\"faq-heading\">FAQ<\/h3>\n<details class=\"faq-item\">\n<summary>Qu&#8217;est-ce que l&#8217;aile de soins ?<\/summary>\n<div class=\"faq-answer\">Care-wing est un syst\u00e8me de gestion des dossiers con\u00e7u pour les services de soins \u00e0 domicile. Il permet de g\u00e9rer les dossiers g\u00e9n\u00e9r\u00e9s lors des interventions \u00e0 domicile et les processus administratifs associ\u00e9s.<\/div>\n<\/details>\n<details class=\"faq-item\">\n<summary>L&#8217;aile Care peut-elle prendre en charge les op\u00e9rations li\u00e9es aux exigences de remboursement suppl\u00e9mentaires\u00a0?<\/summary>\n<div class=\"faq-answer\">Oui. Lors du salon, Logic a mis en avant le soutien op\u00e9rationnel apport\u00e9 au programme japonais de remboursement suppl\u00e9mentaire pour les prestataires de services d\u00e9sign\u00e9s comme l&#8217;un des domaines d&#8217;application de Care-wing.<\/div>\n<\/details>\n<details class=\"faq-item\">\n<summary>Logic propose-t-il des services li\u00e9s \u00e0 l&#8217;IA pour les op\u00e9rations de soins infirmiers\u00a0?<\/summary>\n<div class=\"faq-answer\">Oui. L&#8217;entreprise a lanc\u00e9 un nouveau service destin\u00e9 \u00e0 centraliser les informations li\u00e9es \u00e0 l&#8217;IA, en compl\u00e9ment de ses solutions existantes de gestion des dossiers de soins \u00e0 domicile.<\/div>\n<\/details>\n<\/div>\n<details class=\"video-transcript\">\n<summary>Voir la transcription vid\u00e9o<\/summary>\n<div class=\"transcript-content\">Nous sommes Logic Inc.<br \/>Nous proposons Care-wing, un syst\u00e8me de gestion des dossiers pour les services de soins \u00e0 domicile.<br \/>Plus pr\u00e9cis\u00e9ment, ce service peut \u00eatre largement utilis\u00e9 dans le secteur des soins \u00e0 domicile, notamment pour la gestion des frais suppl\u00e9mentaires li\u00e9s aux \u00e9tablissements de soins et la pr\u00e9vention de la fraude.<br \/>Nous avons \u00e9galement lanc\u00e9 r\u00e9cemment un nouveau service qui agr\u00e8ge les informations relatives \u00e0 l&#8217;intelligence artificielle.<br \/>Nous vous serions reconnaissants de bien vouloir le d\u00e9couvrir.<br \/>Merci.<\/div>\n<\/details>\n<h2>Contactez l&#8217;entreprise<\/h2>\n<div class=\"company-profile-section\">\n<div class=\"company-shot\"><a href=\"https:\/\/logic-is.co.jp\/\" target=\"_blank\" rel=\"noopener noreferrer\"><img decoding=\"async\" src=\"https:\/\/s.wordpress.com\/mshots\/v1\/https%3A%2F%2Flogic-is.co.jp%2F?w=800\" alt=\"Site officiel de Logic Co., Ltd.\" loading=\"lazy\"><\/a><\/div>\n<div class=\"company-info\">\n<ul>\n<li><span class=\"label\">Quartier g\u00e9n\u00e9ral<\/span> <span class=\"value\">&#8211;<\/span><\/li>\n<li><span class=\"label\">\u00c9tabli<\/span> <span class=\"value\">&#8211;<\/span><\/li>\n<li><span class=\"label\">Employ\u00e9s<\/span> <span class=\"value\">&#8211;<\/span><\/li>\n<li><span class=\"label\">Site officiel<\/span> <span class=\"value\"><a href=\"https:\/\/logic-is.co.jp\/\" target=\"_blank\" rel=\"noopener noreferrer\">https:\/\/logic-is.co.jp\/<\/a><\/span><\/li>\n<li><span class=\"label\">Secteurs d&#8217;activit\u00e9<\/span> <span class=\"value\">Solutions de soutien op\u00e9rationnel et TIC pour les services de soins \u00e0 domicile<\/span><\/li>\n<li><span class=\"label\">Principaux produits et services<\/span> <span class=\"value\">Syst\u00e8me d&#8217;enregistrement des soins \u00e0 domicile Care-wing, soutien op\u00e9rationnel aux prestataires de soins \u00e0 domicile, services de gestion de l&#8217;information li\u00e9s \u00e0 l&#8217;IA<\/span><\/li>\n<\/ul>\n<\/div>\n<\/div>\n<\/div>\n","protected":false},"excerpt":{"rendered":"<p>Logic Co., Ltd. a pr\u00e9sent\u00e9 \u00ab Care-wing \u00bb, un syst\u00e8me de gestion des dossiers de soins con\u00e7u pour les services de soins \u00e0 domicile, lors du salon CareTEX Tokyo 2026 Summer. Ce syst\u00e8me facilite l&#8217;enregistrement et la gestion des interventions de soins \u2026<\/p>\n","protected":false},"author":1,"featured_media":98552,"comment_status":"open","ping_status":"open","sticky":false,"template":"","format":"video","meta":{"_acf_changed":false,"footnotes":""},"categories":[803],"tags":[43,536,632,542,530,627,604,562,31,38,33,520,36,552,548,634,588,34,506,42],"class_list":["post-98550","post","type-post","status-publish","format-video","has-post-thumbnail","hentry","category-caretex-tokyo-summer-2026-japan","tag-agriculture-forestry-fishery-and-food","tag-agriculture-forestry-fishery-and-food-2","tag-medical-care-health-6","tag-machinery-industrial-technology-7","tag-machinery-industrial-technology-6","tag-medical-care-health-3","tag-machinery-industrial-technology-5","tag-services-1","tag-information-telecommunication","tag-japan","tag-machinery-industrial-technology","tag-living-4","tag-services","tag-services-3","tag-living-12","tag-services-9","tag-medical-care-health-5","tag-medical-care-health","tag-information-telecommunication-1","tag-living","post_format-post-format-video"],"acf":[],"yoast_head":"<!-- This site is optimized with the Yoast SEO plugin v28.3 - https:\/\/yoast.com\/product\/yoast-seo-wordpress\/ -->\n<title>aile de soins - Logic Inc. [The 3rd CareTEX Tokyo &#039;26 Summer] \u2013 Vid\u00e9o du Salon | WorldTradeShow.TV<\/title>\n<meta name=\"robots\" content=\"index, follow, max-snippet:-1, max-image-preview:large, max-video-preview:-1\" \/>\n<link rel=\"canonical\" href=\"https:\/\/www.worldtradeshow.tv\/french\/video\/caretex-tokyo-summer-2026-japan\/care-wing-logic-inc-the-3rd-caretex-tokyo-26-summer\/\" \/>\n<meta property=\"og:locale\" content=\"fr_FR\" \/>\n<meta property=\"og:type\" content=\"article\" \/>\n<meta property=\"og:title\" content=\"aile de soins - Logic Inc. [The 3rd CareTEX Tokyo &#039;26 Summer] \u2013 Vid\u00e9o du Salon | WorldTradeShow.TV\" \/>\n<meta property=\"og:description\" content=\"Logic Co., Ltd. a pr\u00e9sent\u00e9 \u00ab Care-wing \u00bb, un syst\u00e8me de gestion des dossiers de soins con\u00e7u pour les services de soins \u00e0 domicile, lors du salon CareTEX Tokyo 2026 Summer. Ce syst\u00e8me facilite l&#039;enregistrement et la gestion des interventions de soins \u2026\" \/>\n<meta property=\"og:url\" content=\"https:\/\/www.worldtradeshow.tv\/french\/video\/caretex-tokyo-summer-2026-japan\/care-wing-logic-inc-the-3rd-caretex-tokyo-26-summer\/\" \/>\n<meta property=\"og:site_name\" content=\"Vid\u00e9os de Salons Internationaux et Nouveaux Produits \u2013 WorldTradeShow.TV\" \/>\n<meta property=\"article:publisher\" content=\"https:\/\/www.facebook.com\/tenji.tv\" \/>\n<meta property=\"article:published_time\" content=\"2026-08-27T05:59:17+00:00\" \/>\n<meta property=\"article:modified_time\" content=\"2026-09-01T01:24:02+00:00\" \/>\n<meta property=\"og:image\" content=\"https:\/\/www.worldtradeshow.tv\/french\/wp-content\/uploads\/2026\/08\/maxresdefault-63.jpg\" \/>\n\t<meta property=\"og:image:width\" content=\"1280\" \/>\n\t<meta property=\"og:image:height\" content=\"720\" \/>\n\t<meta property=\"og:image:type\" content=\"image\/jpeg\" \/>\n<meta name=\"author\" content=\"user\" \/>\n<meta name=\"twitter:card\" content=\"summary_large_image\" \/>\n<meta name=\"twitter:creator\" content=\"@tenjitv\" \/>\n<meta name=\"twitter:site\" content=\"@tenjitv\" \/>\n<meta name=\"twitter:label1\" content=\"\u00c9crit par\" \/>\n\t<meta name=\"twitter:data1\" content=\"user\" \/>\n\t<meta name=\"twitter:label2\" content=\"Dur\u00e9e de lecture estim\u00e9e\" \/>\n\t<meta name=\"twitter:data2\" content=\"3 minutes\" \/>\n<script type=\"application\/ld+json\" class=\"yoast-schema-graph\">{\"@context\":\"https:\\\/\\\/schema.org\",\"@graph\":[{\"@type\":\"Article\",\"@id\":\"https:\\\/\\\/www.worldtradeshow.tv\\\/french\\\/video\\\/caretex-tokyo-summer-2026-japan\\\/care-wing-logic-inc-the-3rd-caretex-tokyo-26-summer\\\/#article\",\"isPartOf\":{\"@id\":\"https:\\\/\\\/www.worldtradeshow.tv\\\/french\\\/video\\\/caretex-tokyo-summer-2026-japan\\\/care-wing-logic-inc-the-3rd-caretex-tokyo-26-summer\\\/\"},\"author\":{\"name\":\"user\",\"@id\":\"https:\\\/\\\/www.worldtradeshow.tv\\\/french\\\/#\\\/schema\\\/person\\\/a9d7eceb3b29066a8084fc2872dbed3f\"},\"headline\":\"aile de soins - Logic Inc. [The 3rd CareTEX Tokyo '26 Summer]\",\"datePublished\":\"2026-08-27T05:59:17+00:00\",\"dateModified\":\"2026-09-01T01:24:02+00:00\",\"mainEntityOfPage\":{\"@id\":\"https:\\\/\\\/www.worldtradeshow.tv\\\/french\\\/video\\\/caretex-tokyo-summer-2026-japan\\\/care-wing-logic-inc-the-3rd-caretex-tokyo-26-summer\\\/\"},\"wordCount\":600,\"commentCount\":0,\"image\":{\"@id\":\"https:\\\/\\\/www.worldtradeshow.tv\\\/french\\\/video\\\/caretex-tokyo-summer-2026-japan\\\/care-wing-logic-inc-the-3rd-caretex-tokyo-26-summer\\\/#primaryimage\"},\"thumbnailUrl\":\"https:\\\/\\\/www.worldtradeshow.tv\\\/french\\\/wp-content\\\/uploads\\\/2026\\\/08\\\/maxresdefault-63.jpg\",\"keywords\":[\"Agriculture \\\/ For\u00eats \\\/ P\u00eache et nourriture\",\"Aliments et boissons \\\/ Transformation des aliments\",\"Aptitude\",\"Autres machines et \u00e9quipements industriels\",\"\u00c9lectrique et \u00e9lectronique (Produits \\\/ Machines)\",\"\u00c9quipement de bien-\u00eatre et de soins infirmiers \\\/ R\u00e9adaptation\",\"Essais\\\/Mesure et analyse\\\/M\u00e9canique de pr\u00e9cision\",\"H\u00f4tellerie\\\/Restaurant &amp; Restauration\",\"Information \\\/ T\u00e9l\u00e9communication\",\"Japon\",\"Machines \\\/ Technologie industrielle\",\"Meubles et accessoires \\\/ Pi\u00e8ces\",\"Prestations de service\",\"Publicit\u00e9\\\/Marketing\\\/Administration des affaires\",\"S\u00e9curit\u00e9 \\\/ S\u00fbret\u00e9 \\\/ Protection Incendie \\\/ Police \\\/ D\u00e9fense\",\"S\u00e9curit\u00e9 et sant\u00e9 au travail \\\/ Gestion du travail\",\"Soins de sant\u00e9 (\u00e9quipements\\\/produits et services)\",\"Soins m\u00e9dicaux \\\/ Sant\u00e9\",\"T\u00e9l\u00e9communication \\\/ Informatique \\\/ Informatique\",\"Vivant\"],\"articleSection\":[\"The 3rd CareTEX Tokyo '26 Summer\"],\"inLanguage\":\"fr-FR\",\"potentialAction\":[{\"@type\":\"CommentAction\",\"name\":\"Comment\",\"target\":[\"https:\\\/\\\/www.worldtradeshow.tv\\\/french\\\/video\\\/caretex-tokyo-summer-2026-japan\\\/care-wing-logic-inc-the-3rd-caretex-tokyo-26-summer\\\/#respond\"]}]},{\"@type\":\"WebPage\",\"@id\":\"https:\\\/\\\/www.worldtradeshow.tv\\\/french\\\/video\\\/caretex-tokyo-summer-2026-japan\\\/care-wing-logic-inc-the-3rd-caretex-tokyo-26-summer\\\/\",\"url\":\"https:\\\/\\\/www.worldtradeshow.tv\\\/french\\\/video\\\/caretex-tokyo-summer-2026-japan\\\/care-wing-logic-inc-the-3rd-caretex-tokyo-26-summer\\\/\",\"name\":\"aile de soins - Logic Inc. [The 3rd CareTEX Tokyo '26 Summer] \u2013 Vid\u00e9o du Salon | WorldTradeShow.TV\",\"isPartOf\":{\"@id\":\"https:\\\/\\\/www.worldtradeshow.tv\\\/french\\\/#website\"},\"primaryImageOfPage\":{\"@id\":\"https:\\\/\\\/www.worldtradeshow.tv\\\/french\\\/video\\\/caretex-tokyo-summer-2026-japan\\\/care-wing-logic-inc-the-3rd-caretex-tokyo-26-summer\\\/#primaryimage\"},\"image\":{\"@id\":\"https:\\\/\\\/www.worldtradeshow.tv\\\/french\\\/video\\\/caretex-tokyo-summer-2026-japan\\\/care-wing-logic-inc-the-3rd-caretex-tokyo-26-summer\\\/#primaryimage\"},\"thumbnailUrl\":\"https:\\\/\\\/www.worldtradeshow.tv\\\/french\\\/wp-content\\\/uploads\\\/2026\\\/08\\\/maxresdefault-63.jpg\",\"datePublished\":\"2026-08-27T05:59:17+00:00\",\"dateModified\":\"2026-09-01T01:24:02+00:00\",\"author\":{\"@id\":\"https:\\\/\\\/www.worldtradeshow.tv\\\/french\\\/#\\\/schema\\\/person\\\/a9d7eceb3b29066a8084fc2872dbed3f\"},\"breadcrumb\":{\"@id\":\"https:\\\/\\\/www.worldtradeshow.tv\\\/french\\\/video\\\/caretex-tokyo-summer-2026-japan\\\/care-wing-logic-inc-the-3rd-caretex-tokyo-26-summer\\\/#breadcrumb\"},\"inLanguage\":\"fr-FR\",\"potentialAction\":[{\"@type\":\"ReadAction\",\"target\":[\"https:\\\/\\\/www.worldtradeshow.tv\\\/french\\\/video\\\/caretex-tokyo-summer-2026-japan\\\/care-wing-logic-inc-the-3rd-caretex-tokyo-26-summer\\\/\"]}]},{\"@type\":\"ImageObject\",\"inLanguage\":\"fr-FR\",\"@id\":\"https:\\\/\\\/www.worldtradeshow.tv\\\/french\\\/video\\\/caretex-tokyo-summer-2026-japan\\\/care-wing-logic-inc-the-3rd-caretex-tokyo-26-summer\\\/#primaryimage\",\"url\":\"https:\\\/\\\/www.worldtradeshow.tv\\\/french\\\/wp-content\\\/uploads\\\/2026\\\/08\\\/maxresdefault-63.jpg\",\"contentUrl\":\"https:\\\/\\\/www.worldtradeshow.tv\\\/french\\\/wp-content\\\/uploads\\\/2026\\\/08\\\/maxresdefault-63.jpg\",\"width\":1280,\"height\":720},{\"@type\":\"BreadcrumbList\",\"@id\":\"https:\\\/\\\/www.worldtradeshow.tv\\\/french\\\/video\\\/caretex-tokyo-summer-2026-japan\\\/care-wing-logic-inc-the-3rd-caretex-tokyo-26-summer\\\/#breadcrumb\",\"itemListElement\":[{\"@type\":\"ListItem\",\"position\":1,\"name\":\"Accueil\",\"item\":\"https:\\\/\\\/www.worldtradeshow.tv\\\/french\\\/\"},{\"@type\":\"ListItem\",\"position\":2,\"name\":\"aile de soins - Logic Inc. [The 3rd CareTEX Tokyo '26 Summer]\"}]},{\"@type\":\"WebSite\",\"@id\":\"https:\\\/\\\/www.worldtradeshow.tv\\\/french\\\/#website\",\"url\":\"https:\\\/\\\/www.worldtradeshow.tv\\\/french\\\/\",\"name\":\"Vid\u00e9os de Salons Internationaux et Nouveaux Produits \u2013 WorldTradeShow.TV\",\"description\":\"D\u00e9couvrez des vid\u00e9os de salons internationaux et de nouveaux produits en fran\u00e7ais\",\"potentialAction\":[{\"@type\":\"SearchAction\",\"target\":{\"@type\":\"EntryPoint\",\"urlTemplate\":\"https:\\\/\\\/www.worldtradeshow.tv\\\/french\\\/?s={search_term_string}\"},\"query-input\":{\"@type\":\"PropertyValueSpecification\",\"valueRequired\":true,\"valueName\":\"search_term_string\"}}],\"inLanguage\":\"fr-FR\"},{\"@type\":\"Person\",\"@id\":\"https:\\\/\\\/www.worldtradeshow.tv\\\/french\\\/#\\\/schema\\\/person\\\/a9d7eceb3b29066a8084fc2872dbed3f\",\"name\":\"user\",\"image\":{\"@type\":\"ImageObject\",\"inLanguage\":\"fr-FR\",\"@id\":\"https:\\\/\\\/secure.gravatar.com\\\/avatar\\\/b4c9a289323b21a01c3e940f150eb9b8c542587f1abfd8f0e1cc1ffc5e475514?s=96&d=mm&r=g\",\"url\":\"https:\\\/\\\/secure.gravatar.com\\\/avatar\\\/b4c9a289323b21a01c3e940f150eb9b8c542587f1abfd8f0e1cc1ffc5e475514?s=96&d=mm&r=g\",\"contentUrl\":\"https:\\\/\\\/secure.gravatar.com\\\/avatar\\\/b4c9a289323b21a01c3e940f150eb9b8c542587f1abfd8f0e1cc1ffc5e475514?s=96&d=mm&r=g\",\"caption\":\"user\"},\"sameAs\":[\"http:\"]}]}<\/script>\n<meta property=\"og:video\" content=\"https:\/\/www.youtube.com\/embed\/3D89My-v2Qs\" \/>\n<meta property=\"og:video:type\" content=\"text\/html\" \/>\n<meta property=\"og:video:duration\" content=\"31\" \/>\n<meta property=\"og:video:width\" content=\"480\" \/>\n<meta property=\"og:video:height\" content=\"270\" \/>\n<meta property=\"ya:ovs:adult\" content=\"false\" \/>\n<meta property=\"ya:ovs:allow_embed\" content=\"true\" \/>\n<!-- \/ Yoast SEO plugin. -->","yoast_head_json":{"title":"aile de soins - Logic Inc. [The 3rd CareTEX Tokyo '26 Summer] \u2013 Vid\u00e9o du Salon | WorldTradeShow.TV","robots":{"index":"index","follow":"follow","max-snippet":"max-snippet:-1","max-image-preview":"max-image-preview:large","max-video-preview":"max-video-preview:-1"},"canonical":"https:\/\/www.worldtradeshow.tv\/french\/video\/caretex-tokyo-summer-2026-japan\/care-wing-logic-inc-the-3rd-caretex-tokyo-26-summer\/","og_locale":"fr_FR","og_type":"article","og_title":"aile de soins - Logic Inc. [The 3rd CareTEX Tokyo '26 Summer] \u2013 Vid\u00e9o du Salon | WorldTradeShow.TV","og_description":"Logic Co., Ltd. a pr\u00e9sent\u00e9 \u00ab Care-wing \u00bb, un syst\u00e8me de gestion des dossiers de soins con\u00e7u pour les services de soins \u00e0 domicile, lors du salon CareTEX Tokyo 2026 Summer. Ce syst\u00e8me facilite l'enregistrement et la gestion des interventions de soins \u2026","og_url":"https:\/\/www.worldtradeshow.tv\/french\/video\/caretex-tokyo-summer-2026-japan\/care-wing-logic-inc-the-3rd-caretex-tokyo-26-summer\/","og_site_name":"Vid\u00e9os de Salons Internationaux et Nouveaux Produits \u2013 WorldTradeShow.TV","article_publisher":"https:\/\/www.facebook.com\/tenji.tv","article_published_time":"2026-08-27T05:59:17+00:00","article_modified_time":"2026-09-01T01:24:02+00:00","og_image":[{"width":1280,"height":720,"url":"https:\/\/www.worldtradeshow.tv\/french\/wp-content\/uploads\/2026\/08\/maxresdefault-63.jpg","type":"image\/jpeg"}],"author":"user","twitter_card":"summary_large_image","twitter_creator":"@tenjitv","twitter_site":"@tenjitv","twitter_misc":{"\u00c9crit par":"user","Dur\u00e9e de lecture estim\u00e9e":"3 minutes"},"schema":{"@context":"https:\/\/schema.org","@graph":[{"@type":"Article","@id":"https:\/\/www.worldtradeshow.tv\/french\/video\/caretex-tokyo-summer-2026-japan\/care-wing-logic-inc-the-3rd-caretex-tokyo-26-summer\/#article","isPartOf":{"@id":"https:\/\/www.worldtradeshow.tv\/french\/video\/caretex-tokyo-summer-2026-japan\/care-wing-logic-inc-the-3rd-caretex-tokyo-26-summer\/"},"author":{"name":"user","@id":"https:\/\/www.worldtradeshow.tv\/french\/#\/schema\/person\/a9d7eceb3b29066a8084fc2872dbed3f"},"headline":"aile de soins - Logic Inc. [The 3rd CareTEX Tokyo '26 Summer]","datePublished":"2026-08-27T05:59:17+00:00","dateModified":"2026-09-01T01:24:02+00:00","mainEntityOfPage":{"@id":"https:\/\/www.worldtradeshow.tv\/french\/video\/caretex-tokyo-summer-2026-japan\/care-wing-logic-inc-the-3rd-caretex-tokyo-26-summer\/"},"wordCount":600,"commentCount":0,"image":{"@id":"https:\/\/www.worldtradeshow.tv\/french\/video\/caretex-tokyo-summer-2026-japan\/care-wing-logic-inc-the-3rd-caretex-tokyo-26-summer\/#primaryimage"},"thumbnailUrl":"https:\/\/www.worldtradeshow.tv\/french\/wp-content\/uploads\/2026\/08\/maxresdefault-63.jpg","keywords":["Agriculture \/ For\u00eats \/ P\u00eache et nourriture","Aliments et boissons \/ Transformation des aliments","Aptitude","Autres machines et \u00e9quipements industriels","\u00c9lectrique et \u00e9lectronique (Produits \/ Machines)","\u00c9quipement de bien-\u00eatre et de soins infirmiers \/ R\u00e9adaptation","Essais\/Mesure et analyse\/M\u00e9canique de pr\u00e9cision","H\u00f4tellerie\/Restaurant &amp; Restauration","Information \/ T\u00e9l\u00e9communication","Japon","Machines \/ Technologie industrielle","Meubles et accessoires \/ Pi\u00e8ces","Prestations de service","Publicit\u00e9\/Marketing\/Administration des affaires","S\u00e9curit\u00e9 \/ S\u00fbret\u00e9 \/ Protection Incendie \/ Police \/ D\u00e9fense","S\u00e9curit\u00e9 et sant\u00e9 au travail \/ Gestion du travail","Soins de sant\u00e9 (\u00e9quipements\/produits et services)","Soins m\u00e9dicaux \/ Sant\u00e9","T\u00e9l\u00e9communication \/ Informatique \/ Informatique","Vivant"],"articleSection":["The 3rd CareTEX Tokyo '26 Summer"],"inLanguage":"fr-FR","potentialAction":[{"@type":"CommentAction","name":"Comment","target":["https:\/\/www.worldtradeshow.tv\/french\/video\/caretex-tokyo-summer-2026-japan\/care-wing-logic-inc-the-3rd-caretex-tokyo-26-summer\/#respond"]}]},{"@type":"WebPage","@id":"https:\/\/www.worldtradeshow.tv\/french\/video\/caretex-tokyo-summer-2026-japan\/care-wing-logic-inc-the-3rd-caretex-tokyo-26-summer\/","url":"https:\/\/www.worldtradeshow.tv\/french\/video\/caretex-tokyo-summer-2026-japan\/care-wing-logic-inc-the-3rd-caretex-tokyo-26-summer\/","name":"aile de soins - Logic Inc. [The 3rd CareTEX Tokyo '26 Summer] \u2013 Vid\u00e9o du Salon | WorldTradeShow.TV","isPartOf":{"@id":"https:\/\/www.worldtradeshow.tv\/french\/#website"},"primaryImageOfPage":{"@id":"https:\/\/www.worldtradeshow.tv\/french\/video\/caretex-tokyo-summer-2026-japan\/care-wing-logic-inc-the-3rd-caretex-tokyo-26-summer\/#primaryimage"},"image":{"@id":"https:\/\/www.worldtradeshow.tv\/french\/video\/caretex-tokyo-summer-2026-japan\/care-wing-logic-inc-the-3rd-caretex-tokyo-26-summer\/#primaryimage"},"thumbnailUrl":"https:\/\/www.worldtradeshow.tv\/french\/wp-content\/uploads\/2026\/08\/maxresdefault-63.jpg","datePublished":"2026-08-27T05:59:17+00:00","dateModified":"2026-09-01T01:24:02+00:00","author":{"@id":"https:\/\/www.worldtradeshow.tv\/french\/#\/schema\/person\/a9d7eceb3b29066a8084fc2872dbed3f"},"breadcrumb":{"@id":"https:\/\/www.worldtradeshow.tv\/french\/video\/caretex-tokyo-summer-2026-japan\/care-wing-logic-inc-the-3rd-caretex-tokyo-26-summer\/#breadcrumb"},"inLanguage":"fr-FR","potentialAction":[{"@type":"ReadAction","target":["https:\/\/www.worldtradeshow.tv\/french\/video\/caretex-tokyo-summer-2026-japan\/care-wing-logic-inc-the-3rd-caretex-tokyo-26-summer\/"]}]},{"@type":"ImageObject","inLanguage":"fr-FR","@id":"https:\/\/www.worldtradeshow.tv\/french\/video\/caretex-tokyo-summer-2026-japan\/care-wing-logic-inc-the-3rd-caretex-tokyo-26-summer\/#primaryimage","url":"https:\/\/www.worldtradeshow.tv\/french\/wp-content\/uploads\/2026\/08\/maxresdefault-63.jpg","contentUrl":"https:\/\/www.worldtradeshow.tv\/french\/wp-content\/uploads\/2026\/08\/maxresdefault-63.jpg","width":1280,"height":720},{"@type":"BreadcrumbList","@id":"https:\/\/www.worldtradeshow.tv\/french\/video\/caretex-tokyo-summer-2026-japan\/care-wing-logic-inc-the-3rd-caretex-tokyo-26-summer\/#breadcrumb","itemListElement":[{"@type":"ListItem","position":1,"name":"Accueil","item":"https:\/\/www.worldtradeshow.tv\/french\/"},{"@type":"ListItem","position":2,"name":"aile de soins - Logic Inc. [The 3rd CareTEX Tokyo '26 Summer]"}]},{"@type":"WebSite","@id":"https:\/\/www.worldtradeshow.tv\/french\/#website","url":"https:\/\/www.worldtradeshow.tv\/french\/","name":"Vid\u00e9os de Salons Internationaux et Nouveaux Produits \u2013 WorldTradeShow.TV","description":"D\u00e9couvrez des vid\u00e9os de salons internationaux et de nouveaux produits en fran\u00e7ais","potentialAction":[{"@type":"SearchAction","target":{"@type":"EntryPoint","urlTemplate":"https:\/\/www.worldtradeshow.tv\/french\/?s={search_term_string}"},"query-input":{"@type":"PropertyValueSpecification","valueRequired":true,"valueName":"search_term_string"}}],"inLanguage":"fr-FR"},{"@type":"Person","@id":"https:\/\/www.worldtradeshow.tv\/french\/#\/schema\/person\/a9d7eceb3b29066a8084fc2872dbed3f","name":"user","image":{"@type":"ImageObject","inLanguage":"fr-FR","@id":"https:\/\/secure.gravatar.com\/avatar\/b4c9a289323b21a01c3e940f150eb9b8c542587f1abfd8f0e1cc1ffc5e475514?s=96&d=mm&r=g","url":"https:\/\/secure.gravatar.com\/avatar\/b4c9a289323b21a01c3e940f150eb9b8c542587f1abfd8f0e1cc1ffc5e475514?s=96&d=mm&r=g","contentUrl":"https:\/\/secure.gravatar.com\/avatar\/b4c9a289323b21a01c3e940f150eb9b8c542587f1abfd8f0e1cc1ffc5e475514?s=96&d=mm&r=g","caption":"user"},"sameAs":["http:"]}]},"og_video":"https:\/\/www.youtube.com\/embed\/3D89My-v2Qs","og_video_type":"text\/html","og_video_duration":"31","og_video_width":"480","og_video_height":"270","ya_ovs_adult":"false","ya_ovs_allow_embed":"true"},"cmb2":{"poster_feature_image":{"vid_m_player_background":"on","vid_m_poster_image":"","vid_m_poster_image_id":""},"gif_feature_image":{"vid_m_gif_image":"","vid_m_gif_image_id":""},"video_movie_settings":{"vid_m_director":"","vid_m_actor":"","vid_m_imdb_ratings":"","vid_m_amazon_associates":"","vid_m_vid_tmdb_movie":"","vid_m_vid_tmdb_tv_shows":"","vid_m_vid_tmdb_thumb":"backdrop_sizes"},"vid_ads_m_videoads_settings_post":{"vid_ads_m_video_ads":"","vid_ads_m_video_ads_type":"","vid_ads_m_group_google_ima":"","vid_ads_m_group_image":"","vid_ads_m_group_html5_video":"","vid_ads_m_group_html":"","vid_ads_m_vpaid_mode":"","vid_ads_m_vast_preroll":"","vid_ads_m_vast_postroll":"","vid_ads_m_vast_pauseroll":"","vid_ads_m_vast_midroll":"","vid_ads_m_group_dynamic":"","vid_ads_m_time_to_show_ads":"","vid_ads_m_time_skip_ads":"","vid_ads_m_time_to_hide_ads":""},"feature_image_settings":{"feature_image_position":""},"video_player_settings":{"single_video_style":"","video_player_position":"","vm_video_url_btn_choose":"","vm_video_url_btn_choose_id":"","vm_video_url":"https:\/\/www.youtube.com\/watch?v=3D89My-v2Qs","vm_video_ratio":"16:9","vm_video_ratio_mobile":"16:9","video_player_library":"","plyr_player":"","video_streaming":"","vm_video_shortcode":"","vm_video_timelapse":"","vm_media_subtitles":"","vm_media_sources":"","vid_vtt_preview":"","vid_vtt_preview_vtt_file":"","vid_vtt_preview_vtt_file_id":"","vid_vtt_preview_sprite_image":"","vid_vtt_preview_sprite_image_id":"","vid_auto_play":"","vid_preview_mode":"","vm_video_trailer_manl_url":"","vm_screenshot_preview":"","vid_tags":"","vid_p_sync_playlist":"","vid_c_sync_channel":"","get_post_format":"","multiple_links_structure":"default","multi_links_title":"","original_video_title":"","multi_links_series":"","vm_video_multi_links":"","vm_duration":"","vid_social_locker":"","vid_locker_mode":"social","vid_social_locker_id":"","vid_social_email_locker_id":"","vid_social_signin_locker_id":"","sv_login_to_watch":"","vid_membership_action":"content-video","vm_video_trailer_url":"","vid_download_type":"free","vid_download_target":"download","vid_woo_product":"","vid_download_mode":"","vid_download_mode_trailer":"","vm_media_download":"","user_rating":"","user_rating_position":"","user_rating_mode":"","user_rating_multi_sets":"","ads_above_single_player":""},"video_auto_fetch_settings":{"vm_video_fetch":"on"},"video_fake_views_likes":{"vm_fake_views":"","vm_fake_likes":"","vm_fake_dislikes":""},"gallery_settings":{"gallery_position":""},"quote_settings":{"quote_position":""},"post_options":{"main_layout":"","main_logo":"","main_logo_id":"","main_logo_retina":"","main_logo_retina_id":"","main_logo_mobile":"","main_logo_mobile_id":"","main_logo_mobile_retina":"","main_logo_mobile_retina_id":"","sticky_logo":"","sticky_logo_id":"","sticky_logo_retina":"","sticky_logo_retina_id":"","main_nav_layout":"","header_background":"","theme_sidebar":"","single_post_comment_type":"","theme_background":""}},"_links":{"self":[{"href":"https:\/\/www.worldtradeshow.tv\/french\/wp-json\/wp\/v2\/posts\/98550","targetHints":{"allow":["GET"]}}],"collection":[{"href":"https:\/\/www.worldtradeshow.tv\/french\/wp-json\/wp\/v2\/posts"}],"about":[{"href":"https:\/\/www.worldtradeshow.tv\/french\/wp-json\/wp\/v2\/types\/post"}],"author":[{"embeddable":true,"href":"https:\/\/www.worldtradeshow.tv\/french\/wp-json\/wp\/v2\/users\/1"}],"replies":[{"embeddable":true,"href":"https:\/\/www.worldtradeshow.tv\/french\/wp-json\/wp\/v2\/comments?post=98550"}],"version-history":[{"count":1,"href":"https:\/\/www.worldtradeshow.tv\/french\/wp-json\/wp\/v2\/posts\/98550\/revisions"}],"predecessor-version":[{"id":98551,"href":"https:\/\/www.worldtradeshow.tv\/french\/wp-json\/wp\/v2\/posts\/98550\/revisions\/98551"}],"wp:featuredmedia":[{"embeddable":true,"href":"https:\/\/www.worldtradeshow.tv\/french\/wp-json\/wp\/v2\/media\/98552"}],"wp:attachment":[{"href":"https:\/\/www.worldtradeshow.tv\/french\/wp-json\/wp\/v2\/media?parent=98550"}],"wp:term":[{"taxonomy":"category","embeddable":true,"href":"https:\/\/www.worldtradeshow.tv\/french\/wp-json\/wp\/v2\/categories?post=98550"},{"taxonomy":"post_tag","embeddable":true,"href":"https:\/\/www.worldtradeshow.tv\/french\/wp-json\/wp\/v2\/tags?post=98550"}],"curies":[{"name":"wp","href":"https:\/\/api.w.org\/{rel}","templated":true}]}}