{"id":98544,"date":"2026-08-27T05:59:19","date_gmt":"2026-08-27T05:59:19","guid":{"rendered":"https:\/\/www.worldtradeshow.tv\/french\/?p=98544"},"modified":"2026-09-01T01:24:00","modified_gmt":"2026-09-01T01:24:00","slug":"noman-scoville-co-ltd-the-3rd-caretex-tokyo-26-summer","status":"publish","type":"post","link":"https:\/\/www.worldtradeshow.tv\/french\/video\/caretex-tokyo-summer-2026-japan\/noman-scoville-co-ltd-the-3rd-caretex-tokyo-26-summer\/","title":{"rendered":"personne - scoville Co., Ltd [The 3rd CareTEX Tokyo '26 Summer]"},"content":{"rendered":"<div class=\"entry-content \">\n<blockquote class=\"wp-block-quote\">\n<p>Lors du salon CareTEX Tokyo 2026 Summer, scoville Co., Ltd. a pr\u00e9sent\u00e9 un service de transcription et de documentation de r\u00e9unions bas\u00e9 sur l&#8217;intelligence artificielle et sp\u00e9cialement con\u00e7u pour le secteur des soins infirmiers. Ce service vise \u00e0 faciliter un large \u00e9ventail de t\u00e2ches de documentation, notamment l&#8217;\u00e9laboration de plans de soins par les responsables de soins \u00e0 domicile, les r\u00e9unions de soins multidisciplinaires, les r\u00e9unions de comit\u00e9s dans les \u00e9tablissements de soins et les t\u00e2ches administratives connexes.<\/p>\n<p>L&#8217;une de ses principales caract\u00e9ristiques est la possibilit\u00e9 de g\u00e9rer ces diff\u00e9rents besoins en mati\u00e8re de documentation au sein d&#8217;un service unique. Selon l&#8217;entreprise, le syst\u00e8me a \u00e9t\u00e9 adopt\u00e9 par plus de 10\u00a0000 \u00e9tablissements de soins au Japon, all\u00e9geant ainsi la charge administrative li\u00e9e \u00e0 l&#8217;enregistrement, \u00e0 l&#8217;organisation et au partage des informations dans le cadre des op\u00e9rations de soins quotidiennes.<\/p>\n<p>scoville a \u00e9galement soulign\u00e9 que l&#8217;adoption r\u00e9ussie de l&#8217;IA dans le secteur des soins ne se limite pas \u00e0 la simple mise en place d&#8217;un logiciel. L&#8217;entreprise propose un accompagnement couvrant les aspects institutionnels et op\u00e9rationnels, ainsi que l&#8217;adoption post-impl\u00e9mentation, aidant ainsi le personnel \u00e0 int\u00e9grer le service \u00e0 ses pratiques quotidiennes. Lors du salon, elle a pr\u00e9sent\u00e9 sa solution comme un moyen d&#8217;associer la documentation bas\u00e9e sur l&#8217;IA \u00e0 un soutien continu \u00e0 la mise en \u0153uvre pour les prestataires de soins.<\/p>\n<\/blockquote>\n<div class=\"video-summary-grid\">\n<div class=\"summary-card\">\n<h3>D\u00e9fis abord\u00e9s<\/h3>\n<ul>\n<li><a href=\"\/french\/?s=R%C3%A9duction%20de%20la%20charge%20de%20travail%20li%C3%A9e%20%C3%A0%20la%20documentation%20des%20soins%20infirmiers&#038;post_type=post\">R\u00e9duction de la charge de travail li\u00e9e \u00e0 la documentation des soins infirmiers<\/a><\/li>\n<li><a href=\"\/french\/?s=Rationalisation%20des%20proc%C3%A8s-verbaux%20et%20des%20comptes%20rendus%20de%20r%C3%A9unions&#038;post_type=post\">Rationalisation des proc\u00e8s-verbaux et des comptes rendus de r\u00e9unions<\/a><\/li>\n<li><a href=\"\/french\/?s=Soutenir%20l%27adoption%20de%20l%27IA%20dans%20les%20op%C3%A9rations%20de%20soins&#038;post_type=post\">Soutenir l&#8217;adoption de l&#8217;IA dans les op\u00e9rations de soins<\/a><\/li>\n<\/ul>\n<\/div>\n<div class=\"summary-card\">\n<h3>Solutions<\/h3>\n<ul>\n<li><a href=\"\/french\/?s=Transcription%20et%20documentation%20des%20r%C3%A9unions%20automatis%C3%A9es%20par%20l%27IA&#038;post_type=post\">Transcription et documentation des r\u00e9unions automatis\u00e9es par l&#8217;IA<\/a><\/li>\n<li><a href=\"\/french\/?s=Assistance%20de%20l%27IA%20pour%20la%20documentation%20relative%20aux%20soins&#038;post_type=post\">Assistance de l&#8217;IA pour la documentation relative aux soins<\/a><\/li>\n<li><a href=\"\/french\/?s=soutien%20%C3%A0%20la%20mise%20en%20%C5%93uvre%20et%20%C3%A0%20l%27adoption%20de%20l%27IA&#038;post_type=post\">soutien \u00e0 la mise en \u0153uvre et \u00e0 l&#8217;adoption de l&#8217;IA<\/a><\/li>\n<\/ul>\n<\/div>\n<div class=\"summary-card\">\n<h3>Clients cibles<\/h3>\n<ul>\n<li><a href=\"\/french\/?s=Gestionnaires%20de%20soins&#038;post_type=post\">Gestionnaires de soins<\/a><\/li>\n<li><a href=\"\/french\/?s=%C3%A9tablissements%20de%20soins%20infirmiers&#038;post_type=post\">\u00e9tablissements de soins infirmiers<\/a><\/li>\n<li><a href=\"\/french\/?s=prestataires%20de%20services%20de%20soins&#038;post_type=post\">prestataires de services de soins<\/a><\/li>\n<\/ul>\n<\/div>\n<\/div>\n<div class=\"video-faq\">\n<h3 class=\"faq-heading\">FAQ<\/h3>\n<details class=\"faq-item\">\n<summary>Quelles t\u00e2ches de soins infirmiers le service d&#8217;IA peut-il prendre en charge\u00a0?<\/summary>\n<div class=\"faq-answer\">Ce service peut prendre en charge la documentation relative aux plans de soins, aux r\u00e9unions de soins multidisciplinaires, aux comit\u00e9s d&#8217;\u00e9tablissement et \u00e0 d&#8217;autres processus administratifs li\u00e9s aux op\u00e9rations de soins infirmiers.<\/div>\n<\/details>\n<details class=\"faq-item\">\n<summary>scoville propose-t-il un accompagnement apr\u00e8s la mise en \u0153uvre\u00a0?<\/summary>\n<div class=\"faq-answer\">Oui. L&#8217;entreprise met l&#8217;accent sur le soutien continu apr\u00e8s la mise en \u0153uvre, notamment sur l&#8217;aide \u00e0 l&#8217;int\u00e9gration du service dans les op\u00e9rations quotidiennes afin que le personnel puisse l&#8217;utiliser concr\u00e8tement.<\/div>\n<\/details>\n<details class=\"faq-item\">\n<summary>Dans quelle mesure ce service a-t-il \u00e9t\u00e9 adopt\u00e9\u00a0?<\/summary>\n<div class=\"faq-answer\">Selon la pr\u00e9sentation de l&#8217;entreprise lors du salon, ce service a \u00e9t\u00e9 mis en place dans plus de 10 000 \u00e9tablissements de soins \u00e0 travers le Japon.<\/div>\n<\/details>\n<\/div>\n<details class=\"video-transcript\">\n<summary>Voir la transcription vid\u00e9o<\/summary>\n<div class=\"transcript-content\">Nous sommes Scoville Co., Ltd. Nous proposons un service de r\u00e9daction de comptes rendus de r\u00e9unions bas\u00e9 sur l&#8217;IA, sp\u00e9cialis\u00e9 dans le secteur des soins infirmiers. Notre service est actuellement utilis\u00e9 par plus de 10\u00a0000 entreprises \u00e0 travers le pays. Il permet, par exemple, de g\u00e9rer les plans de soins des responsables de soins \u00e0 domicile, les r\u00e9unions de concertation et m\u00eame les r\u00e9unions de comit\u00e9s en \u00e9tablissement, le tout au sein d&#8217;une plateforme unique. Parmi les nombreux services d&#8217;IA disponibles, nous sommes convaincus que la conformit\u00e9 r\u00e9glementaire et la garantie d&#8217;une utilisation optimale par tous apr\u00e8s la mise en \u0153uvre sont essentielles. Notre entreprise se distingue par la gestion et le support centralis\u00e9s que nous proposons pour tous ces aspects. Si vous \u00eates int\u00e9ress\u00e9, n&#8217;h\u00e9sitez pas \u00e0 essayer notre service, m\u00eame \u00e0 titre d&#8217;essai.<\/div>\n<\/details>\n<h2>Contactez l&#8217;entreprise<\/h2>\n<div class=\"company-profile-section\">\n<div class=\"company-shot\"><a href=\"https:\/\/scoville.jp\/ja\/about-us\/\" target=\"_blank\" rel=\"noopener noreferrer\"><img decoding=\"async\" src=\"https:\/\/s.wordpress.com\/mshots\/v1\/https%3A%2F%2Fscoville.jp%2Fja%2Fabout-us%2F?w=800\" alt=\"Site officiel de scoville Co., Ltd.\" loading=\"lazy\"><\/a><\/div>\n<div class=\"company-info\">\n<ul>\n<li><span class=\"label\">Quartier g\u00e9n\u00e9ral<\/span> <span class=\"value\">&#8211;<\/span><\/li>\n<li><span class=\"label\">\u00c9tabli<\/span> <span class=\"value\">&#8211;<\/span><\/li>\n<li><span class=\"label\">Employ\u00e9s<\/span> <span class=\"value\">&#8211;<\/span><\/li>\n<li><span class=\"label\">Site officiel<\/span> <span class=\"value\"><a href=\"https:\/\/scoville.jp\/ja\/about-us\/\" target=\"_blank\" rel=\"noopener noreferrer\">https:\/\/scoville.jp\/ja\/about-us\/<\/a><\/span><\/li>\n<li><span class=\"label\">Secteurs d&#8217;activit\u00e9<\/span> <span class=\"value\">Services de documentation et soutien op\u00e9rationnel bas\u00e9s sur l&#8217;IA pour le secteur des soins infirmiers<\/span><\/li>\n<li><span class=\"label\">Principaux produits et services<\/span> <span class=\"value\">Service de transcription et de documentation des r\u00e9unions par IA pour les prestataires de soins infirmiers, accompagnement \u00e0 la mise en \u0153uvre et \u00e0 l&#8217;adoption<\/span><\/li>\n<\/ul>\n<\/div>\n<\/div>\n<\/div>\n","protected":false},"excerpt":{"rendered":"<p>Lors du salon CareTEX Tokyo 2026 Summer, scoville Co., Ltd. a pr\u00e9sent\u00e9 un service de transcription et de documentation de r\u00e9unions bas\u00e9 sur l&#8217;intelligence artificielle et sp\u00e9cialement con\u00e7u pour le secteur des soins infirmiers. Ce service vise \u00e0 faci\u2026<\/p>\n","protected":false},"author":1,"featured_media":98546,"comment_status":"open","ping_status":"open","sticky":false,"template":"","format":"video","meta":{"_acf_changed":false,"footnotes":""},"categories":[803],"tags":[43,536,632,542,530,627,604,562,31,38,33,520,36,552,548,634,588,34,506,42],"class_list":["post-98544","post","type-post","status-publish","format-video","has-post-thumbnail","hentry","category-caretex-tokyo-summer-2026-japan","tag-agriculture-forestry-fishery-and-food","tag-agriculture-forestry-fishery-and-food-2","tag-medical-care-health-6","tag-machinery-industrial-technology-7","tag-machinery-industrial-technology-6","tag-medical-care-health-3","tag-machinery-industrial-technology-5","tag-services-1","tag-information-telecommunication","tag-japan","tag-machinery-industrial-technology","tag-living-4","tag-services","tag-services-3","tag-living-12","tag-services-9","tag-medical-care-health-5","tag-medical-care-health","tag-information-telecommunication-1","tag-living","post_format-post-format-video"],"acf":[],"yoast_head":"<!-- This site is optimized with the Yoast SEO plugin v28.3 - https:\/\/yoast.com\/product\/yoast-seo-wordpress\/ -->\n<title>personne - scoville Co., Ltd [The 3rd CareTEX Tokyo &#039;26 Summer] \u2013 Vid\u00e9o du Salon | WorldTradeShow.TV<\/title>\n<meta name=\"robots\" content=\"index, follow, max-snippet:-1, max-image-preview:large, max-video-preview:-1\" \/>\n<link rel=\"canonical\" href=\"https:\/\/www.worldtradeshow.tv\/french\/video\/caretex-tokyo-summer-2026-japan\/noman-scoville-co-ltd-the-3rd-caretex-tokyo-26-summer\/\" \/>\n<meta property=\"og:locale\" content=\"fr_FR\" \/>\n<meta property=\"og:type\" content=\"article\" \/>\n<meta property=\"og:title\" content=\"personne - scoville Co., Ltd [The 3rd CareTEX Tokyo &#039;26 Summer] \u2013 Vid\u00e9o du Salon | WorldTradeShow.TV\" \/>\n<meta property=\"og:description\" content=\"Lors du salon CareTEX Tokyo 2026 Summer, scoville Co., Ltd. a pr\u00e9sent\u00e9 un service de transcription et de documentation de r\u00e9unions bas\u00e9 sur l&#039;intelligence artificielle et sp\u00e9cialement con\u00e7u pour le secteur des soins infirmiers. Ce service vise \u00e0 faci\u2026\" \/>\n<meta property=\"og:url\" content=\"https:\/\/www.worldtradeshow.tv\/french\/video\/caretex-tokyo-summer-2026-japan\/noman-scoville-co-ltd-the-3rd-caretex-tokyo-26-summer\/\" \/>\n<meta property=\"og:site_name\" content=\"Vid\u00e9os de Salons Internationaux et Nouveaux Produits \u2013 WorldTradeShow.TV\" \/>\n<meta property=\"article:publisher\" content=\"https:\/\/www.facebook.com\/tenji.tv\" \/>\n<meta property=\"article:published_time\" content=\"2026-08-27T05:59:19+00:00\" \/>\n<meta property=\"article:modified_time\" content=\"2026-09-01T01:24:00+00:00\" \/>\n<meta property=\"og:image\" content=\"https:\/\/www.worldtradeshow.tv\/french\/wp-content\/uploads\/2026\/08\/maxresdefault-61.jpg\" \/>\n\t<meta property=\"og:image:width\" content=\"1280\" \/>\n\t<meta property=\"og:image:height\" content=\"720\" \/>\n\t<meta property=\"og:image:type\" content=\"image\/jpeg\" \/>\n<meta name=\"author\" content=\"user\" \/>\n<meta name=\"twitter:card\" content=\"summary_large_image\" \/>\n<meta name=\"twitter:creator\" content=\"@tenjitv\" \/>\n<meta name=\"twitter:site\" content=\"@tenjitv\" \/>\n<meta name=\"twitter:label1\" content=\"\u00c9crit par\" \/>\n\t<meta name=\"twitter:data1\" content=\"user\" \/>\n\t<meta name=\"twitter:label2\" content=\"Dur\u00e9e de lecture estim\u00e9e\" \/>\n\t<meta name=\"twitter:data2\" content=\"3 minutes\" \/>\n<script type=\"application\/ld+json\" class=\"yoast-schema-graph\">{\"@context\":\"https:\\\/\\\/schema.org\",\"@graph\":[{\"@type\":\"Article\",\"@id\":\"https:\\\/\\\/www.worldtradeshow.tv\\\/french\\\/video\\\/caretex-tokyo-summer-2026-japan\\\/noman-scoville-co-ltd-the-3rd-caretex-tokyo-26-summer\\\/#article\",\"isPartOf\":{\"@id\":\"https:\\\/\\\/www.worldtradeshow.tv\\\/french\\\/video\\\/caretex-tokyo-summer-2026-japan\\\/noman-scoville-co-ltd-the-3rd-caretex-tokyo-26-summer\\\/\"},\"author\":{\"name\":\"user\",\"@id\":\"https:\\\/\\\/www.worldtradeshow.tv\\\/french\\\/#\\\/schema\\\/person\\\/a9d7eceb3b29066a8084fc2872dbed3f\"},\"headline\":\"personne - scoville Co., Ltd [The 3rd CareTEX Tokyo '26 Summer]\",\"datePublished\":\"2026-08-27T05:59:19+00:00\",\"dateModified\":\"2026-09-01T01:24:00+00:00\",\"mainEntityOfPage\":{\"@id\":\"https:\\\/\\\/www.worldtradeshow.tv\\\/french\\\/video\\\/caretex-tokyo-summer-2026-japan\\\/noman-scoville-co-ltd-the-3rd-caretex-tokyo-26-summer\\\/\"},\"wordCount\":706,\"commentCount\":0,\"image\":{\"@id\":\"https:\\\/\\\/www.worldtradeshow.tv\\\/french\\\/video\\\/caretex-tokyo-summer-2026-japan\\\/noman-scoville-co-ltd-the-3rd-caretex-tokyo-26-summer\\\/#primaryimage\"},\"thumbnailUrl\":\"https:\\\/\\\/www.worldtradeshow.tv\\\/french\\\/wp-content\\\/uploads\\\/2026\\\/08\\\/maxresdefault-61.jpg\",\"keywords\":[\"Agriculture \\\/ For\u00eats \\\/ P\u00eache et nourriture\",\"Aliments et boissons \\\/ Transformation des aliments\",\"Aptitude\",\"Autres machines et \u00e9quipements industriels\",\"\u00c9lectrique et \u00e9lectronique (Produits \\\/ Machines)\",\"\u00c9quipement de bien-\u00eatre et de soins infirmiers \\\/ R\u00e9adaptation\",\"Essais\\\/Mesure et analyse\\\/M\u00e9canique de pr\u00e9cision\",\"H\u00f4tellerie\\\/Restaurant &amp; Restauration\",\"Information \\\/ T\u00e9l\u00e9communication\",\"Japon\",\"Machines \\\/ Technologie industrielle\",\"Meubles et accessoires \\\/ Pi\u00e8ces\",\"Prestations de service\",\"Publicit\u00e9\\\/Marketing\\\/Administration des affaires\",\"S\u00e9curit\u00e9 \\\/ S\u00fbret\u00e9 \\\/ Protection Incendie \\\/ Police \\\/ D\u00e9fense\",\"S\u00e9curit\u00e9 et sant\u00e9 au travail \\\/ Gestion du travail\",\"Soins de sant\u00e9 (\u00e9quipements\\\/produits et services)\",\"Soins m\u00e9dicaux \\\/ Sant\u00e9\",\"T\u00e9l\u00e9communication \\\/ Informatique \\\/ Informatique\",\"Vivant\"],\"articleSection\":[\"The 3rd CareTEX Tokyo '26 Summer\"],\"inLanguage\":\"fr-FR\",\"potentialAction\":[{\"@type\":\"CommentAction\",\"name\":\"Comment\",\"target\":[\"https:\\\/\\\/www.worldtradeshow.tv\\\/french\\\/video\\\/caretex-tokyo-summer-2026-japan\\\/noman-scoville-co-ltd-the-3rd-caretex-tokyo-26-summer\\\/#respond\"]}]},{\"@type\":\"WebPage\",\"@id\":\"https:\\\/\\\/www.worldtradeshow.tv\\\/french\\\/video\\\/caretex-tokyo-summer-2026-japan\\\/noman-scoville-co-ltd-the-3rd-caretex-tokyo-26-summer\\\/\",\"url\":\"https:\\\/\\\/www.worldtradeshow.tv\\\/french\\\/video\\\/caretex-tokyo-summer-2026-japan\\\/noman-scoville-co-ltd-the-3rd-caretex-tokyo-26-summer\\\/\",\"name\":\"personne - scoville Co., Ltd [The 3rd CareTEX Tokyo '26 Summer] \u2013 Vid\u00e9o du Salon | WorldTradeShow.TV\",\"isPartOf\":{\"@id\":\"https:\\\/\\\/www.worldtradeshow.tv\\\/french\\\/#website\"},\"primaryImageOfPage\":{\"@id\":\"https:\\\/\\\/www.worldtradeshow.tv\\\/french\\\/video\\\/caretex-tokyo-summer-2026-japan\\\/noman-scoville-co-ltd-the-3rd-caretex-tokyo-26-summer\\\/#primaryimage\"},\"image\":{\"@id\":\"https:\\\/\\\/www.worldtradeshow.tv\\\/french\\\/video\\\/caretex-tokyo-summer-2026-japan\\\/noman-scoville-co-ltd-the-3rd-caretex-tokyo-26-summer\\\/#primaryimage\"},\"thumbnailUrl\":\"https:\\\/\\\/www.worldtradeshow.tv\\\/french\\\/wp-content\\\/uploads\\\/2026\\\/08\\\/maxresdefault-61.jpg\",\"datePublished\":\"2026-08-27T05:59:19+00:00\",\"dateModified\":\"2026-09-01T01:24:00+00:00\",\"author\":{\"@id\":\"https:\\\/\\\/www.worldtradeshow.tv\\\/french\\\/#\\\/schema\\\/person\\\/a9d7eceb3b29066a8084fc2872dbed3f\"},\"breadcrumb\":{\"@id\":\"https:\\\/\\\/www.worldtradeshow.tv\\\/french\\\/video\\\/caretex-tokyo-summer-2026-japan\\\/noman-scoville-co-ltd-the-3rd-caretex-tokyo-26-summer\\\/#breadcrumb\"},\"inLanguage\":\"fr-FR\",\"potentialAction\":[{\"@type\":\"ReadAction\",\"target\":[\"https:\\\/\\\/www.worldtradeshow.tv\\\/french\\\/video\\\/caretex-tokyo-summer-2026-japan\\\/noman-scoville-co-ltd-the-3rd-caretex-tokyo-26-summer\\\/\"]}]},{\"@type\":\"ImageObject\",\"inLanguage\":\"fr-FR\",\"@id\":\"https:\\\/\\\/www.worldtradeshow.tv\\\/french\\\/video\\\/caretex-tokyo-summer-2026-japan\\\/noman-scoville-co-ltd-the-3rd-caretex-tokyo-26-summer\\\/#primaryimage\",\"url\":\"https:\\\/\\\/www.worldtradeshow.tv\\\/french\\\/wp-content\\\/uploads\\\/2026\\\/08\\\/maxresdefault-61.jpg\",\"contentUrl\":\"https:\\\/\\\/www.worldtradeshow.tv\\\/french\\\/wp-content\\\/uploads\\\/2026\\\/08\\\/maxresdefault-61.jpg\",\"width\":1280,\"height\":720},{\"@type\":\"BreadcrumbList\",\"@id\":\"https:\\\/\\\/www.worldtradeshow.tv\\\/french\\\/video\\\/caretex-tokyo-summer-2026-japan\\\/noman-scoville-co-ltd-the-3rd-caretex-tokyo-26-summer\\\/#breadcrumb\",\"itemListElement\":[{\"@type\":\"ListItem\",\"position\":1,\"name\":\"Accueil\",\"item\":\"https:\\\/\\\/www.worldtradeshow.tv\\\/french\\\/\"},{\"@type\":\"ListItem\",\"position\":2,\"name\":\"personne - scoville Co., Ltd [The 3rd CareTEX Tokyo '26 Summer]\"}]},{\"@type\":\"WebSite\",\"@id\":\"https:\\\/\\\/www.worldtradeshow.tv\\\/french\\\/#website\",\"url\":\"https:\\\/\\\/www.worldtradeshow.tv\\\/french\\\/\",\"name\":\"Vid\u00e9os de Salons Internationaux et Nouveaux Produits \u2013 WorldTradeShow.TV\",\"description\":\"D\u00e9couvrez des vid\u00e9os de salons internationaux et de nouveaux produits en fran\u00e7ais\",\"potentialAction\":[{\"@type\":\"SearchAction\",\"target\":{\"@type\":\"EntryPoint\",\"urlTemplate\":\"https:\\\/\\\/www.worldtradeshow.tv\\\/french\\\/?s={search_term_string}\"},\"query-input\":{\"@type\":\"PropertyValueSpecification\",\"valueRequired\":true,\"valueName\":\"search_term_string\"}}],\"inLanguage\":\"fr-FR\"},{\"@type\":\"Person\",\"@id\":\"https:\\\/\\\/www.worldtradeshow.tv\\\/french\\\/#\\\/schema\\\/person\\\/a9d7eceb3b29066a8084fc2872dbed3f\",\"name\":\"user\",\"image\":{\"@type\":\"ImageObject\",\"inLanguage\":\"fr-FR\",\"@id\":\"https:\\\/\\\/secure.gravatar.com\\\/avatar\\\/b4c9a289323b21a01c3e940f150eb9b8c542587f1abfd8f0e1cc1ffc5e475514?s=96&d=mm&r=g\",\"url\":\"https:\\\/\\\/secure.gravatar.com\\\/avatar\\\/b4c9a289323b21a01c3e940f150eb9b8c542587f1abfd8f0e1cc1ffc5e475514?s=96&d=mm&r=g\",\"contentUrl\":\"https:\\\/\\\/secure.gravatar.com\\\/avatar\\\/b4c9a289323b21a01c3e940f150eb9b8c542587f1abfd8f0e1cc1ffc5e475514?s=96&d=mm&r=g\",\"caption\":\"user\"},\"sameAs\":[\"http:\"]}]}<\/script>\n<meta property=\"og:video\" content=\"https:\/\/www.youtube.com\/embed\/-vG4wleWvCg\" \/>\n<meta property=\"og:video:type\" content=\"text\/html\" \/>\n<meta property=\"og:video:duration\" content=\"53\" \/>\n<meta property=\"og:video:width\" content=\"480\" \/>\n<meta property=\"og:video:height\" content=\"270\" \/>\n<meta property=\"ya:ovs:adult\" content=\"false\" \/>\n<meta property=\"ya:ovs:allow_embed\" content=\"true\" \/>\n<!-- \/ Yoast SEO plugin. -->","yoast_head_json":{"title":"personne - scoville Co., Ltd [The 3rd CareTEX Tokyo '26 Summer] \u2013 Vid\u00e9o du Salon | WorldTradeShow.TV","robots":{"index":"index","follow":"follow","max-snippet":"max-snippet:-1","max-image-preview":"max-image-preview:large","max-video-preview":"max-video-preview:-1"},"canonical":"https:\/\/www.worldtradeshow.tv\/french\/video\/caretex-tokyo-summer-2026-japan\/noman-scoville-co-ltd-the-3rd-caretex-tokyo-26-summer\/","og_locale":"fr_FR","og_type":"article","og_title":"personne - scoville Co., Ltd [The 3rd CareTEX Tokyo '26 Summer] \u2013 Vid\u00e9o du Salon | WorldTradeShow.TV","og_description":"Lors du salon CareTEX Tokyo 2026 Summer, scoville Co., Ltd. a pr\u00e9sent\u00e9 un service de transcription et de documentation de r\u00e9unions bas\u00e9 sur l'intelligence artificielle et sp\u00e9cialement con\u00e7u pour le secteur des soins infirmiers. Ce service vise \u00e0 faci\u2026","og_url":"https:\/\/www.worldtradeshow.tv\/french\/video\/caretex-tokyo-summer-2026-japan\/noman-scoville-co-ltd-the-3rd-caretex-tokyo-26-summer\/","og_site_name":"Vid\u00e9os de Salons Internationaux et Nouveaux Produits \u2013 WorldTradeShow.TV","article_publisher":"https:\/\/www.facebook.com\/tenji.tv","article_published_time":"2026-08-27T05:59:19+00:00","article_modified_time":"2026-09-01T01:24:00+00:00","og_image":[{"width":1280,"height":720,"url":"https:\/\/www.worldtradeshow.tv\/french\/wp-content\/uploads\/2026\/08\/maxresdefault-61.jpg","type":"image\/jpeg"}],"author":"user","twitter_card":"summary_large_image","twitter_creator":"@tenjitv","twitter_site":"@tenjitv","twitter_misc":{"\u00c9crit par":"user","Dur\u00e9e de lecture estim\u00e9e":"3 minutes"},"schema":{"@context":"https:\/\/schema.org","@graph":[{"@type":"Article","@id":"https:\/\/www.worldtradeshow.tv\/french\/video\/caretex-tokyo-summer-2026-japan\/noman-scoville-co-ltd-the-3rd-caretex-tokyo-26-summer\/#article","isPartOf":{"@id":"https:\/\/www.worldtradeshow.tv\/french\/video\/caretex-tokyo-summer-2026-japan\/noman-scoville-co-ltd-the-3rd-caretex-tokyo-26-summer\/"},"author":{"name":"user","@id":"https:\/\/www.worldtradeshow.tv\/french\/#\/schema\/person\/a9d7eceb3b29066a8084fc2872dbed3f"},"headline":"personne - scoville Co., Ltd [The 3rd CareTEX Tokyo '26 Summer]","datePublished":"2026-08-27T05:59:19+00:00","dateModified":"2026-09-01T01:24:00+00:00","mainEntityOfPage":{"@id":"https:\/\/www.worldtradeshow.tv\/french\/video\/caretex-tokyo-summer-2026-japan\/noman-scoville-co-ltd-the-3rd-caretex-tokyo-26-summer\/"},"wordCount":706,"commentCount":0,"image":{"@id":"https:\/\/www.worldtradeshow.tv\/french\/video\/caretex-tokyo-summer-2026-japan\/noman-scoville-co-ltd-the-3rd-caretex-tokyo-26-summer\/#primaryimage"},"thumbnailUrl":"https:\/\/www.worldtradeshow.tv\/french\/wp-content\/uploads\/2026\/08\/maxresdefault-61.jpg","keywords":["Agriculture \/ For\u00eats \/ P\u00eache et nourriture","Aliments et boissons \/ Transformation des aliments","Aptitude","Autres machines et \u00e9quipements industriels","\u00c9lectrique et \u00e9lectronique (Produits \/ Machines)","\u00c9quipement de bien-\u00eatre et de soins infirmiers \/ R\u00e9adaptation","Essais\/Mesure et analyse\/M\u00e9canique de pr\u00e9cision","H\u00f4tellerie\/Restaurant &amp; Restauration","Information \/ T\u00e9l\u00e9communication","Japon","Machines \/ Technologie industrielle","Meubles et accessoires \/ Pi\u00e8ces","Prestations de service","Publicit\u00e9\/Marketing\/Administration des affaires","S\u00e9curit\u00e9 \/ S\u00fbret\u00e9 \/ Protection Incendie \/ Police \/ D\u00e9fense","S\u00e9curit\u00e9 et sant\u00e9 au travail \/ Gestion du travail","Soins de sant\u00e9 (\u00e9quipements\/produits et services)","Soins m\u00e9dicaux \/ Sant\u00e9","T\u00e9l\u00e9communication \/ Informatique \/ Informatique","Vivant"],"articleSection":["The 3rd CareTEX Tokyo '26 Summer"],"inLanguage":"fr-FR","potentialAction":[{"@type":"CommentAction","name":"Comment","target":["https:\/\/www.worldtradeshow.tv\/french\/video\/caretex-tokyo-summer-2026-japan\/noman-scoville-co-ltd-the-3rd-caretex-tokyo-26-summer\/#respond"]}]},{"@type":"WebPage","@id":"https:\/\/www.worldtradeshow.tv\/french\/video\/caretex-tokyo-summer-2026-japan\/noman-scoville-co-ltd-the-3rd-caretex-tokyo-26-summer\/","url":"https:\/\/www.worldtradeshow.tv\/french\/video\/caretex-tokyo-summer-2026-japan\/noman-scoville-co-ltd-the-3rd-caretex-tokyo-26-summer\/","name":"personne - scoville Co., Ltd [The 3rd CareTEX Tokyo '26 Summer] \u2013 Vid\u00e9o du Salon | WorldTradeShow.TV","isPartOf":{"@id":"https:\/\/www.worldtradeshow.tv\/french\/#website"},"primaryImageOfPage":{"@id":"https:\/\/www.worldtradeshow.tv\/french\/video\/caretex-tokyo-summer-2026-japan\/noman-scoville-co-ltd-the-3rd-caretex-tokyo-26-summer\/#primaryimage"},"image":{"@id":"https:\/\/www.worldtradeshow.tv\/french\/video\/caretex-tokyo-summer-2026-japan\/noman-scoville-co-ltd-the-3rd-caretex-tokyo-26-summer\/#primaryimage"},"thumbnailUrl":"https:\/\/www.worldtradeshow.tv\/french\/wp-content\/uploads\/2026\/08\/maxresdefault-61.jpg","datePublished":"2026-08-27T05:59:19+00:00","dateModified":"2026-09-01T01:24:00+00:00","author":{"@id":"https:\/\/www.worldtradeshow.tv\/french\/#\/schema\/person\/a9d7eceb3b29066a8084fc2872dbed3f"},"breadcrumb":{"@id":"https:\/\/www.worldtradeshow.tv\/french\/video\/caretex-tokyo-summer-2026-japan\/noman-scoville-co-ltd-the-3rd-caretex-tokyo-26-summer\/#breadcrumb"},"inLanguage":"fr-FR","potentialAction":[{"@type":"ReadAction","target":["https:\/\/www.worldtradeshow.tv\/french\/video\/caretex-tokyo-summer-2026-japan\/noman-scoville-co-ltd-the-3rd-caretex-tokyo-26-summer\/"]}]},{"@type":"ImageObject","inLanguage":"fr-FR","@id":"https:\/\/www.worldtradeshow.tv\/french\/video\/caretex-tokyo-summer-2026-japan\/noman-scoville-co-ltd-the-3rd-caretex-tokyo-26-summer\/#primaryimage","url":"https:\/\/www.worldtradeshow.tv\/french\/wp-content\/uploads\/2026\/08\/maxresdefault-61.jpg","contentUrl":"https:\/\/www.worldtradeshow.tv\/french\/wp-content\/uploads\/2026\/08\/maxresdefault-61.jpg","width":1280,"height":720},{"@type":"BreadcrumbList","@id":"https:\/\/www.worldtradeshow.tv\/french\/video\/caretex-tokyo-summer-2026-japan\/noman-scoville-co-ltd-the-3rd-caretex-tokyo-26-summer\/#breadcrumb","itemListElement":[{"@type":"ListItem","position":1,"name":"Accueil","item":"https:\/\/www.worldtradeshow.tv\/french\/"},{"@type":"ListItem","position":2,"name":"personne - scoville Co., Ltd [The 3rd CareTEX Tokyo '26 Summer]"}]},{"@type":"WebSite","@id":"https:\/\/www.worldtradeshow.tv\/french\/#website","url":"https:\/\/www.worldtradeshow.tv\/french\/","name":"Vid\u00e9os de Salons Internationaux et Nouveaux Produits \u2013 WorldTradeShow.TV","description":"D\u00e9couvrez des vid\u00e9os de salons internationaux et de nouveaux produits en fran\u00e7ais","potentialAction":[{"@type":"SearchAction","target":{"@type":"EntryPoint","urlTemplate":"https:\/\/www.worldtradeshow.tv\/french\/?s={search_term_string}"},"query-input":{"@type":"PropertyValueSpecification","valueRequired":true,"valueName":"search_term_string"}}],"inLanguage":"fr-FR"},{"@type":"Person","@id":"https:\/\/www.worldtradeshow.tv\/french\/#\/schema\/person\/a9d7eceb3b29066a8084fc2872dbed3f","name":"user","image":{"@type":"ImageObject","inLanguage":"fr-FR","@id":"https:\/\/secure.gravatar.com\/avatar\/b4c9a289323b21a01c3e940f150eb9b8c542587f1abfd8f0e1cc1ffc5e475514?s=96&d=mm&r=g","url":"https:\/\/secure.gravatar.com\/avatar\/b4c9a289323b21a01c3e940f150eb9b8c542587f1abfd8f0e1cc1ffc5e475514?s=96&d=mm&r=g","contentUrl":"https:\/\/secure.gravatar.com\/avatar\/b4c9a289323b21a01c3e940f150eb9b8c542587f1abfd8f0e1cc1ffc5e475514?s=96&d=mm&r=g","caption":"user"},"sameAs":["http:"]}]},"og_video":"https:\/\/www.youtube.com\/embed\/-vG4wleWvCg","og_video_type":"text\/html","og_video_duration":"53","og_video_width":"480","og_video_height":"270","ya_ovs_adult":"false","ya_ovs_allow_embed":"true"},"cmb2":{"poster_feature_image":{"vid_m_player_background":"on","vid_m_poster_image":"","vid_m_poster_image_id":""},"gif_feature_image":{"vid_m_gif_image":"","vid_m_gif_image_id":""},"video_movie_settings":{"vid_m_director":"","vid_m_actor":"","vid_m_imdb_ratings":"","vid_m_amazon_associates":"","vid_m_vid_tmdb_movie":"","vid_m_vid_tmdb_tv_shows":"","vid_m_vid_tmdb_thumb":"backdrop_sizes"},"vid_ads_m_videoads_settings_post":{"vid_ads_m_video_ads":"","vid_ads_m_video_ads_type":"","vid_ads_m_group_google_ima":"","vid_ads_m_group_image":"","vid_ads_m_group_html5_video":"","vid_ads_m_group_html":"","vid_ads_m_vpaid_mode":"","vid_ads_m_vast_preroll":"","vid_ads_m_vast_postroll":"","vid_ads_m_vast_pauseroll":"","vid_ads_m_vast_midroll":"","vid_ads_m_group_dynamic":"","vid_ads_m_time_to_show_ads":"","vid_ads_m_time_skip_ads":"","vid_ads_m_time_to_hide_ads":""},"feature_image_settings":{"feature_image_position":""},"video_player_settings":{"single_video_style":"","video_player_position":"","vm_video_url_btn_choose":"","vm_video_url_btn_choose_id":"","vm_video_url":"https:\/\/www.youtube.com\/watch?v=-vG4wleWvCg","vm_video_ratio":"16:9","vm_video_ratio_mobile":"16:9","video_player_library":"","plyr_player":"","video_streaming":"","vm_video_shortcode":"","vm_video_timelapse":"","vm_media_subtitles":"","vm_media_sources":"","vid_vtt_preview":"","vid_vtt_preview_vtt_file":"","vid_vtt_preview_vtt_file_id":"","vid_vtt_preview_sprite_image":"","vid_vtt_preview_sprite_image_id":"","vid_auto_play":"","vid_preview_mode":"","vm_video_trailer_manl_url":"","vm_screenshot_preview":"","vid_tags":"","vid_p_sync_playlist":"","vid_c_sync_channel":"","get_post_format":"","multiple_links_structure":"default","multi_links_title":"","original_video_title":"","multi_links_series":"","vm_video_multi_links":"","vm_duration":"","vid_social_locker":"","vid_locker_mode":"social","vid_social_locker_id":"","vid_social_email_locker_id":"","vid_social_signin_locker_id":"","sv_login_to_watch":"","vid_membership_action":"content-video","vm_video_trailer_url":"","vid_download_type":"free","vid_download_target":"download","vid_woo_product":"","vid_download_mode":"","vid_download_mode_trailer":"","vm_media_download":"","user_rating":"","user_rating_position":"","user_rating_mode":"","user_rating_multi_sets":"","ads_above_single_player":""},"video_auto_fetch_settings":{"vm_video_fetch":"on"},"video_fake_views_likes":{"vm_fake_views":"","vm_fake_likes":"","vm_fake_dislikes":""},"gallery_settings":{"gallery_position":""},"quote_settings":{"quote_position":""},"post_options":{"main_layout":"","main_logo":"","main_logo_id":"","main_logo_retina":"","main_logo_retina_id":"","main_logo_mobile":"","main_logo_mobile_id":"","main_logo_mobile_retina":"","main_logo_mobile_retina_id":"","sticky_logo":"","sticky_logo_id":"","sticky_logo_retina":"","sticky_logo_retina_id":"","main_nav_layout":"","header_background":"","theme_sidebar":"","single_post_comment_type":"","theme_background":""}},"_links":{"self":[{"href":"https:\/\/www.worldtradeshow.tv\/french\/wp-json\/wp\/v2\/posts\/98544","targetHints":{"allow":["GET"]}}],"collection":[{"href":"https:\/\/www.worldtradeshow.tv\/french\/wp-json\/wp\/v2\/posts"}],"about":[{"href":"https:\/\/www.worldtradeshow.tv\/french\/wp-json\/wp\/v2\/types\/post"}],"author":[{"embeddable":true,"href":"https:\/\/www.worldtradeshow.tv\/french\/wp-json\/wp\/v2\/users\/1"}],"replies":[{"embeddable":true,"href":"https:\/\/www.worldtradeshow.tv\/french\/wp-json\/wp\/v2\/comments?post=98544"}],"version-history":[{"count":1,"href":"https:\/\/www.worldtradeshow.tv\/french\/wp-json\/wp\/v2\/posts\/98544\/revisions"}],"predecessor-version":[{"id":98545,"href":"https:\/\/www.worldtradeshow.tv\/french\/wp-json\/wp\/v2\/posts\/98544\/revisions\/98545"}],"wp:featuredmedia":[{"embeddable":true,"href":"https:\/\/www.worldtradeshow.tv\/french\/wp-json\/wp\/v2\/media\/98546"}],"wp:attachment":[{"href":"https:\/\/www.worldtradeshow.tv\/french\/wp-json\/wp\/v2\/media?parent=98544"}],"wp:term":[{"taxonomy":"category","embeddable":true,"href":"https:\/\/www.worldtradeshow.tv\/french\/wp-json\/wp\/v2\/categories?post=98544"},{"taxonomy":"post_tag","embeddable":true,"href":"https:\/\/www.worldtradeshow.tv\/french\/wp-json\/wp\/v2\/tags?post=98544"}],"curies":[{"name":"wp","href":"https:\/\/api.w.org\/{rel}","templated":true}]}}