{"id":98541,"date":"2026-08-27T05:59:24","date_gmt":"2026-08-27T05:59:24","guid":{"rendered":"https:\/\/www.worldtradeshow.tv\/french\/?p=98541"},"modified":"2026-09-01T01:23:57","modified_gmt":"2026-09-01T01:23:57","slug":"tabisuke-shimada-group-the-3rd-caretex-tokyo-26-summer","status":"publish","type":"post","link":"https:\/\/www.worldtradeshow.tv\/french\/video\/caretex-tokyo-summer-2026-japan\/tabisuke-shimada-group-the-3rd-caretex-tokyo-26-summer\/","title":{"rendered":"Tabisuke - Shimada Group [The 3rd CareTEX Tokyo '26 Summer]"},"content":{"rendered":"<div class=\"entry-content \">\n<blockquote class=\"wp-block-quote\">\n<p>La soci\u00e9t\u00e9 Shimada Travel Partners Co., Ltd. a pr\u00e9sent\u00e9 \u00ab Tabisuke \u00bb, son service de voyage adapt\u00e9, lors du salon CareTEX Tokyo 2026 Summer. Sp\u00e9cialis\u00e9e dans les voyages accessibles, elle propose principalement des excursions \u00e0 la journ\u00e9e pour les personnes \u00e2g\u00e9es et les personnes \u00e0 mobilit\u00e9 r\u00e9duite, notamment les personnes en fauteuil roulant. Elle dispose de trois v\u00e9hicules adapt\u00e9s, dont des mod\u00e8les Caravan et HiAce ainsi qu&#8217;une Mercedes-Benz, et choisit le v\u00e9hicule le plus appropri\u00e9 en fonction des besoins des utilisateurs.<\/p>\n<p>Tabisuke organise principalement des voyages en petits groupes de cinq \u00e0 huit participants, offrant la possibilit\u00e9 de visiter des aquariums, des sites touristiques et d&#8217;autres lieux de loisirs. Les utilisateurs peuvent rester dans leur fauteuil roulant pendant le voyage, ce qui permet aux personnes ayant des difficult\u00e9s avec les visites de groupe classiques de profiter pleinement des sorties gr\u00e2ce \u00e0 un accompagnement adapt\u00e9 \u00e0 leur mobilit\u00e9.<\/p>\n<p>Lors du salon CareTEX, l&#8217;entreprise a propos\u00e9 une visite d&#8217;essai gratuite de son v\u00e9hicule. Plut\u00f4t que de se concentrer uniquement sur le transport, Tabisuke a \u00e9t\u00e9 pr\u00e9sent\u00e9 comme une solution de mobilit\u00e9 assist\u00e9e offrant aux personnes \u00e2g\u00e9es et aux personnes \u00e0 mobilit\u00e9 r\u00e9duite la possibilit\u00e9 de sortir et de profiter d&#8217;activit\u00e9s de loisirs.<\/p>\n<\/blockquote>\n<div class=\"video-summary-grid\">\n<div class=\"summary-card\">\n<h3>D\u00e9fis abord\u00e9s<\/h3>\n<ul>\n<li><a href=\"\/french\/?s=Possibilit%C3%A9s%20de%20voyage%20limit%C3%A9es%20pour%20les%20personnes%20en%20fauteuil%20roulant&#038;post_type=post\">Possibilit\u00e9s de voyage limit\u00e9es pour les personnes en fauteuil roulant<\/a><\/li>\n<li><a href=\"\/french\/?s=Aide%20aux%20d%C3%A9placements%20pour%20les%20personnes%20%C3%A2g%C3%A9es&#038;post_type=post\">Aide aux d\u00e9placements pour les personnes \u00e2g\u00e9es<\/a><\/li>\n<li><a href=\"\/french\/?s=Soutien%20aux%20excursions%20d%27une%20journ%C3%A9e%20s%C3%BBres%20et%20accessibles&#038;post_type=post\">Soutien aux excursions d&#8217;une journ\u00e9e s\u00fbres et accessibles<\/a><\/li>\n<\/ul>\n<\/div>\n<div class=\"summary-card\">\n<h3>Solutions<\/h3>\n<ul>\n<li><a href=\"\/french\/?s=Service%20d%27assistance%20aux%20voyages%20Tabisuke&#038;post_type=post\">Service d&#8217;assistance aux voyages Tabisuke<\/a><\/li>\n<li><a href=\"\/french\/?s=Transport%20accessible%20aux%20personnes%20en%20fauteuil%20roulant&#038;post_type=post\">Transport accessible aux personnes en fauteuil roulant<\/a><\/li>\n<li><a href=\"\/french\/?s=Excursions%20d%27une%20journ%C3%A9e%20en%20petits%20groupes%20accessibles&#038;post_type=post\">Excursions d&#8217;une journ\u00e9e en petits groupes accessibles<\/a><\/li>\n<\/ul>\n<\/div>\n<div class=\"summary-card\">\n<h3>Clients cibles<\/h3>\n<ul>\n<li><a href=\"\/french\/?s=utilisateurs%20de%20fauteuils%20roulants&#038;post_type=post\">utilisateurs de fauteuils roulants<\/a><\/li>\n<li><a href=\"\/french\/?s=Les%20personnes%20%C3%A2g%C3%A9es%20ayant%20besoin%20d%27aide%20pour%20voyager&#038;post_type=post\">Les personnes \u00e2g\u00e9es ayant besoin d&#8217;aide pour voyager<\/a><\/li>\n<li><a href=\"\/french\/?s=%C3%A9tablissements%20de%20soins%20et%20prestataires%20de%20services%20de%20soins&#038;post_type=post\">\u00e9tablissements de soins et prestataires de services de soins<\/a><\/li>\n<\/ul>\n<\/div>\n<\/div>\n<div class=\"video-faq\">\n<h3 class=\"faq-heading\">FAQ<\/h3>\n<details class=\"faq-item\">\n<summary>Quel type de service propose Tabisuke ?<\/summary>\n<div class=\"faq-answer\">Tabisuke est un service de voyage assist\u00e9 exploit\u00e9 par Shimada Travel Partners Co., Ltd. Il propose principalement des excursions d&#8217;une journ\u00e9e aux personnes ayant besoin d&#8217;assistance en mati\u00e8re de mobilit\u00e9 ou de soins.<\/div>\n<\/details>\n<details class=\"faq-item\">\n<summary>Les personnes en fauteuil roulant peuvent-elles participer aux visites ?<\/summary>\n<div class=\"faq-answer\">Oui. L\u2019entreprise exploite des v\u00e9hicules adapt\u00e9s qui peuvent accueillir les utilisateurs tout en leur permettant de rester dans leur fauteuil roulant et s\u00e9lectionne les v\u00e9hicules en fonction des besoins des participants.<\/div>\n<\/details>\n<details class=\"faq-item\">\n<summary>Quels types de voyages propose Tabisuke ?<\/summary>\n<div class=\"faq-answer\">Ce service propose principalement des excursions d&#8217;une journ\u00e9e en petits groupes, g\u00e9n\u00e9ralement de cinq \u00e0 huit participants, incluant des visites d&#8217;aquariums et de diverses destinations touristiques.<\/div>\n<\/details>\n<\/div>\n<details class=\"video-transcript\">\n<summary>Voir la transcription vid\u00e9o<\/summary>\n<div class=\"transcript-content\">Notre entreprise, le Groupe Shimada, g\u00e8re l&#8217;agence de voyages Tabisuke, sp\u00e9cialis\u00e9e dans les voyages adapt\u00e9s aux personnes en situation de handicap. Bien que nous proposions des excursions \u00e0 la journ\u00e9e, nous disposons de trois v\u00e9hicules adapt\u00e9s : un Caravan, un Hiace et une Mercedes-Benz. Ces v\u00e9hicules sont utilis\u00e9s en fonction des besoins et sont accessibles m\u00eame aux personnes en fauteuil roulant. La plupart de nos excursions sont organis\u00e9es pour des petits groupes de 5 \u00e0 8 personnes. Nous proposons des visites d&#8217;aquariums et de sites touristiques vari\u00e9s. Actuellement, nous offrons une visite guid\u00e9e gratuite \u00e0 Caretex. Rendez-vous sur le stand Tabisuke ! Merci.<\/div>\n<\/details>\n<h2>Contactez l&#8217;entreprise<\/h2>\n<div class=\"company-profile-section\">\n<div class=\"company-shot\"><a href=\"https:\/\/shimadahouse.co.jp\/business\/travel\/\" target=\"_blank\" rel=\"noopener noreferrer\"><img decoding=\"async\" src=\"https:\/\/s.wordpress.com\/mshots\/v1\/https%3A%2F%2Fshimadahouse.co.jp%2Fbusiness%2Ftravel%2F?w=800\" alt=\"Site officiel de Shimada Travel Partners Co., Ltd.\" loading=\"lazy\"><\/a><\/div>\n<div class=\"company-info\">\n<ul>\n<li><span class=\"label\">Quartier g\u00e9n\u00e9ral<\/span> <span class=\"value\">&#8211;<\/span><\/li>\n<li><span class=\"label\">\u00c9tabli<\/span> <span class=\"value\">&#8211;<\/span><\/li>\n<li><span class=\"label\">Employ\u00e9s<\/span> <span class=\"value\">&#8211;<\/span><\/li>\n<li><span class=\"label\">Site officiel<\/span> <span class=\"value\"><a href=\"https:\/\/shimadahouse.co.jp\/business\/travel\/\" target=\"_blank\" rel=\"noopener noreferrer\">https:\/\/shimadahouse.co.jp\/business\/travel\/<\/a><\/span><\/li>\n<li><span class=\"label\">Secteurs d&#8217;activit\u00e9<\/span> <span class=\"value\">Services d&#8217;assistance aux d\u00e9placements et de transport accessible<\/span><\/li>\n<li><span class=\"label\">Principaux produits et services<\/span> <span class=\"value\">Service d&#8217;assistance aux voyages Tabisuke, excursions d&#8217;une journ\u00e9e accessibles aux personnes en fauteuil roulant<\/span><\/li>\n<\/ul>\n<\/div>\n<\/div>\n<\/div>\n","protected":false},"excerpt":{"rendered":"<p>La soci\u00e9t\u00e9 Shimada Travel Partners Co., Ltd. a pr\u00e9sent\u00e9 \u00ab Tabisuke \u00bb, son service de voyage adapt\u00e9, lors du salon CareTEX Tokyo 2026 Summer. Sp\u00e9cialis\u00e9e dans les voyages accessibles, elle propose principalement des excursions \u00e0 la journ\u00e9e pour les pe\u2026<\/p>\n","protected":false},"author":1,"featured_media":98543,"comment_status":"open","ping_status":"open","sticky":false,"template":"","format":"video","meta":{"_acf_changed":false,"footnotes":""},"categories":[803],"tags":[43,536,632,542,530,627,604,562,31,38,33,520,36,552,548,634,588,34,506,42],"class_list":["post-98541","post","type-post","status-publish","format-video","has-post-thumbnail","hentry","category-caretex-tokyo-summer-2026-japan","tag-agriculture-forestry-fishery-and-food","tag-agriculture-forestry-fishery-and-food-2","tag-medical-care-health-6","tag-machinery-industrial-technology-7","tag-machinery-industrial-technology-6","tag-medical-care-health-3","tag-machinery-industrial-technology-5","tag-services-1","tag-information-telecommunication","tag-japan","tag-machinery-industrial-technology","tag-living-4","tag-services","tag-services-3","tag-living-12","tag-services-9","tag-medical-care-health-5","tag-medical-care-health","tag-information-telecommunication-1","tag-living","post_format-post-format-video"],"acf":[],"yoast_head":"<!-- This site is optimized with the Yoast SEO plugin v28.3 - https:\/\/yoast.com\/product\/yoast-seo-wordpress\/ -->\n<title>Tabisuke - Shimada Group [The 3rd CareTEX Tokyo &#039;26 Summer] \u2013 Vid\u00e9o du Salon | WorldTradeShow.TV<\/title>\n<meta name=\"robots\" content=\"index, follow, max-snippet:-1, max-image-preview:large, max-video-preview:-1\" \/>\n<link rel=\"canonical\" href=\"https:\/\/www.worldtradeshow.tv\/french\/video\/caretex-tokyo-summer-2026-japan\/tabisuke-shimada-group-the-3rd-caretex-tokyo-26-summer\/\" \/>\n<meta property=\"og:locale\" content=\"fr_FR\" \/>\n<meta property=\"og:type\" content=\"article\" \/>\n<meta property=\"og:title\" content=\"Tabisuke - Shimada Group [The 3rd CareTEX Tokyo &#039;26 Summer] \u2013 Vid\u00e9o du Salon | WorldTradeShow.TV\" \/>\n<meta property=\"og:description\" content=\"La soci\u00e9t\u00e9 Shimada Travel Partners Co., Ltd. a pr\u00e9sent\u00e9 \u00ab Tabisuke \u00bb, son service de voyage adapt\u00e9, lors du salon CareTEX Tokyo 2026 Summer. Sp\u00e9cialis\u00e9e dans les voyages accessibles, elle propose principalement des excursions \u00e0 la journ\u00e9e pour les pe\u2026\" \/>\n<meta property=\"og:url\" content=\"https:\/\/www.worldtradeshow.tv\/french\/video\/caretex-tokyo-summer-2026-japan\/tabisuke-shimada-group-the-3rd-caretex-tokyo-26-summer\/\" \/>\n<meta property=\"og:site_name\" content=\"Vid\u00e9os de Salons Internationaux et Nouveaux Produits \u2013 WorldTradeShow.TV\" \/>\n<meta property=\"article:publisher\" content=\"https:\/\/www.facebook.com\/tenji.tv\" \/>\n<meta property=\"article:published_time\" content=\"2026-08-27T05:59:24+00:00\" \/>\n<meta property=\"article:modified_time\" content=\"2026-09-01T01:23:57+00:00\" \/>\n<meta property=\"og:image\" content=\"https:\/\/www.worldtradeshow.tv\/french\/wp-content\/uploads\/2026\/08\/maxresdefault-60.jpg\" \/>\n\t<meta property=\"og:image:width\" content=\"1280\" \/>\n\t<meta property=\"og:image:height\" content=\"720\" \/>\n\t<meta property=\"og:image:type\" content=\"image\/jpeg\" \/>\n<meta name=\"author\" content=\"user\" \/>\n<meta name=\"twitter:card\" content=\"summary_large_image\" \/>\n<meta name=\"twitter:creator\" content=\"@tenjitv\" \/>\n<meta name=\"twitter:site\" content=\"@tenjitv\" \/>\n<meta name=\"twitter:label1\" content=\"\u00c9crit par\" \/>\n\t<meta name=\"twitter:data1\" content=\"user\" \/>\n\t<meta name=\"twitter:label2\" content=\"Dur\u00e9e de lecture estim\u00e9e\" \/>\n\t<meta name=\"twitter:data2\" content=\"3 minutes\" \/>\n<script type=\"application\/ld+json\" class=\"yoast-schema-graph\">{\"@context\":\"https:\\\/\\\/schema.org\",\"@graph\":[{\"@type\":\"Article\",\"@id\":\"https:\\\/\\\/www.worldtradeshow.tv\\\/french\\\/video\\\/caretex-tokyo-summer-2026-japan\\\/tabisuke-shimada-group-the-3rd-caretex-tokyo-26-summer\\\/#article\",\"isPartOf\":{\"@id\":\"https:\\\/\\\/www.worldtradeshow.tv\\\/french\\\/video\\\/caretex-tokyo-summer-2026-japan\\\/tabisuke-shimada-group-the-3rd-caretex-tokyo-26-summer\\\/\"},\"author\":{\"name\":\"user\",\"@id\":\"https:\\\/\\\/www.worldtradeshow.tv\\\/french\\\/#\\\/schema\\\/person\\\/a9d7eceb3b29066a8084fc2872dbed3f\"},\"headline\":\"Tabisuke - Shimada Group [The 3rd CareTEX Tokyo '26 Summer]\",\"datePublished\":\"2026-08-27T05:59:24+00:00\",\"dateModified\":\"2026-09-01T01:23:57+00:00\",\"mainEntityOfPage\":{\"@id\":\"https:\\\/\\\/www.worldtradeshow.tv\\\/french\\\/video\\\/caretex-tokyo-summer-2026-japan\\\/tabisuke-shimada-group-the-3rd-caretex-tokyo-26-summer\\\/\"},\"wordCount\":605,\"commentCount\":0,\"image\":{\"@id\":\"https:\\\/\\\/www.worldtradeshow.tv\\\/french\\\/video\\\/caretex-tokyo-summer-2026-japan\\\/tabisuke-shimada-group-the-3rd-caretex-tokyo-26-summer\\\/#primaryimage\"},\"thumbnailUrl\":\"https:\\\/\\\/www.worldtradeshow.tv\\\/french\\\/wp-content\\\/uploads\\\/2026\\\/08\\\/maxresdefault-60.jpg\",\"keywords\":[\"Agriculture \\\/ For\u00eats \\\/ P\u00eache et nourriture\",\"Aliments et boissons \\\/ Transformation des aliments\",\"Aptitude\",\"Autres machines et \u00e9quipements industriels\",\"\u00c9lectrique et \u00e9lectronique (Produits \\\/ Machines)\",\"\u00c9quipement de bien-\u00eatre et de soins infirmiers \\\/ R\u00e9adaptation\",\"Essais\\\/Mesure et analyse\\\/M\u00e9canique de pr\u00e9cision\",\"H\u00f4tellerie\\\/Restaurant &amp; Restauration\",\"Information \\\/ T\u00e9l\u00e9communication\",\"Japon\",\"Machines \\\/ Technologie industrielle\",\"Meubles et accessoires \\\/ Pi\u00e8ces\",\"Prestations de service\",\"Publicit\u00e9\\\/Marketing\\\/Administration des affaires\",\"S\u00e9curit\u00e9 \\\/ S\u00fbret\u00e9 \\\/ Protection Incendie \\\/ Police \\\/ D\u00e9fense\",\"S\u00e9curit\u00e9 et sant\u00e9 au travail \\\/ Gestion du travail\",\"Soins de sant\u00e9 (\u00e9quipements\\\/produits et services)\",\"Soins m\u00e9dicaux \\\/ Sant\u00e9\",\"T\u00e9l\u00e9communication \\\/ Informatique \\\/ Informatique\",\"Vivant\"],\"articleSection\":[\"The 3rd CareTEX Tokyo '26 Summer\"],\"inLanguage\":\"fr-FR\",\"potentialAction\":[{\"@type\":\"CommentAction\",\"name\":\"Comment\",\"target\":[\"https:\\\/\\\/www.worldtradeshow.tv\\\/french\\\/video\\\/caretex-tokyo-summer-2026-japan\\\/tabisuke-shimada-group-the-3rd-caretex-tokyo-26-summer\\\/#respond\"]}]},{\"@type\":\"WebPage\",\"@id\":\"https:\\\/\\\/www.worldtradeshow.tv\\\/french\\\/video\\\/caretex-tokyo-summer-2026-japan\\\/tabisuke-shimada-group-the-3rd-caretex-tokyo-26-summer\\\/\",\"url\":\"https:\\\/\\\/www.worldtradeshow.tv\\\/french\\\/video\\\/caretex-tokyo-summer-2026-japan\\\/tabisuke-shimada-group-the-3rd-caretex-tokyo-26-summer\\\/\",\"name\":\"Tabisuke - Shimada Group [The 3rd CareTEX Tokyo '26 Summer] \u2013 Vid\u00e9o du Salon | WorldTradeShow.TV\",\"isPartOf\":{\"@id\":\"https:\\\/\\\/www.worldtradeshow.tv\\\/french\\\/#website\"},\"primaryImageOfPage\":{\"@id\":\"https:\\\/\\\/www.worldtradeshow.tv\\\/french\\\/video\\\/caretex-tokyo-summer-2026-japan\\\/tabisuke-shimada-group-the-3rd-caretex-tokyo-26-summer\\\/#primaryimage\"},\"image\":{\"@id\":\"https:\\\/\\\/www.worldtradeshow.tv\\\/french\\\/video\\\/caretex-tokyo-summer-2026-japan\\\/tabisuke-shimada-group-the-3rd-caretex-tokyo-26-summer\\\/#primaryimage\"},\"thumbnailUrl\":\"https:\\\/\\\/www.worldtradeshow.tv\\\/french\\\/wp-content\\\/uploads\\\/2026\\\/08\\\/maxresdefault-60.jpg\",\"datePublished\":\"2026-08-27T05:59:24+00:00\",\"dateModified\":\"2026-09-01T01:23:57+00:00\",\"author\":{\"@id\":\"https:\\\/\\\/www.worldtradeshow.tv\\\/french\\\/#\\\/schema\\\/person\\\/a9d7eceb3b29066a8084fc2872dbed3f\"},\"breadcrumb\":{\"@id\":\"https:\\\/\\\/www.worldtradeshow.tv\\\/french\\\/video\\\/caretex-tokyo-summer-2026-japan\\\/tabisuke-shimada-group-the-3rd-caretex-tokyo-26-summer\\\/#breadcrumb\"},\"inLanguage\":\"fr-FR\",\"potentialAction\":[{\"@type\":\"ReadAction\",\"target\":[\"https:\\\/\\\/www.worldtradeshow.tv\\\/french\\\/video\\\/caretex-tokyo-summer-2026-japan\\\/tabisuke-shimada-group-the-3rd-caretex-tokyo-26-summer\\\/\"]}]},{\"@type\":\"ImageObject\",\"inLanguage\":\"fr-FR\",\"@id\":\"https:\\\/\\\/www.worldtradeshow.tv\\\/french\\\/video\\\/caretex-tokyo-summer-2026-japan\\\/tabisuke-shimada-group-the-3rd-caretex-tokyo-26-summer\\\/#primaryimage\",\"url\":\"https:\\\/\\\/www.worldtradeshow.tv\\\/french\\\/wp-content\\\/uploads\\\/2026\\\/08\\\/maxresdefault-60.jpg\",\"contentUrl\":\"https:\\\/\\\/www.worldtradeshow.tv\\\/french\\\/wp-content\\\/uploads\\\/2026\\\/08\\\/maxresdefault-60.jpg\",\"width\":1280,\"height\":720},{\"@type\":\"BreadcrumbList\",\"@id\":\"https:\\\/\\\/www.worldtradeshow.tv\\\/french\\\/video\\\/caretex-tokyo-summer-2026-japan\\\/tabisuke-shimada-group-the-3rd-caretex-tokyo-26-summer\\\/#breadcrumb\",\"itemListElement\":[{\"@type\":\"ListItem\",\"position\":1,\"name\":\"Accueil\",\"item\":\"https:\\\/\\\/www.worldtradeshow.tv\\\/french\\\/\"},{\"@type\":\"ListItem\",\"position\":2,\"name\":\"Tabisuke - Shimada Group [The 3rd CareTEX Tokyo '26 Summer]\"}]},{\"@type\":\"WebSite\",\"@id\":\"https:\\\/\\\/www.worldtradeshow.tv\\\/french\\\/#website\",\"url\":\"https:\\\/\\\/www.worldtradeshow.tv\\\/french\\\/\",\"name\":\"Vid\u00e9os de Salons Internationaux et Nouveaux Produits \u2013 WorldTradeShow.TV\",\"description\":\"D\u00e9couvrez des vid\u00e9os de salons internationaux et de nouveaux produits en fran\u00e7ais\",\"potentialAction\":[{\"@type\":\"SearchAction\",\"target\":{\"@type\":\"EntryPoint\",\"urlTemplate\":\"https:\\\/\\\/www.worldtradeshow.tv\\\/french\\\/?s={search_term_string}\"},\"query-input\":{\"@type\":\"PropertyValueSpecification\",\"valueRequired\":true,\"valueName\":\"search_term_string\"}}],\"inLanguage\":\"fr-FR\"},{\"@type\":\"Person\",\"@id\":\"https:\\\/\\\/www.worldtradeshow.tv\\\/french\\\/#\\\/schema\\\/person\\\/a9d7eceb3b29066a8084fc2872dbed3f\",\"name\":\"user\",\"image\":{\"@type\":\"ImageObject\",\"inLanguage\":\"fr-FR\",\"@id\":\"https:\\\/\\\/secure.gravatar.com\\\/avatar\\\/b4c9a289323b21a01c3e940f150eb9b8c542587f1abfd8f0e1cc1ffc5e475514?s=96&d=mm&r=g\",\"url\":\"https:\\\/\\\/secure.gravatar.com\\\/avatar\\\/b4c9a289323b21a01c3e940f150eb9b8c542587f1abfd8f0e1cc1ffc5e475514?s=96&d=mm&r=g\",\"contentUrl\":\"https:\\\/\\\/secure.gravatar.com\\\/avatar\\\/b4c9a289323b21a01c3e940f150eb9b8c542587f1abfd8f0e1cc1ffc5e475514?s=96&d=mm&r=g\",\"caption\":\"user\"},\"sameAs\":[\"http:\"]}]}<\/script>\n<meta property=\"og:video\" content=\"https:\/\/www.youtube.com\/embed\/xn0ydpMajyM\" \/>\n<meta property=\"og:video:type\" content=\"text\/html\" \/>\n<meta property=\"og:video:duration\" content=\"60\" \/>\n<meta property=\"og:video:width\" content=\"480\" \/>\n<meta property=\"og:video:height\" content=\"270\" \/>\n<meta property=\"ya:ovs:adult\" content=\"false\" \/>\n<meta property=\"ya:ovs:allow_embed\" content=\"true\" \/>\n<!-- \/ Yoast SEO plugin. -->","yoast_head_json":{"title":"Tabisuke - Shimada Group [The 3rd CareTEX Tokyo '26 Summer] \u2013 Vid\u00e9o du Salon | WorldTradeShow.TV","robots":{"index":"index","follow":"follow","max-snippet":"max-snippet:-1","max-image-preview":"max-image-preview:large","max-video-preview":"max-video-preview:-1"},"canonical":"https:\/\/www.worldtradeshow.tv\/french\/video\/caretex-tokyo-summer-2026-japan\/tabisuke-shimada-group-the-3rd-caretex-tokyo-26-summer\/","og_locale":"fr_FR","og_type":"article","og_title":"Tabisuke - Shimada Group [The 3rd CareTEX Tokyo '26 Summer] \u2013 Vid\u00e9o du Salon | WorldTradeShow.TV","og_description":"La soci\u00e9t\u00e9 Shimada Travel Partners Co., Ltd. a pr\u00e9sent\u00e9 \u00ab Tabisuke \u00bb, son service de voyage adapt\u00e9, lors du salon CareTEX Tokyo 2026 Summer. Sp\u00e9cialis\u00e9e dans les voyages accessibles, elle propose principalement des excursions \u00e0 la journ\u00e9e pour les pe\u2026","og_url":"https:\/\/www.worldtradeshow.tv\/french\/video\/caretex-tokyo-summer-2026-japan\/tabisuke-shimada-group-the-3rd-caretex-tokyo-26-summer\/","og_site_name":"Vid\u00e9os de Salons Internationaux et Nouveaux Produits \u2013 WorldTradeShow.TV","article_publisher":"https:\/\/www.facebook.com\/tenji.tv","article_published_time":"2026-08-27T05:59:24+00:00","article_modified_time":"2026-09-01T01:23:57+00:00","og_image":[{"width":1280,"height":720,"url":"https:\/\/www.worldtradeshow.tv\/french\/wp-content\/uploads\/2026\/08\/maxresdefault-60.jpg","type":"image\/jpeg"}],"author":"user","twitter_card":"summary_large_image","twitter_creator":"@tenjitv","twitter_site":"@tenjitv","twitter_misc":{"\u00c9crit par":"user","Dur\u00e9e de lecture estim\u00e9e":"3 minutes"},"schema":{"@context":"https:\/\/schema.org","@graph":[{"@type":"Article","@id":"https:\/\/www.worldtradeshow.tv\/french\/video\/caretex-tokyo-summer-2026-japan\/tabisuke-shimada-group-the-3rd-caretex-tokyo-26-summer\/#article","isPartOf":{"@id":"https:\/\/www.worldtradeshow.tv\/french\/video\/caretex-tokyo-summer-2026-japan\/tabisuke-shimada-group-the-3rd-caretex-tokyo-26-summer\/"},"author":{"name":"user","@id":"https:\/\/www.worldtradeshow.tv\/french\/#\/schema\/person\/a9d7eceb3b29066a8084fc2872dbed3f"},"headline":"Tabisuke - Shimada Group [The 3rd CareTEX Tokyo '26 Summer]","datePublished":"2026-08-27T05:59:24+00:00","dateModified":"2026-09-01T01:23:57+00:00","mainEntityOfPage":{"@id":"https:\/\/www.worldtradeshow.tv\/french\/video\/caretex-tokyo-summer-2026-japan\/tabisuke-shimada-group-the-3rd-caretex-tokyo-26-summer\/"},"wordCount":605,"commentCount":0,"image":{"@id":"https:\/\/www.worldtradeshow.tv\/french\/video\/caretex-tokyo-summer-2026-japan\/tabisuke-shimada-group-the-3rd-caretex-tokyo-26-summer\/#primaryimage"},"thumbnailUrl":"https:\/\/www.worldtradeshow.tv\/french\/wp-content\/uploads\/2026\/08\/maxresdefault-60.jpg","keywords":["Agriculture \/ For\u00eats \/ P\u00eache et nourriture","Aliments et boissons \/ Transformation des aliments","Aptitude","Autres machines et \u00e9quipements industriels","\u00c9lectrique et \u00e9lectronique (Produits \/ Machines)","\u00c9quipement de bien-\u00eatre et de soins infirmiers \/ R\u00e9adaptation","Essais\/Mesure et analyse\/M\u00e9canique de pr\u00e9cision","H\u00f4tellerie\/Restaurant &amp; Restauration","Information \/ T\u00e9l\u00e9communication","Japon","Machines \/ Technologie industrielle","Meubles et accessoires \/ Pi\u00e8ces","Prestations de service","Publicit\u00e9\/Marketing\/Administration des affaires","S\u00e9curit\u00e9 \/ S\u00fbret\u00e9 \/ Protection Incendie \/ Police \/ D\u00e9fense","S\u00e9curit\u00e9 et sant\u00e9 au travail \/ Gestion du travail","Soins de sant\u00e9 (\u00e9quipements\/produits et services)","Soins m\u00e9dicaux \/ Sant\u00e9","T\u00e9l\u00e9communication \/ Informatique \/ Informatique","Vivant"],"articleSection":["The 3rd CareTEX Tokyo '26 Summer"],"inLanguage":"fr-FR","potentialAction":[{"@type":"CommentAction","name":"Comment","target":["https:\/\/www.worldtradeshow.tv\/french\/video\/caretex-tokyo-summer-2026-japan\/tabisuke-shimada-group-the-3rd-caretex-tokyo-26-summer\/#respond"]}]},{"@type":"WebPage","@id":"https:\/\/www.worldtradeshow.tv\/french\/video\/caretex-tokyo-summer-2026-japan\/tabisuke-shimada-group-the-3rd-caretex-tokyo-26-summer\/","url":"https:\/\/www.worldtradeshow.tv\/french\/video\/caretex-tokyo-summer-2026-japan\/tabisuke-shimada-group-the-3rd-caretex-tokyo-26-summer\/","name":"Tabisuke - Shimada Group [The 3rd CareTEX Tokyo '26 Summer] \u2013 Vid\u00e9o du Salon | WorldTradeShow.TV","isPartOf":{"@id":"https:\/\/www.worldtradeshow.tv\/french\/#website"},"primaryImageOfPage":{"@id":"https:\/\/www.worldtradeshow.tv\/french\/video\/caretex-tokyo-summer-2026-japan\/tabisuke-shimada-group-the-3rd-caretex-tokyo-26-summer\/#primaryimage"},"image":{"@id":"https:\/\/www.worldtradeshow.tv\/french\/video\/caretex-tokyo-summer-2026-japan\/tabisuke-shimada-group-the-3rd-caretex-tokyo-26-summer\/#primaryimage"},"thumbnailUrl":"https:\/\/www.worldtradeshow.tv\/french\/wp-content\/uploads\/2026\/08\/maxresdefault-60.jpg","datePublished":"2026-08-27T05:59:24+00:00","dateModified":"2026-09-01T01:23:57+00:00","author":{"@id":"https:\/\/www.worldtradeshow.tv\/french\/#\/schema\/person\/a9d7eceb3b29066a8084fc2872dbed3f"},"breadcrumb":{"@id":"https:\/\/www.worldtradeshow.tv\/french\/video\/caretex-tokyo-summer-2026-japan\/tabisuke-shimada-group-the-3rd-caretex-tokyo-26-summer\/#breadcrumb"},"inLanguage":"fr-FR","potentialAction":[{"@type":"ReadAction","target":["https:\/\/www.worldtradeshow.tv\/french\/video\/caretex-tokyo-summer-2026-japan\/tabisuke-shimada-group-the-3rd-caretex-tokyo-26-summer\/"]}]},{"@type":"ImageObject","inLanguage":"fr-FR","@id":"https:\/\/www.worldtradeshow.tv\/french\/video\/caretex-tokyo-summer-2026-japan\/tabisuke-shimada-group-the-3rd-caretex-tokyo-26-summer\/#primaryimage","url":"https:\/\/www.worldtradeshow.tv\/french\/wp-content\/uploads\/2026\/08\/maxresdefault-60.jpg","contentUrl":"https:\/\/www.worldtradeshow.tv\/french\/wp-content\/uploads\/2026\/08\/maxresdefault-60.jpg","width":1280,"height":720},{"@type":"BreadcrumbList","@id":"https:\/\/www.worldtradeshow.tv\/french\/video\/caretex-tokyo-summer-2026-japan\/tabisuke-shimada-group-the-3rd-caretex-tokyo-26-summer\/#breadcrumb","itemListElement":[{"@type":"ListItem","position":1,"name":"Accueil","item":"https:\/\/www.worldtradeshow.tv\/french\/"},{"@type":"ListItem","position":2,"name":"Tabisuke - Shimada Group [The 3rd CareTEX Tokyo '26 Summer]"}]},{"@type":"WebSite","@id":"https:\/\/www.worldtradeshow.tv\/french\/#website","url":"https:\/\/www.worldtradeshow.tv\/french\/","name":"Vid\u00e9os de Salons Internationaux et Nouveaux Produits \u2013 WorldTradeShow.TV","description":"D\u00e9couvrez des vid\u00e9os de salons internationaux et de nouveaux produits en fran\u00e7ais","potentialAction":[{"@type":"SearchAction","target":{"@type":"EntryPoint","urlTemplate":"https:\/\/www.worldtradeshow.tv\/french\/?s={search_term_string}"},"query-input":{"@type":"PropertyValueSpecification","valueRequired":true,"valueName":"search_term_string"}}],"inLanguage":"fr-FR"},{"@type":"Person","@id":"https:\/\/www.worldtradeshow.tv\/french\/#\/schema\/person\/a9d7eceb3b29066a8084fc2872dbed3f","name":"user","image":{"@type":"ImageObject","inLanguage":"fr-FR","@id":"https:\/\/secure.gravatar.com\/avatar\/b4c9a289323b21a01c3e940f150eb9b8c542587f1abfd8f0e1cc1ffc5e475514?s=96&d=mm&r=g","url":"https:\/\/secure.gravatar.com\/avatar\/b4c9a289323b21a01c3e940f150eb9b8c542587f1abfd8f0e1cc1ffc5e475514?s=96&d=mm&r=g","contentUrl":"https:\/\/secure.gravatar.com\/avatar\/b4c9a289323b21a01c3e940f150eb9b8c542587f1abfd8f0e1cc1ffc5e475514?s=96&d=mm&r=g","caption":"user"},"sameAs":["http:"]}]},"og_video":"https:\/\/www.youtube.com\/embed\/xn0ydpMajyM","og_video_type":"text\/html","og_video_duration":"60","og_video_width":"480","og_video_height":"270","ya_ovs_adult":"false","ya_ovs_allow_embed":"true"},"cmb2":{"poster_feature_image":{"vid_m_player_background":"on","vid_m_poster_image":"","vid_m_poster_image_id":""},"gif_feature_image":{"vid_m_gif_image":"","vid_m_gif_image_id":""},"video_movie_settings":{"vid_m_director":"","vid_m_actor":"","vid_m_imdb_ratings":"","vid_m_amazon_associates":"","vid_m_vid_tmdb_movie":"","vid_m_vid_tmdb_tv_shows":"","vid_m_vid_tmdb_thumb":"backdrop_sizes"},"vid_ads_m_videoads_settings_post":{"vid_ads_m_video_ads":"","vid_ads_m_video_ads_type":"","vid_ads_m_group_google_ima":"","vid_ads_m_group_image":"","vid_ads_m_group_html5_video":"","vid_ads_m_group_html":"","vid_ads_m_vpaid_mode":"","vid_ads_m_vast_preroll":"","vid_ads_m_vast_postroll":"","vid_ads_m_vast_pauseroll":"","vid_ads_m_vast_midroll":"","vid_ads_m_group_dynamic":"","vid_ads_m_time_to_show_ads":"","vid_ads_m_time_skip_ads":"","vid_ads_m_time_to_hide_ads":""},"feature_image_settings":{"feature_image_position":""},"video_player_settings":{"single_video_style":"","video_player_position":"","vm_video_url_btn_choose":"","vm_video_url_btn_choose_id":"","vm_video_url":"https:\/\/www.youtube.com\/watch?v=xn0ydpMajyM","vm_video_ratio":"16:9","vm_video_ratio_mobile":"16:9","video_player_library":"","plyr_player":"","video_streaming":"","vm_video_shortcode":"","vm_video_timelapse":"","vm_media_subtitles":"","vm_media_sources":"","vid_vtt_preview":"","vid_vtt_preview_vtt_file":"","vid_vtt_preview_vtt_file_id":"","vid_vtt_preview_sprite_image":"","vid_vtt_preview_sprite_image_id":"","vid_auto_play":"","vid_preview_mode":"","vm_video_trailer_manl_url":"","vm_screenshot_preview":"","vid_tags":"","vid_p_sync_playlist":"","vid_c_sync_channel":"","get_post_format":"","multiple_links_structure":"default","multi_links_title":"","original_video_title":"","multi_links_series":"","vm_video_multi_links":"","vm_duration":"","vid_social_locker":"","vid_locker_mode":"social","vid_social_locker_id":"","vid_social_email_locker_id":"","vid_social_signin_locker_id":"","sv_login_to_watch":"","vid_membership_action":"content-video","vm_video_trailer_url":"","vid_download_type":"free","vid_download_target":"download","vid_woo_product":"","vid_download_mode":"","vid_download_mode_trailer":"","vm_media_download":"","user_rating":"","user_rating_position":"","user_rating_mode":"","user_rating_multi_sets":"","ads_above_single_player":""},"video_auto_fetch_settings":{"vm_video_fetch":"on"},"video_fake_views_likes":{"vm_fake_views":"","vm_fake_likes":"","vm_fake_dislikes":""},"gallery_settings":{"gallery_position":""},"quote_settings":{"quote_position":""},"post_options":{"main_layout":"","main_logo":"","main_logo_id":"","main_logo_retina":"","main_logo_retina_id":"","main_logo_mobile":"","main_logo_mobile_id":"","main_logo_mobile_retina":"","main_logo_mobile_retina_id":"","sticky_logo":"","sticky_logo_id":"","sticky_logo_retina":"","sticky_logo_retina_id":"","main_nav_layout":"","header_background":"","theme_sidebar":"","single_post_comment_type":"","theme_background":""}},"_links":{"self":[{"href":"https:\/\/www.worldtradeshow.tv\/french\/wp-json\/wp\/v2\/posts\/98541","targetHints":{"allow":["GET"]}}],"collection":[{"href":"https:\/\/www.worldtradeshow.tv\/french\/wp-json\/wp\/v2\/posts"}],"about":[{"href":"https:\/\/www.worldtradeshow.tv\/french\/wp-json\/wp\/v2\/types\/post"}],"author":[{"embeddable":true,"href":"https:\/\/www.worldtradeshow.tv\/french\/wp-json\/wp\/v2\/users\/1"}],"replies":[{"embeddable":true,"href":"https:\/\/www.worldtradeshow.tv\/french\/wp-json\/wp\/v2\/comments?post=98541"}],"version-history":[{"count":1,"href":"https:\/\/www.worldtradeshow.tv\/french\/wp-json\/wp\/v2\/posts\/98541\/revisions"}],"predecessor-version":[{"id":98542,"href":"https:\/\/www.worldtradeshow.tv\/french\/wp-json\/wp\/v2\/posts\/98541\/revisions\/98542"}],"wp:featuredmedia":[{"embeddable":true,"href":"https:\/\/www.worldtradeshow.tv\/french\/wp-json\/wp\/v2\/media\/98543"}],"wp:attachment":[{"href":"https:\/\/www.worldtradeshow.tv\/french\/wp-json\/wp\/v2\/media?parent=98541"}],"wp:term":[{"taxonomy":"category","embeddable":true,"href":"https:\/\/www.worldtradeshow.tv\/french\/wp-json\/wp\/v2\/categories?post=98541"},{"taxonomy":"post_tag","embeddable":true,"href":"https:\/\/www.worldtradeshow.tv\/french\/wp-json\/wp\/v2\/tags?post=98541"}],"curies":[{"name":"wp","href":"https:\/\/api.w.org\/{rel}","templated":true}]}}