{"id":98393,"date":"2026-08-14T04:10:01","date_gmt":"2026-08-14T04:10:01","guid":{"rendered":"https:\/\/www.worldtradeshow.tv\/french\/?p=98393"},"modified":"2026-08-25T05:43:54","modified_gmt":"2026-08-25T05:43:54","slug":"business-use-electric-motorcycle-l-noa-misaki-caferes-japan-2026","status":"publish","type":"post","link":"https:\/\/www.worldtradeshow.tv\/french\/video\/caferes-japan-2026-japan\/business-use-electric-motorcycle-l-noa-misaki-caferes-japan-2026\/","title":{"rendered":"Motocyclette \u00e9lectrique \u00e0 usage professionnel L-noa - Misaki [CAFERES JAPAN 2026]"},"content":{"rendered":"<div class=\"entry-content \">\n<blockquote class=\"wp-block-quote\">\n<p>Dans les secteurs de la logistique et de la livraison de repas, la gestion du \u00ab\u00a0dernier kilom\u00e8tre\u00a0\u00bb pr\u00e9sente des d\u00e9fis majeurs, tels que la r\u00e9duction des co\u00fbts d&#8217;entretien des flottes, la diminution des \u00e9missions polluantes et la lutte contre les nuisances sonores urbaines. L&#8217;utilisation intensive et quotidienne des v\u00e9hicules exige une grande robustesse et une rentabilit\u00e9 optimale.<br \/>Lors de l&#8217;exposition, Misaki Future Electronics Co., Ltd. a mis l&#8217;accent sur la mobilit\u00e9 commerciale DX, en pr\u00e9sentant sa moto \u00e9lectrique commerciale sp\u00e9cialis\u00e9e \u00ab\u00a0L-noa\u00a0\u00bb, con\u00e7ue sp\u00e9cifiquement pour r\u00e9sister aux conditions difficiles des livraisons quotidiennes. Fond\u00e9e en 2024, l&#8217;entreprise se sp\u00e9cialise dans le d\u00e9veloppement et la distribution de solutions de mobilit\u00e9 \u00e9lectrique commerciale, en privil\u00e9giant une approche ax\u00e9e sur le terrain.<br \/>Sur leur stand, ils ont pr\u00e9sent\u00e9 le L-noa\u00a0: motorisation \u00e9lectrique silencieuse, \u00e9conomies de co\u00fbts, capacit\u00e9 de chargement impressionnante et structure renforc\u00e9e. Ils ont d\u00e9montr\u00e9 les avantages \u00e9conomiques \u00e0 long terme du v\u00e9hicule \u00e0 l&#8217;aide de donn\u00e9es claires. Cette solution est con\u00e7ue pour les transporteurs, les entreprises de logistique et les d\u00e9taillants soucieux d&#8217;optimiser leurs livraisons et de r\u00e9duire leur empreinte carbone.<\/p>\n<\/blockquote>\n<div class=\"video-summary-grid\">\n<div class=\"summary-card\">\n<h3>D\u00e9fis r\u00e9solus<\/h3>\n<ul>\n<li><a href=\"\/french\/?s=R%C3%A9duction%20des%20co%C3%BBts%20et%20des%20frais%20d%27entretien%20de%20la%20flotte&#038;post_type=post\">R\u00e9duction des co\u00fbts et des frais d&#8217;entretien de la flotte<\/a><\/li>\n<li><a href=\"\/french\/?s=Att%C3%A9nuation%20des%20nuisances%20environnementales%20et%20sonores%20pour%20le%20dernier%20kilom%C3%A8tre&#038;post_type=post\">Att\u00e9nuation des nuisances environnementales et sonores pour le dernier kilom\u00e8tre<\/a><\/li>\n<li><a href=\"\/french\/?s=Concilier%20capacit%C3%A9%20de%20chargement%20et%20robustesse%20%C3%A0%20toute%20%C3%A9preuve&#038;post_type=post\">Concilier capacit\u00e9 de chargement et robustesse \u00e0 toute \u00e9preuve<\/a><\/li>\n<\/ul>\n<\/div>\n<div class=\"summary-card\">\n<h3>Solutions<\/h3>\n<ul>\n<li><a href=\"\/french\/?s=Motocyclette%20%C3%A9lectrique%20commerciale%20L-noa&#038;post_type=post\">Motocyclette \u00e9lectrique commerciale L-noa<\/a><\/li>\n<li><a href=\"\/french\/?s=D%C3%A9veloppement%20de%20la%20mobilit%C3%A9%20%C3%A9lectrique%20pour%20les%20flottes%20de%20livraison&#038;post_type=post\">D\u00e9veloppement de la mobilit\u00e9 \u00e9lectrique pour les flottes de livraison<\/a><\/li>\n<li><a href=\"\/french\/?s=Soutien%20%C3%A0%20l%27efficacit%C3%A9%20de%20la%20livraison%20du%20dernier%20kilom%C3%A8tre&#038;post_type=post\">Soutien \u00e0 l&#8217;efficacit\u00e9 de la livraison du dernier kilom\u00e8tre<\/a><\/li>\n<\/ul>\n<\/div>\n<div class=\"summary-card\">\n<h3>Clients cibles<\/h3>\n<ul>\n<li><a href=\"\/french\/?s=Livraison%20de%20repas%20et%20cha%C3%AEnes%20de%20restaurants&#038;post_type=post\">Livraison de repas et cha\u00eenes de restaurants<\/a><\/li>\n<li><a href=\"\/french\/?s=Distributeurs%20de%20services%20postaux%2C%20de%20messagerie%20et%20de%20journaux&#038;post_type=post\">Distributeurs de services postaux, de messagerie et de journaux<\/a><\/li>\n<li><a href=\"\/french\/?s=divisions%20logistiques%20internes%20de%20l%27entreprise&#038;post_type=post\">divisions logistiques internes de l&#8217;entreprise<\/a><\/li>\n<\/ul>\n<\/div>\n<\/div>\n<div class=\"video-faq\">\n<h3 class=\"faq-heading\">FAQ<\/h3>\n<details class=\"faq-item\">\n<summary>Quel est le principal atout de Misaki Future Electronics Co., Ltd. ?<\/summary>\n<div class=\"faq-answer\">Bien que leur cr\u00e9ation soit r\u00e9cente (en 2024), leur principal atout r\u00e9side dans leur connaissance approfondie des r\u00e9alit\u00e9s difficiles de la livraison du dernier kilom\u00e8tre, avec la cr\u00e9ation de v\u00e9hicules \u00e9lectriques d\u00e9di\u00e9s, optimis\u00e9s pour une utilisation pratique, de faibles co\u00fbts d&#8217;exploitation et un espace de chargement important.<\/div>\n<\/details>\n<details class=\"faq-item\">\n<summary>Quelles sont les principales caract\u00e9ristiques de la moto \u00ab L-noa \u00bb ?<\/summary>\n<div class=\"faq-answer\">Il s&#8217;agit d&#8217;un v\u00e9hicule \u00e9lectrique commercial offrant un fonctionnement silencieux, un ch\u00e2ssis robuste con\u00e7u pour un usage quotidien intensif et un large porte-bagages arri\u00e8re, r\u00e9duisant consid\u00e9rablement les co\u00fbts d&#8217;exploitation de la flotte.<\/div>\n<\/details>\n<details class=\"faq-item\">\n<summary>Les entreprises peuvent-elles demander des essais ou des conseils concernant l&#8217;adoption d&#8217;une flotte\u00a0?<\/summary>\n<div class=\"faq-answer\">Oui, ils accordent une grande importance aux tests en conditions r\u00e9elles et acceptent les demandes de renseignements concernant les co\u00fbts initiaux, les personnalisations de flotte et les ajustements pratiques pour les itin\u00e9raires de livraison.<\/div>\n<\/details>\n<\/div>\n<details class=\"video-transcript\">\n<summary>Voir la transcription vid\u00e9o<\/summary>\n<div class=\"transcript-content\">Nous sommes Misaki Mirai Electronics Co., Ltd. Nous vendons des motos \u00e9lectriques \u00e0 usage commercial. Les avantages des motos \u00e9lectriques incluent de faibles co\u00fbts d&#8217;utilisation et une faible pollution sonore, avec moins de vibrations que les motos \u00e0 essence. Elles sont sp\u00e9cialement con\u00e7ues pour un usage commercial. Il est ainsi possible d&#8217;y fixer un grand panier avant et un coffre arri\u00e8re. Les entreprises de livraison de journaux les utilisent d\u00e9j\u00e0, et nous avons r\u00e9cemment d\u00e9velopp\u00e9 un mod\u00e8le adapt\u00e9 au secteur de l&#8217;alimentation et des boissons pour la livraison de produits alimentaires. Si vous \u00eates int\u00e9ress\u00e9, n&#8217;h\u00e9sitez pas \u00e0 nous contacter.<\/div>\n<\/details>\n<h2>Renseignez-vous via le lien ci-dessous<\/h2>\n<div class=\"company-profile-section\">\n<div class=\"company-shot\">\n<div class=\"browser-shot\"><a href=\"https:\/\/misaki.co.jp\/\" target=\"_blank\" rel=\"noopener\"><img decoding=\"async\" src=\"https:\/\/s.wordpress.com\/mshots\/v1\/https%3A%2F%2Fmisaki.co.jp%2F?w=1200\" alt=\"Capture d'\u00e9cran du site officiel de Misaki Future Electronics Co., Ltd.\" loading=\"lazy\"><\/a><\/div>\n<\/div>\n<div class=\"company-info\">\n<h3 class=\"company-name\">Misaki Future Electronics Co., Ltd.<\/h3>\n<ul class=\"company-meta\">\n<li><span class=\"label\">Quartier g\u00e9n\u00e9ral<\/span> <span class=\"value\">2F Shibuya Center Place, 1-16-3 Dogenzaka, Shibuya-ku, Tokyo, Japon<\/span><\/li>\n<li><span class=\"label\">\u00c9tabli<\/span> <span class=\"value\">2024<\/span><\/li>\n<li><span class=\"label\">Employ\u00e9s<\/span> <span class=\"value\">9<\/span><\/li>\n<li><span class=\"label\">Site officiel<\/span> <span class=\"value\"><a href=\"https:\/\/misaki.co.jp\/\" target=\"_blank\" rel=\"noopener\">https:\/\/misaki.co.jp\/<\/a><\/span><\/li>\n<li><span class=\"label\">Domaine d&#8217;activit\u00e9<\/span> <span class=\"value\">D\u00e9veloppement, assemblage et vente de motos \u00e9lectriques commerciales (mobilit\u00e9 VE) pour les op\u00e9rations de livraison<\/span><\/li>\n<li><span class=\"label\">Principaux produits\/services<\/span> <span class=\"value\">Motocyclette \u00e9lectrique commerciale \u00ab L-noa \u00bb, syst\u00e8mes de flottes de livraison de v\u00e9hicules \u00e9lectriques<\/span><\/li>\n<\/ul>\n<\/div>\n<\/div>\n<\/div>\n","protected":false},"excerpt":{"rendered":"<p>Dans les secteurs de la logistique et de la livraison de repas, la gestion du \u00ab dernier kilom\u00e8tre \u00bb pr\u00e9sente des d\u00e9fis majeurs, tels que la r\u00e9duction des co\u00fbts d&#8217;entretien des flottes, la diminution des \u00e9missions polluantes et la lutte contre les nui\u2026<\/p>\n","protected":false},"author":1,"featured_media":98509,"comment_status":"open","ping_status":"open","sticky":false,"template":"","format":"video","meta":{"_acf_changed":false,"footnotes":""},"categories":[800],"tags":[43,536,522,542,568,562,31,38,33,36,552,588,34,543,506,37],"class_list":["post-98393","post","type-post","status-publish","format-video","has-post-thumbnail","hentry","category-caferes-japan-2026-japan","tag-agriculture-forestry-fishery-and-food","tag-agriculture-forestry-fishery-and-food-2","tag-services-2","tag-machinery-industrial-technology-7","tag-transportation-logistics-packaging-9","tag-services-1","tag-information-telecommunication","tag-japan","tag-machinery-industrial-technology","tag-services","tag-services-3","tag-medical-care-health-5","tag-medical-care-health","tag-machinery-industrial-technology-8","tag-information-telecommunication-1","tag-transportation-logistics-packaging","post_format-post-format-video"],"acf":[],"yoast_head":"<!-- This site is optimized with the Yoast SEO plugin v28.3 - https:\/\/yoast.com\/product\/yoast-seo-wordpress\/ -->\n<title>Motocyclette \u00e9lectrique \u00e0 usage professionnel L-noa - Misaki [CAFERES JAPAN 2026] \u2013 Vid\u00e9o du Salon | WorldTradeShow.TV<\/title>\n<meta name=\"robots\" content=\"index, follow, max-snippet:-1, max-image-preview:large, max-video-preview:-1\" \/>\n<link rel=\"canonical\" href=\"https:\/\/www.worldtradeshow.tv\/french\/video\/caferes-japan-2026-japan\/business-use-electric-motorcycle-l-noa-misaki-caferes-japan-2026\/\" \/>\n<meta property=\"og:locale\" content=\"fr_FR\" \/>\n<meta property=\"og:type\" content=\"article\" \/>\n<meta property=\"og:title\" content=\"Motocyclette \u00e9lectrique \u00e0 usage professionnel L-noa - Misaki [CAFERES JAPAN 2026] \u2013 Vid\u00e9o du Salon | WorldTradeShow.TV\" \/>\n<meta property=\"og:description\" content=\"Dans les secteurs de la logistique et de la livraison de repas, la gestion du \u00ab dernier kilom\u00e8tre \u00bb pr\u00e9sente des d\u00e9fis majeurs, tels que la r\u00e9duction des co\u00fbts d&#039;entretien des flottes, la diminution des \u00e9missions polluantes et la lutte contre les nui\u2026\" \/>\n<meta property=\"og:url\" content=\"https:\/\/www.worldtradeshow.tv\/french\/video\/caferes-japan-2026-japan\/business-use-electric-motorcycle-l-noa-misaki-caferes-japan-2026\/\" \/>\n<meta property=\"og:site_name\" content=\"Vid\u00e9os de Salons Internationaux et Nouveaux Produits \u2013 WorldTradeShow.TV\" \/>\n<meta property=\"article:publisher\" content=\"https:\/\/www.facebook.com\/tenji.tv\" \/>\n<meta property=\"article:published_time\" content=\"2026-08-14T04:10:01+00:00\" \/>\n<meta property=\"article:modified_time\" content=\"2026-08-25T05:43:54+00:00\" \/>\n<meta property=\"og:image\" content=\"https:\/\/www.worldtradeshow.tv\/french\/wp-content\/uploads\/2026\/08\/maxresdefault-17.jpg\" \/>\n\t<meta property=\"og:image:width\" content=\"1280\" \/>\n\t<meta property=\"og:image:height\" content=\"720\" \/>\n\t<meta property=\"og:image:type\" content=\"image\/jpeg\" \/>\n<meta name=\"author\" content=\"user\" \/>\n<meta name=\"twitter:card\" content=\"summary_large_image\" \/>\n<meta name=\"twitter:creator\" content=\"@tenjitv\" \/>\n<meta name=\"twitter:site\" content=\"@tenjitv\" \/>\n<meta name=\"twitter:label1\" content=\"\u00c9crit par\" \/>\n\t<meta name=\"twitter:data1\" content=\"user\" \/>\n\t<meta name=\"twitter:label2\" content=\"Dur\u00e9e de lecture estim\u00e9e\" \/>\n\t<meta name=\"twitter:data2\" content=\"3 minutes\" \/>\n<script type=\"application\/ld+json\" class=\"yoast-schema-graph\">{\"@context\":\"https:\\\/\\\/schema.org\",\"@graph\":[{\"@type\":\"Article\",\"@id\":\"https:\\\/\\\/www.worldtradeshow.tv\\\/french\\\/video\\\/caferes-japan-2026-japan\\\/business-use-electric-motorcycle-l-noa-misaki-caferes-japan-2026\\\/#article\",\"isPartOf\":{\"@id\":\"https:\\\/\\\/www.worldtradeshow.tv\\\/french\\\/video\\\/caferes-japan-2026-japan\\\/business-use-electric-motorcycle-l-noa-misaki-caferes-japan-2026\\\/\"},\"author\":{\"name\":\"user\",\"@id\":\"https:\\\/\\\/www.worldtradeshow.tv\\\/french\\\/#\\\/schema\\\/person\\\/a9d7eceb3b29066a8084fc2872dbed3f\"},\"headline\":\"Motocyclette \u00e9lectrique \u00e0 usage professionnel L-noa - Misaki [CAFERES JAPAN 2026]\",\"datePublished\":\"2026-08-14T04:10:01+00:00\",\"dateModified\":\"2026-08-25T05:43:54+00:00\",\"mainEntityOfPage\":{\"@id\":\"https:\\\/\\\/www.worldtradeshow.tv\\\/french\\\/video\\\/caferes-japan-2026-japan\\\/business-use-electric-motorcycle-l-noa-misaki-caferes-japan-2026\\\/\"},\"wordCount\":666,\"commentCount\":0,\"image\":{\"@id\":\"https:\\\/\\\/www.worldtradeshow.tv\\\/french\\\/video\\\/caferes-japan-2026-japan\\\/business-use-electric-motorcycle-l-noa-misaki-caferes-japan-2026\\\/#primaryimage\"},\"thumbnailUrl\":\"https:\\\/\\\/www.worldtradeshow.tv\\\/french\\\/wp-content\\\/uploads\\\/2026\\\/08\\\/maxresdefault-47.jpg\",\"keywords\":[\"Agriculture \\\/ For\u00eats \\\/ P\u00eache et nourriture\",\"Aliments et boissons \\\/ Transformation des aliments\",\"Am\u00e9nagement et \u00e9quipement de magasin \\\/ Pr\u00e9sentoir\",\"Autres machines et \u00e9quipements industriels\",\"Emballage (Mat\u00e9riaux \\\/ Machines et \u00e9quipements)\",\"H\u00f4tellerie\\\/Restaurant &amp; Restauration\",\"Information \\\/ T\u00e9l\u00e9communication\",\"Japon\",\"Machines \\\/ Technologie industrielle\",\"Prestations de service\",\"Publicit\u00e9\\\/Marketing\\\/Administration des affaires\",\"Soins de sant\u00e9 (\u00e9quipements\\\/produits et services)\",\"Soins m\u00e9dicaux \\\/ Sant\u00e9\",\"Technologie et ing\u00e9nierie de fabrication\",\"T\u00e9l\u00e9communication \\\/ Informatique \\\/ Informatique\",\"Transport \\\/ Logistique \\\/ Emballage\"],\"articleSection\":[\"CAFERES JAPAN 2026\"],\"inLanguage\":\"fr-FR\",\"potentialAction\":[{\"@type\":\"CommentAction\",\"name\":\"Comment\",\"target\":[\"https:\\\/\\\/www.worldtradeshow.tv\\\/french\\\/video\\\/caferes-japan-2026-japan\\\/business-use-electric-motorcycle-l-noa-misaki-caferes-japan-2026\\\/#respond\"]}]},{\"@type\":\"WebPage\",\"@id\":\"https:\\\/\\\/www.worldtradeshow.tv\\\/french\\\/video\\\/caferes-japan-2026-japan\\\/business-use-electric-motorcycle-l-noa-misaki-caferes-japan-2026\\\/\",\"url\":\"https:\\\/\\\/www.worldtradeshow.tv\\\/french\\\/video\\\/caferes-japan-2026-japan\\\/business-use-electric-motorcycle-l-noa-misaki-caferes-japan-2026\\\/\",\"name\":\"Motocyclette \u00e9lectrique \u00e0 usage professionnel L-noa - Misaki [CAFERES JAPAN 2026] \u2013 Vid\u00e9o du Salon | WorldTradeShow.TV\",\"isPartOf\":{\"@id\":\"https:\\\/\\\/www.worldtradeshow.tv\\\/french\\\/#website\"},\"primaryImageOfPage\":{\"@id\":\"https:\\\/\\\/www.worldtradeshow.tv\\\/french\\\/video\\\/caferes-japan-2026-japan\\\/business-use-electric-motorcycle-l-noa-misaki-caferes-japan-2026\\\/#primaryimage\"},\"image\":{\"@id\":\"https:\\\/\\\/www.worldtradeshow.tv\\\/french\\\/video\\\/caferes-japan-2026-japan\\\/business-use-electric-motorcycle-l-noa-misaki-caferes-japan-2026\\\/#primaryimage\"},\"thumbnailUrl\":\"https:\\\/\\\/www.worldtradeshow.tv\\\/french\\\/wp-content\\\/uploads\\\/2026\\\/08\\\/maxresdefault-47.jpg\",\"datePublished\":\"2026-08-14T04:10:01+00:00\",\"dateModified\":\"2026-08-25T05:43:54+00:00\",\"author\":{\"@id\":\"https:\\\/\\\/www.worldtradeshow.tv\\\/french\\\/#\\\/schema\\\/person\\\/a9d7eceb3b29066a8084fc2872dbed3f\"},\"breadcrumb\":{\"@id\":\"https:\\\/\\\/www.worldtradeshow.tv\\\/french\\\/video\\\/caferes-japan-2026-japan\\\/business-use-electric-motorcycle-l-noa-misaki-caferes-japan-2026\\\/#breadcrumb\"},\"inLanguage\":\"fr-FR\",\"potentialAction\":[{\"@type\":\"ReadAction\",\"target\":[\"https:\\\/\\\/www.worldtradeshow.tv\\\/french\\\/video\\\/caferes-japan-2026-japan\\\/business-use-electric-motorcycle-l-noa-misaki-caferes-japan-2026\\\/\"]}]},{\"@type\":\"ImageObject\",\"inLanguage\":\"fr-FR\",\"@id\":\"https:\\\/\\\/www.worldtradeshow.tv\\\/french\\\/video\\\/caferes-japan-2026-japan\\\/business-use-electric-motorcycle-l-noa-misaki-caferes-japan-2026\\\/#primaryimage\",\"url\":\"https:\\\/\\\/www.worldtradeshow.tv\\\/french\\\/wp-content\\\/uploads\\\/2026\\\/08\\\/maxresdefault-47.jpg\",\"contentUrl\":\"https:\\\/\\\/www.worldtradeshow.tv\\\/french\\\/wp-content\\\/uploads\\\/2026\\\/08\\\/maxresdefault-47.jpg\",\"width\":1280,\"height\":720},{\"@type\":\"BreadcrumbList\",\"@id\":\"https:\\\/\\\/www.worldtradeshow.tv\\\/french\\\/video\\\/caferes-japan-2026-japan\\\/business-use-electric-motorcycle-l-noa-misaki-caferes-japan-2026\\\/#breadcrumb\",\"itemListElement\":[{\"@type\":\"ListItem\",\"position\":1,\"name\":\"Accueil\",\"item\":\"https:\\\/\\\/www.worldtradeshow.tv\\\/french\\\/\"},{\"@type\":\"ListItem\",\"position\":2,\"name\":\"Motocyclette \u00e9lectrique \u00e0 usage professionnel L-noa - Misaki [CAFERES JAPAN 2026]\"}]},{\"@type\":\"WebSite\",\"@id\":\"https:\\\/\\\/www.worldtradeshow.tv\\\/french\\\/#website\",\"url\":\"https:\\\/\\\/www.worldtradeshow.tv\\\/french\\\/\",\"name\":\"Vid\u00e9os de Salons Internationaux et Nouveaux Produits \u2013 WorldTradeShow.TV\",\"description\":\"D\u00e9couvrez des vid\u00e9os de salons internationaux et de nouveaux produits en fran\u00e7ais\",\"potentialAction\":[{\"@type\":\"SearchAction\",\"target\":{\"@type\":\"EntryPoint\",\"urlTemplate\":\"https:\\\/\\\/www.worldtradeshow.tv\\\/french\\\/?s={search_term_string}\"},\"query-input\":{\"@type\":\"PropertyValueSpecification\",\"valueRequired\":true,\"valueName\":\"search_term_string\"}}],\"inLanguage\":\"fr-FR\"},{\"@type\":\"Person\",\"@id\":\"https:\\\/\\\/www.worldtradeshow.tv\\\/french\\\/#\\\/schema\\\/person\\\/a9d7eceb3b29066a8084fc2872dbed3f\",\"name\":\"user\",\"image\":{\"@type\":\"ImageObject\",\"inLanguage\":\"fr-FR\",\"@id\":\"https:\\\/\\\/secure.gravatar.com\\\/avatar\\\/b4c9a289323b21a01c3e940f150eb9b8c542587f1abfd8f0e1cc1ffc5e475514?s=96&d=mm&r=g\",\"url\":\"https:\\\/\\\/secure.gravatar.com\\\/avatar\\\/b4c9a289323b21a01c3e940f150eb9b8c542587f1abfd8f0e1cc1ffc5e475514?s=96&d=mm&r=g\",\"contentUrl\":\"https:\\\/\\\/secure.gravatar.com\\\/avatar\\\/b4c9a289323b21a01c3e940f150eb9b8c542587f1abfd8f0e1cc1ffc5e475514?s=96&d=mm&r=g\",\"caption\":\"user\"},\"sameAs\":[\"http:\"]}]}<\/script>\n<meta property=\"og:video\" content=\"https:\/\/www.youtube.com\/embed\/ICCmiAMEAfw\" \/>\n<meta property=\"og:video:type\" content=\"text\/html\" \/>\n<meta property=\"og:video:duration\" content=\"49\" \/>\n<meta property=\"og:video:width\" content=\"480\" \/>\n<meta property=\"og:video:height\" content=\"270\" \/>\n<meta property=\"ya:ovs:adult\" content=\"false\" \/>\n<meta property=\"ya:ovs:allow_embed\" content=\"true\" \/>\n<!-- \/ Yoast SEO plugin. -->","yoast_head_json":{"title":"Motocyclette \u00e9lectrique \u00e0 usage professionnel L-noa - Misaki [CAFERES JAPAN 2026] \u2013 Vid\u00e9o du Salon | WorldTradeShow.TV","robots":{"index":"index","follow":"follow","max-snippet":"max-snippet:-1","max-image-preview":"max-image-preview:large","max-video-preview":"max-video-preview:-1"},"canonical":"https:\/\/www.worldtradeshow.tv\/french\/video\/caferes-japan-2026-japan\/business-use-electric-motorcycle-l-noa-misaki-caferes-japan-2026\/","og_locale":"fr_FR","og_type":"article","og_title":"Motocyclette \u00e9lectrique \u00e0 usage professionnel L-noa - Misaki [CAFERES JAPAN 2026] \u2013 Vid\u00e9o du Salon | WorldTradeShow.TV","og_description":"Dans les secteurs de la logistique et de la livraison de repas, la gestion du \u00ab dernier kilom\u00e8tre \u00bb pr\u00e9sente des d\u00e9fis majeurs, tels que la r\u00e9duction des co\u00fbts d'entretien des flottes, la diminution des \u00e9missions polluantes et la lutte contre les nui\u2026","og_url":"https:\/\/www.worldtradeshow.tv\/french\/video\/caferes-japan-2026-japan\/business-use-electric-motorcycle-l-noa-misaki-caferes-japan-2026\/","og_site_name":"Vid\u00e9os de Salons Internationaux et Nouveaux Produits \u2013 WorldTradeShow.TV","article_publisher":"https:\/\/www.facebook.com\/tenji.tv","article_published_time":"2026-08-14T04:10:01+00:00","article_modified_time":"2026-08-25T05:43:54+00:00","og_image":[{"width":1280,"height":720,"url":"https:\/\/www.worldtradeshow.tv\/french\/wp-content\/uploads\/2026\/08\/maxresdefault-17.jpg","type":"image\/jpeg"}],"author":"user","twitter_card":"summary_large_image","twitter_creator":"@tenjitv","twitter_site":"@tenjitv","twitter_misc":{"\u00c9crit par":"user","Dur\u00e9e de lecture estim\u00e9e":"3 minutes"},"schema":{"@context":"https:\/\/schema.org","@graph":[{"@type":"Article","@id":"https:\/\/www.worldtradeshow.tv\/french\/video\/caferes-japan-2026-japan\/business-use-electric-motorcycle-l-noa-misaki-caferes-japan-2026\/#article","isPartOf":{"@id":"https:\/\/www.worldtradeshow.tv\/french\/video\/caferes-japan-2026-japan\/business-use-electric-motorcycle-l-noa-misaki-caferes-japan-2026\/"},"author":{"name":"user","@id":"https:\/\/www.worldtradeshow.tv\/french\/#\/schema\/person\/a9d7eceb3b29066a8084fc2872dbed3f"},"headline":"Motocyclette \u00e9lectrique \u00e0 usage professionnel L-noa - Misaki [CAFERES JAPAN 2026]","datePublished":"2026-08-14T04:10:01+00:00","dateModified":"2026-08-25T05:43:54+00:00","mainEntityOfPage":{"@id":"https:\/\/www.worldtradeshow.tv\/french\/video\/caferes-japan-2026-japan\/business-use-electric-motorcycle-l-noa-misaki-caferes-japan-2026\/"},"wordCount":666,"commentCount":0,"image":{"@id":"https:\/\/www.worldtradeshow.tv\/french\/video\/caferes-japan-2026-japan\/business-use-electric-motorcycle-l-noa-misaki-caferes-japan-2026\/#primaryimage"},"thumbnailUrl":"https:\/\/www.worldtradeshow.tv\/french\/wp-content\/uploads\/2026\/08\/maxresdefault-47.jpg","keywords":["Agriculture \/ For\u00eats \/ P\u00eache et nourriture","Aliments et boissons \/ Transformation des aliments","Am\u00e9nagement et \u00e9quipement de magasin \/ Pr\u00e9sentoir","Autres machines et \u00e9quipements industriels","Emballage (Mat\u00e9riaux \/ Machines et \u00e9quipements)","H\u00f4tellerie\/Restaurant &amp; Restauration","Information \/ T\u00e9l\u00e9communication","Japon","Machines \/ Technologie industrielle","Prestations de service","Publicit\u00e9\/Marketing\/Administration des affaires","Soins de sant\u00e9 (\u00e9quipements\/produits et services)","Soins m\u00e9dicaux \/ Sant\u00e9","Technologie et ing\u00e9nierie de fabrication","T\u00e9l\u00e9communication \/ Informatique \/ Informatique","Transport \/ Logistique \/ Emballage"],"articleSection":["CAFERES JAPAN 2026"],"inLanguage":"fr-FR","potentialAction":[{"@type":"CommentAction","name":"Comment","target":["https:\/\/www.worldtradeshow.tv\/french\/video\/caferes-japan-2026-japan\/business-use-electric-motorcycle-l-noa-misaki-caferes-japan-2026\/#respond"]}]},{"@type":"WebPage","@id":"https:\/\/www.worldtradeshow.tv\/french\/video\/caferes-japan-2026-japan\/business-use-electric-motorcycle-l-noa-misaki-caferes-japan-2026\/","url":"https:\/\/www.worldtradeshow.tv\/french\/video\/caferes-japan-2026-japan\/business-use-electric-motorcycle-l-noa-misaki-caferes-japan-2026\/","name":"Motocyclette \u00e9lectrique \u00e0 usage professionnel L-noa - Misaki [CAFERES JAPAN 2026] \u2013 Vid\u00e9o du Salon | WorldTradeShow.TV","isPartOf":{"@id":"https:\/\/www.worldtradeshow.tv\/french\/#website"},"primaryImageOfPage":{"@id":"https:\/\/www.worldtradeshow.tv\/french\/video\/caferes-japan-2026-japan\/business-use-electric-motorcycle-l-noa-misaki-caferes-japan-2026\/#primaryimage"},"image":{"@id":"https:\/\/www.worldtradeshow.tv\/french\/video\/caferes-japan-2026-japan\/business-use-electric-motorcycle-l-noa-misaki-caferes-japan-2026\/#primaryimage"},"thumbnailUrl":"https:\/\/www.worldtradeshow.tv\/french\/wp-content\/uploads\/2026\/08\/maxresdefault-47.jpg","datePublished":"2026-08-14T04:10:01+00:00","dateModified":"2026-08-25T05:43:54+00:00","author":{"@id":"https:\/\/www.worldtradeshow.tv\/french\/#\/schema\/person\/a9d7eceb3b29066a8084fc2872dbed3f"},"breadcrumb":{"@id":"https:\/\/www.worldtradeshow.tv\/french\/video\/caferes-japan-2026-japan\/business-use-electric-motorcycle-l-noa-misaki-caferes-japan-2026\/#breadcrumb"},"inLanguage":"fr-FR","potentialAction":[{"@type":"ReadAction","target":["https:\/\/www.worldtradeshow.tv\/french\/video\/caferes-japan-2026-japan\/business-use-electric-motorcycle-l-noa-misaki-caferes-japan-2026\/"]}]},{"@type":"ImageObject","inLanguage":"fr-FR","@id":"https:\/\/www.worldtradeshow.tv\/french\/video\/caferes-japan-2026-japan\/business-use-electric-motorcycle-l-noa-misaki-caferes-japan-2026\/#primaryimage","url":"https:\/\/www.worldtradeshow.tv\/french\/wp-content\/uploads\/2026\/08\/maxresdefault-47.jpg","contentUrl":"https:\/\/www.worldtradeshow.tv\/french\/wp-content\/uploads\/2026\/08\/maxresdefault-47.jpg","width":1280,"height":720},{"@type":"BreadcrumbList","@id":"https:\/\/www.worldtradeshow.tv\/french\/video\/caferes-japan-2026-japan\/business-use-electric-motorcycle-l-noa-misaki-caferes-japan-2026\/#breadcrumb","itemListElement":[{"@type":"ListItem","position":1,"name":"Accueil","item":"https:\/\/www.worldtradeshow.tv\/french\/"},{"@type":"ListItem","position":2,"name":"Motocyclette \u00e9lectrique \u00e0 usage professionnel L-noa - Misaki [CAFERES JAPAN 2026]"}]},{"@type":"WebSite","@id":"https:\/\/www.worldtradeshow.tv\/french\/#website","url":"https:\/\/www.worldtradeshow.tv\/french\/","name":"Vid\u00e9os de Salons Internationaux et Nouveaux Produits \u2013 WorldTradeShow.TV","description":"D\u00e9couvrez des vid\u00e9os de salons internationaux et de nouveaux produits en fran\u00e7ais","potentialAction":[{"@type":"SearchAction","target":{"@type":"EntryPoint","urlTemplate":"https:\/\/www.worldtradeshow.tv\/french\/?s={search_term_string}"},"query-input":{"@type":"PropertyValueSpecification","valueRequired":true,"valueName":"search_term_string"}}],"inLanguage":"fr-FR"},{"@type":"Person","@id":"https:\/\/www.worldtradeshow.tv\/french\/#\/schema\/person\/a9d7eceb3b29066a8084fc2872dbed3f","name":"user","image":{"@type":"ImageObject","inLanguage":"fr-FR","@id":"https:\/\/secure.gravatar.com\/avatar\/b4c9a289323b21a01c3e940f150eb9b8c542587f1abfd8f0e1cc1ffc5e475514?s=96&d=mm&r=g","url":"https:\/\/secure.gravatar.com\/avatar\/b4c9a289323b21a01c3e940f150eb9b8c542587f1abfd8f0e1cc1ffc5e475514?s=96&d=mm&r=g","contentUrl":"https:\/\/secure.gravatar.com\/avatar\/b4c9a289323b21a01c3e940f150eb9b8c542587f1abfd8f0e1cc1ffc5e475514?s=96&d=mm&r=g","caption":"user"},"sameAs":["http:"]}]},"og_video":"https:\/\/www.youtube.com\/embed\/ICCmiAMEAfw","og_video_type":"text\/html","og_video_duration":"49","og_video_width":"480","og_video_height":"270","ya_ovs_adult":"false","ya_ovs_allow_embed":"true"},"cmb2":{"poster_feature_image":{"vid_m_player_background":"on","vid_m_poster_image":"","vid_m_poster_image_id":""},"gif_feature_image":{"vid_m_gif_image":"","vid_m_gif_image_id":""},"video_movie_settings":{"vid_m_director":"","vid_m_actor":"","vid_m_imdb_ratings":"","vid_m_amazon_associates":"","vid_m_vid_tmdb_movie":"","vid_m_vid_tmdb_tv_shows":"","vid_m_vid_tmdb_thumb":"backdrop_sizes"},"vid_ads_m_videoads_settings_post":{"vid_ads_m_video_ads":"","vid_ads_m_video_ads_type":"","vid_ads_m_group_google_ima":"","vid_ads_m_group_image":"","vid_ads_m_group_html5_video":"","vid_ads_m_group_html":"","vid_ads_m_vpaid_mode":"","vid_ads_m_vast_preroll":"","vid_ads_m_vast_postroll":"","vid_ads_m_vast_pauseroll":"","vid_ads_m_vast_midroll":"","vid_ads_m_group_dynamic":"","vid_ads_m_time_to_show_ads":"","vid_ads_m_time_skip_ads":"","vid_ads_m_time_to_hide_ads":""},"feature_image_settings":{"feature_image_position":""},"video_player_settings":{"single_video_style":"","video_player_position":"","vm_video_url_btn_choose":"","vm_video_url_btn_choose_id":"","vm_video_url":"https:\/\/www.youtube.com\/watch?v=ICCmiAMEAfw","vm_video_ratio":"16:9","vm_video_ratio_mobile":"16:9","video_player_library":"","plyr_player":"","video_streaming":"","vm_video_shortcode":"","vm_video_timelapse":"","vm_media_subtitles":"","vm_media_sources":"","vid_vtt_preview":"","vid_vtt_preview_vtt_file":"","vid_vtt_preview_vtt_file_id":"","vid_vtt_preview_sprite_image":"","vid_vtt_preview_sprite_image_id":"","vid_auto_play":"","vid_preview_mode":"","vm_video_trailer_manl_url":"","vm_screenshot_preview":"","vid_tags":"","vid_p_sync_playlist":"","vid_c_sync_channel":"","get_post_format":"","multiple_links_structure":"default","multi_links_title":"","original_video_title":"","multi_links_series":"","vm_video_multi_links":"","vm_duration":"","vid_social_locker":"","vid_locker_mode":"social","vid_social_locker_id":"","vid_social_email_locker_id":"","vid_social_signin_locker_id":"","sv_login_to_watch":"","vid_membership_action":"content-video","vm_video_trailer_url":"","vid_download_type":"free","vid_download_target":"download","vid_woo_product":"","vid_download_mode":"","vid_download_mode_trailer":"","vm_media_download":"","user_rating":"","user_rating_position":"","user_rating_mode":"","user_rating_multi_sets":"","ads_above_single_player":""},"video_auto_fetch_settings":{"vm_video_fetch":"on"},"video_fake_views_likes":{"vm_fake_views":"","vm_fake_likes":"","vm_fake_dislikes":""},"gallery_settings":{"gallery_position":""},"quote_settings":{"quote_position":""},"post_options":{"main_layout":"","main_logo":"","main_logo_id":"","main_logo_retina":"","main_logo_retina_id":"","main_logo_mobile":"","main_logo_mobile_id":"","main_logo_mobile_retina":"","main_logo_mobile_retina_id":"","sticky_logo":"","sticky_logo_id":"","sticky_logo_retina":"","sticky_logo_retina_id":"","main_nav_layout":"","header_background":"","theme_sidebar":"","single_post_comment_type":"","theme_background":""}},"_links":{"self":[{"href":"https:\/\/www.worldtradeshow.tv\/french\/wp-json\/wp\/v2\/posts\/98393","targetHints":{"allow":["GET"]}}],"collection":[{"href":"https:\/\/www.worldtradeshow.tv\/french\/wp-json\/wp\/v2\/posts"}],"about":[{"href":"https:\/\/www.worldtradeshow.tv\/french\/wp-json\/wp\/v2\/types\/post"}],"author":[{"embeddable":true,"href":"https:\/\/www.worldtradeshow.tv\/french\/wp-json\/wp\/v2\/users\/1"}],"replies":[{"embeddable":true,"href":"https:\/\/www.worldtradeshow.tv\/french\/wp-json\/wp\/v2\/comments?post=98393"}],"version-history":[{"count":2,"href":"https:\/\/www.worldtradeshow.tv\/french\/wp-json\/wp\/v2\/posts\/98393\/revisions"}],"predecessor-version":[{"id":98508,"href":"https:\/\/www.worldtradeshow.tv\/french\/wp-json\/wp\/v2\/posts\/98393\/revisions\/98508"}],"wp:featuredmedia":[{"embeddable":true,"href":"https:\/\/www.worldtradeshow.tv\/french\/wp-json\/wp\/v2\/media\/98509"}],"wp:attachment":[{"href":"https:\/\/www.worldtradeshow.tv\/french\/wp-json\/wp\/v2\/media?parent=98393"}],"wp:term":[{"taxonomy":"category","embeddable":true,"href":"https:\/\/www.worldtradeshow.tv\/french\/wp-json\/wp\/v2\/categories?post=98393"},{"taxonomy":"post_tag","embeddable":true,"href":"https:\/\/www.worldtradeshow.tv\/french\/wp-json\/wp\/v2\/tags?post=98393"}],"curies":[{"name":"wp","href":"https:\/\/api.w.org\/{rel}","templated":true}]}}