{"id":98381,"date":"2026-08-14T04:10:14","date_gmt":"2026-08-14T04:10:14","guid":{"rendered":"https:\/\/www.worldtradeshow.tv\/french\/?p=98381"},"modified":"2026-08-25T05:43:46","modified_gmt":"2026-08-25T05:43:46","slug":"ms-corporation-food-service-apparel-ms-corporation-caferes-japan-2026","status":"publish","type":"post","link":"https:\/\/www.worldtradeshow.tv\/french\/video\/caferes-japan-2026-japan\/ms-corporation-food-service-apparel-ms-corporation-caferes-japan-2026\/","title":{"rendered":"MS CORPORATION V\u00eatements de service alimentaire - M's Corporation [CAFERES JAPAN 2026]"},"content":{"rendered":"<div class=\"entry-content \">\n<blockquote class=\"wp-block-quote\">\n<p>Dans les secteurs des services comme la restauration et l&#8217;h\u00f4tellerie, les uniformes alliant esth\u00e9tique et fonctionnalit\u00e9 sont tr\u00e8s recherch\u00e9s pour valoriser l&#8217;image de marque et dynamiser la motivation du personnel. Des capacit\u00e9s de production flexibles et fiables, permettant de g\u00e9rer des cr\u00e9ations originales sur mesure et des commandes en gros volumes, sont \u00e9galement essentielles.<br \/>Lors de l&#8217;exposition, M&#8217;s Co., Ltd. a pr\u00e9sent\u00e9 ses solutions d&#8217;uniformes personnalis\u00e9s sous le th\u00e8me \u00ab Fa\u00e7onner l&#8217;h\u00f4tellerie gr\u00e2ce aux v\u00eatements de travail \u00bb, en proposant des services de conception, de fabrication et de vente d&#8217;uniformes pour les restaurants, les h\u00f4tels et les cha\u00eenes nationales. Depuis 1989, l&#8217;entreprise aide les entreprises \u00e0 renforcer leur image de marque gr\u00e2ce aux v\u00eatements personnalis\u00e9s.<br \/>Sur leur stand, ils ont mis en avant l&#8217;\u00e9tendue de leurs capacit\u00e9s de production int\u00e9gr\u00e9es, de la planification \u00e0 la conception en passant par la confection, gr\u00e2ce \u00e0 leur propre usine de fabrication situ\u00e9e \u00e0 Shizugawa, dans la pr\u00e9fecture de Miyagi. Ils ont \u00e9galement pr\u00e9sent\u00e9 des exemples r\u00e9ussis d&#8217;uniformes \u00e9l\u00e9gants, cr\u00e9\u00e9s en collaboration avec diverses marques de pr\u00eat-\u00e0-porter. Cette solution est id\u00e9ale pour les entreprises de services souhaitant moderniser leurs uniformes et renforcer leur image de marque.<\/p>\n<\/blockquote>\n<div class=\"video-summary-grid\">\n<div class=\"summary-card\">\n<h3>D\u00e9fis r\u00e9solus<\/h3>\n<ul>\n<li><a href=\"\/french\/?s=Image%20de%20marque%20et%20diff%C3%A9renciation%20des%20magasins&#038;post_type=post\">Image de marque et diff\u00e9renciation des magasins<\/a><\/li>\n<li><a href=\"\/french\/?s=Concilier%20durabilit%C3%A9%20et%20confort%20dans%20les%20uniformes&#038;post_type=post\">Concilier durabilit\u00e9 et confort dans les uniformes<\/a><\/li>\n<li><a href=\"\/french\/?s=Optimisation%20des%20d%C3%A9lais%20et%20des%20co%C3%BBts%2C%20de%20la%20conception%20%C3%A0%20la%20production&#038;post_type=post\">Optimisation des d\u00e9lais et des co\u00fbts, de la conception \u00e0 la production<\/a><\/li>\n<\/ul>\n<\/div>\n<div class=\"summary-card\">\n<h3>Solutions<\/h3>\n<ul>\n<li><a href=\"\/french\/?s=Conception%20uniforme%20pour%20les%20restaurants%20et%20les%20h%C3%B4tels&#038;post_type=post\">Conception uniforme pour les restaurants et les h\u00f4tels<\/a><\/li>\n<li><a href=\"\/french\/?s=Fabrication%20int%C3%A9gr%C3%A9e%20via%20notre%20propre%20usine&#038;post_type=post\">Fabrication int\u00e9gr\u00e9e via notre propre usine<\/a><\/li>\n<li><a href=\"\/french\/?s=uniformes%20de%20collaboration%20de%20marques%20de%20mode&#038;post_type=post\">uniformes de collaboration de marques de mode<\/a><\/li>\n<\/ul>\n<\/div>\n<div class=\"summary-card\">\n<h3>Clients cibles<\/h3>\n<ul>\n<li><a href=\"\/french\/?s=cha%C3%AEnes%20et%20restaurants%20nationaux&#038;post_type=post\">cha\u00eenes et restaurants nationaux<\/a><\/li>\n<li><a href=\"\/french\/?s=H%C3%B4tels%20et%20auberges%20traditionnelles%20japonaises%20%28Ryokan%29&#038;post_type=post\">H\u00f4tels et auberges traditionnelles japonaises (Ryokan)<\/a><\/li>\n<li><a href=\"\/french\/?s=Les%20entreprises%20de%20services%20pr%C3%A9voient%20de%20renouveler%20leurs%20uniformes&#038;post_type=post\">Les entreprises de services pr\u00e9voient de renouveler leurs uniformes<\/a><\/li>\n<\/ul>\n<\/div>\n<\/div>\n<div class=\"video-faq\">\n<h3 class=\"faq-heading\">FAQ<\/h3>\n<details class=\"faq-item\">\n<summary>Dans quel type d&#8217;uniformes la soci\u00e9t\u00e9 M&#8217;s co., ltd. est-elle sp\u00e9cialis\u00e9e ?<\/summary>\n<div class=\"faq-answer\">Ils se sp\u00e9cialisent dans les uniformes pour les restaurants, les h\u00f4tels et les grandes cha\u00eenes nationales, g\u00e9rant l&#8217;ensemble du processus, de la planification et la conception \u00e0 la production et aux ventes.<\/div>\n<\/details>\n<details class=\"faq-item\">\n<summary>Quelles sont les caract\u00e9ristiques de leur installation de production ?<\/summary>\n<div class=\"faq-answer\">En exploitant leur propre usine \u00e0 Shizugawa, dans la pr\u00e9fecture de Miyagi, ils assurent un contr\u00f4le qualit\u00e9 total et peuvent g\u00e9rer l&#8217;ensemble du processus de mani\u00e8re fluide, de la conception initiale \u00e0 la couture finale et \u00e0 la livraison.<\/div>\n<\/details>\n<details class=\"faq-item\">\n<summary>Est-il possible de r\u00e9aliser des cr\u00e9ations originales sur mesure ou des collaborations avec des marques de v\u00eatements\u00a0?<\/summary>\n<div class=\"faq-answer\">Oui, ils poss\u00e8dent une vaste exp\u00e9rience dans la cr\u00e9ation d&#8217;uniformes originaux sur mesure ainsi que dans la conception de v\u00eatements de collaboration \u00e9l\u00e9gants avec des marques de mode renomm\u00e9es.<\/div>\n<\/details>\n<\/div>\n<details class=\"video-transcript\">\n<summary>Voir la transcription vid\u00e9o<\/summary>\n<div class=\"transcript-content\">Nous sommes M&#8217;s Corporation.<br \/>Nous sommes venus de Shin-Yokohama aujourd&#8217;hui.<br \/>Nous concevons, fabriquons et vendons des uniformes pour des cha\u00eenes nationales \u00e0 travers tout le Japon, principalement des restaurants et des h\u00f4tels.<br \/>Notre entreprise se distingue par son atelier de confection situ\u00e9 \u00e0 Shizugawa, dans la pr\u00e9fecture de Miyagi. Nous ma\u00eetrisons ainsi l&#8217;ensemble du processus, de la conception \u00e0 la fabrication.<br \/>Nous exposons aujourd&#8217;hui de nombreux uniformes issus de notre collaboration avec Universal Overall, une marque de v\u00eatements de travail originaire de Chicago, aux \u00c9tats-Unis, fond\u00e9e en 1924.<br \/>De plus, nous pr\u00e9sentons \u00e9galement des produits cr\u00e9\u00e9s en collaboration avec niko and&#8230;, une marque de v\u00eatements et d&#8217;accessoires renomm\u00e9e. Ainsi, nous proposons aujourd&#8217;hui une large gamme de produits.<br \/>Vous pouvez commander un seul article. M\u00eame si vous ne pouvez pas vous d\u00e9placer, nous serons ravis de recevoir vos commandes en ligne.<\/div>\n<\/details>\n<h2>Renseignez-vous via le lien ci-dessous<\/h2>\n<div class=\"company-profile-section\">\n<div class=\"company-shot\">\n<div class=\"browser-shot\"><a href=\"https:\/\/www.ms-uni.com\/\" target=\"_blank\" rel=\"noopener\"><img decoding=\"async\" src=\"https:\/\/s.wordpress.com\/mshots\/v1\/https%3A%2F%2Fwww.ms-uni.com%2F?w=1200\" alt=\"Capture d'\u00e9cran du site officiel de M's Co., Ltd.\" loading=\"lazy\"><\/a><\/div>\n<\/div>\n<div class=\"company-info\">\n<h3 class=\"company-name\">M&#8217;s co., ltd.<\/h3>\n<ul class=\"company-meta\">\n<li><span class=\"label\">Quartier g\u00e9n\u00e9ral<\/span> <span class=\"value\">9F Paleana Bldg, 2-2-15 Shinyokohama, Kohoku-ku, Yokohama-shi, Kanagawa, Japon<\/span><\/li>\n<li><span class=\"label\">\u00c9tabli<\/span> <span class=\"value\">1989<\/span><\/li>\n<li><span class=\"label\">Employ\u00e9s<\/span> <span class=\"value\">200<\/span><\/li>\n<li><span class=\"label\">Site officiel<\/span> <span class=\"value\"><a href=\"https:\/\/www.ms-uni.com\/\" target=\"_blank\" rel=\"noopener\">https:\/\/www.ms-uni.com\/<\/a><\/span><\/li>\n<li><span class=\"label\">Domaine d&#8217;activit\u00e9<\/span> <span class=\"value\">Planification, conception, fabrication et vente d&#8217;uniformes pour restaurants, h\u00f4tels et cha\u00eenes nationales<\/span><\/li>\n<li><span class=\"label\">Principaux produits\/services<\/span> <span class=\"value\">Uniformes divers du secteur des services, v\u00eatements issus de collaborations avec des marques de mode<\/span><\/li>\n<\/ul>\n<\/div>\n<\/div>\n<\/div>\n","protected":false},"excerpt":{"rendered":"<p>Dans les secteurs des services comme la restauration et l&#8217;h\u00f4tellerie, les uniformes alliant esth\u00e9tique et fonctionnalit\u00e9 sont tr\u00e8s recherch\u00e9s pour valoriser l&#8217;image de marque et dynamiser la motivation du personnel. Des capacit\u00e9s de production flexib\u2026<\/p>\n","protected":false},"author":1,"featured_media":98501,"comment_status":"open","ping_status":"open","sticky":false,"template":"","format":"video","meta":{"_acf_changed":false,"footnotes":""},"categories":[800],"tags":[43,536,522,542,568,562,31,38,33,36,552,588,34,543,506,37],"class_list":["post-98381","post","type-post","status-publish","format-video","has-post-thumbnail","hentry","category-caferes-japan-2026-japan","tag-agriculture-forestry-fishery-and-food","tag-agriculture-forestry-fishery-and-food-2","tag-services-2","tag-machinery-industrial-technology-7","tag-transportation-logistics-packaging-9","tag-services-1","tag-information-telecommunication","tag-japan","tag-machinery-industrial-technology","tag-services","tag-services-3","tag-medical-care-health-5","tag-medical-care-health","tag-machinery-industrial-technology-8","tag-information-telecommunication-1","tag-transportation-logistics-packaging","post_format-post-format-video"],"acf":[],"yoast_head":"<!-- This site is optimized with the Yoast SEO plugin v28.3 - https:\/\/yoast.com\/product\/yoast-seo-wordpress\/ -->\n<title>MS CORPORATION V\u00eatements de service alimentaire - M&#039;s Corporation [CAFERES JAPAN 2026] \u2013 Vid\u00e9o du Salon | WorldTradeShow.TV<\/title>\n<meta name=\"robots\" content=\"index, follow, max-snippet:-1, max-image-preview:large, max-video-preview:-1\" \/>\n<link rel=\"canonical\" href=\"https:\/\/www.worldtradeshow.tv\/french\/video\/caferes-japan-2026-japan\/ms-corporation-food-service-apparel-ms-corporation-caferes-japan-2026\/\" \/>\n<meta property=\"og:locale\" content=\"fr_FR\" \/>\n<meta property=\"og:type\" content=\"article\" \/>\n<meta property=\"og:title\" content=\"MS CORPORATION V\u00eatements de service alimentaire - M&#039;s Corporation [CAFERES JAPAN 2026] \u2013 Vid\u00e9o du Salon | WorldTradeShow.TV\" \/>\n<meta property=\"og:description\" content=\"Dans les secteurs des services comme la restauration et l&#039;h\u00f4tellerie, les uniformes alliant esth\u00e9tique et fonctionnalit\u00e9 sont tr\u00e8s recherch\u00e9s pour valoriser l&#039;image de marque et dynamiser la motivation du personnel. Des capacit\u00e9s de production flexib\u2026\" \/>\n<meta property=\"og:url\" content=\"https:\/\/www.worldtradeshow.tv\/french\/video\/caferes-japan-2026-japan\/ms-corporation-food-service-apparel-ms-corporation-caferes-japan-2026\/\" \/>\n<meta property=\"og:site_name\" content=\"Vid\u00e9os de Salons Internationaux et Nouveaux Produits \u2013 WorldTradeShow.TV\" \/>\n<meta property=\"article:publisher\" content=\"https:\/\/www.facebook.com\/tenji.tv\" \/>\n<meta property=\"article:published_time\" content=\"2026-08-14T04:10:14+00:00\" \/>\n<meta property=\"article:modified_time\" content=\"2026-08-25T05:43:46+00:00\" \/>\n<meta property=\"og:image\" content=\"https:\/\/www.worldtradeshow.tv\/french\/wp-content\/uploads\/2026\/08\/maxresdefault-13.jpg\" \/>\n\t<meta property=\"og:image:width\" content=\"1280\" \/>\n\t<meta property=\"og:image:height\" content=\"720\" \/>\n\t<meta property=\"og:image:type\" content=\"image\/jpeg\" \/>\n<meta name=\"author\" content=\"user\" \/>\n<meta name=\"twitter:card\" content=\"summary_large_image\" \/>\n<meta name=\"twitter:creator\" content=\"@tenjitv\" \/>\n<meta name=\"twitter:site\" content=\"@tenjitv\" \/>\n<meta name=\"twitter:label1\" content=\"\u00c9crit par\" \/>\n\t<meta name=\"twitter:data1\" content=\"user\" \/>\n\t<meta name=\"twitter:label2\" content=\"Dur\u00e9e de lecture estim\u00e9e\" \/>\n\t<meta name=\"twitter:data2\" content=\"3 minutes\" \/>\n<script type=\"application\/ld+json\" class=\"yoast-schema-graph\">{\"@context\":\"https:\\\/\\\/schema.org\",\"@graph\":[{\"@type\":\"Article\",\"@id\":\"https:\\\/\\\/www.worldtradeshow.tv\\\/french\\\/video\\\/caferes-japan-2026-japan\\\/ms-corporation-food-service-apparel-ms-corporation-caferes-japan-2026\\\/#article\",\"isPartOf\":{\"@id\":\"https:\\\/\\\/www.worldtradeshow.tv\\\/french\\\/video\\\/caferes-japan-2026-japan\\\/ms-corporation-food-service-apparel-ms-corporation-caferes-japan-2026\\\/\"},\"author\":{\"name\":\"user\",\"@id\":\"https:\\\/\\\/www.worldtradeshow.tv\\\/french\\\/#\\\/schema\\\/person\\\/a9d7eceb3b29066a8084fc2872dbed3f\"},\"headline\":\"MS CORPORATION V\u00eatements de service alimentaire - M's Corporation [CAFERES JAPAN 2026]\",\"datePublished\":\"2026-08-14T04:10:14+00:00\",\"dateModified\":\"2026-08-25T05:43:46+00:00\",\"mainEntityOfPage\":{\"@id\":\"https:\\\/\\\/www.worldtradeshow.tv\\\/french\\\/video\\\/caferes-japan-2026-japan\\\/ms-corporation-food-service-apparel-ms-corporation-caferes-japan-2026\\\/\"},\"wordCount\":709,\"commentCount\":0,\"image\":{\"@id\":\"https:\\\/\\\/www.worldtradeshow.tv\\\/french\\\/video\\\/caferes-japan-2026-japan\\\/ms-corporation-food-service-apparel-ms-corporation-caferes-japan-2026\\\/#primaryimage\"},\"thumbnailUrl\":\"https:\\\/\\\/www.worldtradeshow.tv\\\/french\\\/wp-content\\\/uploads\\\/2026\\\/08\\\/maxresdefault-43.jpg\",\"keywords\":[\"Agriculture \\\/ For\u00eats \\\/ P\u00eache et nourriture\",\"Aliments et boissons \\\/ Transformation des aliments\",\"Am\u00e9nagement et \u00e9quipement de magasin \\\/ Pr\u00e9sentoir\",\"Autres machines et \u00e9quipements industriels\",\"Emballage (Mat\u00e9riaux \\\/ Machines et \u00e9quipements)\",\"H\u00f4tellerie\\\/Restaurant &amp; Restauration\",\"Information \\\/ T\u00e9l\u00e9communication\",\"Japon\",\"Machines \\\/ Technologie industrielle\",\"Prestations de service\",\"Publicit\u00e9\\\/Marketing\\\/Administration des affaires\",\"Soins de sant\u00e9 (\u00e9quipements\\\/produits et services)\",\"Soins m\u00e9dicaux \\\/ Sant\u00e9\",\"Technologie et ing\u00e9nierie de fabrication\",\"T\u00e9l\u00e9communication \\\/ Informatique \\\/ Informatique\",\"Transport \\\/ Logistique \\\/ Emballage\"],\"articleSection\":[\"CAFERES JAPAN 2026\"],\"inLanguage\":\"fr-FR\",\"potentialAction\":[{\"@type\":\"CommentAction\",\"name\":\"Comment\",\"target\":[\"https:\\\/\\\/www.worldtradeshow.tv\\\/french\\\/video\\\/caferes-japan-2026-japan\\\/ms-corporation-food-service-apparel-ms-corporation-caferes-japan-2026\\\/#respond\"]}]},{\"@type\":\"WebPage\",\"@id\":\"https:\\\/\\\/www.worldtradeshow.tv\\\/french\\\/video\\\/caferes-japan-2026-japan\\\/ms-corporation-food-service-apparel-ms-corporation-caferes-japan-2026\\\/\",\"url\":\"https:\\\/\\\/www.worldtradeshow.tv\\\/french\\\/video\\\/caferes-japan-2026-japan\\\/ms-corporation-food-service-apparel-ms-corporation-caferes-japan-2026\\\/\",\"name\":\"MS CORPORATION V\u00eatements de service alimentaire - M's Corporation [CAFERES JAPAN 2026] \u2013 Vid\u00e9o du Salon | WorldTradeShow.TV\",\"isPartOf\":{\"@id\":\"https:\\\/\\\/www.worldtradeshow.tv\\\/french\\\/#website\"},\"primaryImageOfPage\":{\"@id\":\"https:\\\/\\\/www.worldtradeshow.tv\\\/french\\\/video\\\/caferes-japan-2026-japan\\\/ms-corporation-food-service-apparel-ms-corporation-caferes-japan-2026\\\/#primaryimage\"},\"image\":{\"@id\":\"https:\\\/\\\/www.worldtradeshow.tv\\\/french\\\/video\\\/caferes-japan-2026-japan\\\/ms-corporation-food-service-apparel-ms-corporation-caferes-japan-2026\\\/#primaryimage\"},\"thumbnailUrl\":\"https:\\\/\\\/www.worldtradeshow.tv\\\/french\\\/wp-content\\\/uploads\\\/2026\\\/08\\\/maxresdefault-43.jpg\",\"datePublished\":\"2026-08-14T04:10:14+00:00\",\"dateModified\":\"2026-08-25T05:43:46+00:00\",\"author\":{\"@id\":\"https:\\\/\\\/www.worldtradeshow.tv\\\/french\\\/#\\\/schema\\\/person\\\/a9d7eceb3b29066a8084fc2872dbed3f\"},\"breadcrumb\":{\"@id\":\"https:\\\/\\\/www.worldtradeshow.tv\\\/french\\\/video\\\/caferes-japan-2026-japan\\\/ms-corporation-food-service-apparel-ms-corporation-caferes-japan-2026\\\/#breadcrumb\"},\"inLanguage\":\"fr-FR\",\"potentialAction\":[{\"@type\":\"ReadAction\",\"target\":[\"https:\\\/\\\/www.worldtradeshow.tv\\\/french\\\/video\\\/caferes-japan-2026-japan\\\/ms-corporation-food-service-apparel-ms-corporation-caferes-japan-2026\\\/\"]}]},{\"@type\":\"ImageObject\",\"inLanguage\":\"fr-FR\",\"@id\":\"https:\\\/\\\/www.worldtradeshow.tv\\\/french\\\/video\\\/caferes-japan-2026-japan\\\/ms-corporation-food-service-apparel-ms-corporation-caferes-japan-2026\\\/#primaryimage\",\"url\":\"https:\\\/\\\/www.worldtradeshow.tv\\\/french\\\/wp-content\\\/uploads\\\/2026\\\/08\\\/maxresdefault-43.jpg\",\"contentUrl\":\"https:\\\/\\\/www.worldtradeshow.tv\\\/french\\\/wp-content\\\/uploads\\\/2026\\\/08\\\/maxresdefault-43.jpg\",\"width\":1280,\"height\":720},{\"@type\":\"BreadcrumbList\",\"@id\":\"https:\\\/\\\/www.worldtradeshow.tv\\\/french\\\/video\\\/caferes-japan-2026-japan\\\/ms-corporation-food-service-apparel-ms-corporation-caferes-japan-2026\\\/#breadcrumb\",\"itemListElement\":[{\"@type\":\"ListItem\",\"position\":1,\"name\":\"Accueil\",\"item\":\"https:\\\/\\\/www.worldtradeshow.tv\\\/french\\\/\"},{\"@type\":\"ListItem\",\"position\":2,\"name\":\"MS CORPORATION V\u00eatements de service alimentaire - M's Corporation [CAFERES JAPAN 2026]\"}]},{\"@type\":\"WebSite\",\"@id\":\"https:\\\/\\\/www.worldtradeshow.tv\\\/french\\\/#website\",\"url\":\"https:\\\/\\\/www.worldtradeshow.tv\\\/french\\\/\",\"name\":\"Vid\u00e9os de Salons Internationaux et Nouveaux Produits \u2013 WorldTradeShow.TV\",\"description\":\"D\u00e9couvrez des vid\u00e9os de salons internationaux et de nouveaux produits en fran\u00e7ais\",\"potentialAction\":[{\"@type\":\"SearchAction\",\"target\":{\"@type\":\"EntryPoint\",\"urlTemplate\":\"https:\\\/\\\/www.worldtradeshow.tv\\\/french\\\/?s={search_term_string}\"},\"query-input\":{\"@type\":\"PropertyValueSpecification\",\"valueRequired\":true,\"valueName\":\"search_term_string\"}}],\"inLanguage\":\"fr-FR\"},{\"@type\":\"Person\",\"@id\":\"https:\\\/\\\/www.worldtradeshow.tv\\\/french\\\/#\\\/schema\\\/person\\\/a9d7eceb3b29066a8084fc2872dbed3f\",\"name\":\"user\",\"image\":{\"@type\":\"ImageObject\",\"inLanguage\":\"fr-FR\",\"@id\":\"https:\\\/\\\/secure.gravatar.com\\\/avatar\\\/b4c9a289323b21a01c3e940f150eb9b8c542587f1abfd8f0e1cc1ffc5e475514?s=96&d=mm&r=g\",\"url\":\"https:\\\/\\\/secure.gravatar.com\\\/avatar\\\/b4c9a289323b21a01c3e940f150eb9b8c542587f1abfd8f0e1cc1ffc5e475514?s=96&d=mm&r=g\",\"contentUrl\":\"https:\\\/\\\/secure.gravatar.com\\\/avatar\\\/b4c9a289323b21a01c3e940f150eb9b8c542587f1abfd8f0e1cc1ffc5e475514?s=96&d=mm&r=g\",\"caption\":\"user\"},\"sameAs\":[\"http:\"]}]}<\/script>\n<meta property=\"og:video\" content=\"https:\/\/www.youtube.com\/embed\/2y9_QFYqJYQ\" \/>\n<meta property=\"og:video:type\" content=\"text\/html\" \/>\n<meta property=\"og:video:duration\" content=\"73\" \/>\n<meta property=\"og:video:width\" content=\"480\" \/>\n<meta property=\"og:video:height\" content=\"270\" \/>\n<meta property=\"ya:ovs:adult\" content=\"false\" \/>\n<meta property=\"ya:ovs:allow_embed\" content=\"true\" \/>\n<!-- \/ Yoast SEO plugin. -->","yoast_head_json":{"title":"MS CORPORATION V\u00eatements de service alimentaire - M's Corporation [CAFERES JAPAN 2026] \u2013 Vid\u00e9o du Salon | WorldTradeShow.TV","robots":{"index":"index","follow":"follow","max-snippet":"max-snippet:-1","max-image-preview":"max-image-preview:large","max-video-preview":"max-video-preview:-1"},"canonical":"https:\/\/www.worldtradeshow.tv\/french\/video\/caferes-japan-2026-japan\/ms-corporation-food-service-apparel-ms-corporation-caferes-japan-2026\/","og_locale":"fr_FR","og_type":"article","og_title":"MS CORPORATION V\u00eatements de service alimentaire - M's Corporation [CAFERES JAPAN 2026] \u2013 Vid\u00e9o du Salon | WorldTradeShow.TV","og_description":"Dans les secteurs des services comme la restauration et l'h\u00f4tellerie, les uniformes alliant esth\u00e9tique et fonctionnalit\u00e9 sont tr\u00e8s recherch\u00e9s pour valoriser l'image de marque et dynamiser la motivation du personnel. Des capacit\u00e9s de production flexib\u2026","og_url":"https:\/\/www.worldtradeshow.tv\/french\/video\/caferes-japan-2026-japan\/ms-corporation-food-service-apparel-ms-corporation-caferes-japan-2026\/","og_site_name":"Vid\u00e9os de Salons Internationaux et Nouveaux Produits \u2013 WorldTradeShow.TV","article_publisher":"https:\/\/www.facebook.com\/tenji.tv","article_published_time":"2026-08-14T04:10:14+00:00","article_modified_time":"2026-08-25T05:43:46+00:00","og_image":[{"width":1280,"height":720,"url":"https:\/\/www.worldtradeshow.tv\/french\/wp-content\/uploads\/2026\/08\/maxresdefault-13.jpg","type":"image\/jpeg"}],"author":"user","twitter_card":"summary_large_image","twitter_creator":"@tenjitv","twitter_site":"@tenjitv","twitter_misc":{"\u00c9crit par":"user","Dur\u00e9e de lecture estim\u00e9e":"3 minutes"},"schema":{"@context":"https:\/\/schema.org","@graph":[{"@type":"Article","@id":"https:\/\/www.worldtradeshow.tv\/french\/video\/caferes-japan-2026-japan\/ms-corporation-food-service-apparel-ms-corporation-caferes-japan-2026\/#article","isPartOf":{"@id":"https:\/\/www.worldtradeshow.tv\/french\/video\/caferes-japan-2026-japan\/ms-corporation-food-service-apparel-ms-corporation-caferes-japan-2026\/"},"author":{"name":"user","@id":"https:\/\/www.worldtradeshow.tv\/french\/#\/schema\/person\/a9d7eceb3b29066a8084fc2872dbed3f"},"headline":"MS CORPORATION V\u00eatements de service alimentaire - M's Corporation [CAFERES JAPAN 2026]","datePublished":"2026-08-14T04:10:14+00:00","dateModified":"2026-08-25T05:43:46+00:00","mainEntityOfPage":{"@id":"https:\/\/www.worldtradeshow.tv\/french\/video\/caferes-japan-2026-japan\/ms-corporation-food-service-apparel-ms-corporation-caferes-japan-2026\/"},"wordCount":709,"commentCount":0,"image":{"@id":"https:\/\/www.worldtradeshow.tv\/french\/video\/caferes-japan-2026-japan\/ms-corporation-food-service-apparel-ms-corporation-caferes-japan-2026\/#primaryimage"},"thumbnailUrl":"https:\/\/www.worldtradeshow.tv\/french\/wp-content\/uploads\/2026\/08\/maxresdefault-43.jpg","keywords":["Agriculture \/ For\u00eats \/ P\u00eache et nourriture","Aliments et boissons \/ Transformation des aliments","Am\u00e9nagement et \u00e9quipement de magasin \/ Pr\u00e9sentoir","Autres machines et \u00e9quipements industriels","Emballage (Mat\u00e9riaux \/ Machines et \u00e9quipements)","H\u00f4tellerie\/Restaurant &amp; Restauration","Information \/ T\u00e9l\u00e9communication","Japon","Machines \/ Technologie industrielle","Prestations de service","Publicit\u00e9\/Marketing\/Administration des affaires","Soins de sant\u00e9 (\u00e9quipements\/produits et services)","Soins m\u00e9dicaux \/ Sant\u00e9","Technologie et ing\u00e9nierie de fabrication","T\u00e9l\u00e9communication \/ Informatique \/ Informatique","Transport \/ Logistique \/ Emballage"],"articleSection":["CAFERES JAPAN 2026"],"inLanguage":"fr-FR","potentialAction":[{"@type":"CommentAction","name":"Comment","target":["https:\/\/www.worldtradeshow.tv\/french\/video\/caferes-japan-2026-japan\/ms-corporation-food-service-apparel-ms-corporation-caferes-japan-2026\/#respond"]}]},{"@type":"WebPage","@id":"https:\/\/www.worldtradeshow.tv\/french\/video\/caferes-japan-2026-japan\/ms-corporation-food-service-apparel-ms-corporation-caferes-japan-2026\/","url":"https:\/\/www.worldtradeshow.tv\/french\/video\/caferes-japan-2026-japan\/ms-corporation-food-service-apparel-ms-corporation-caferes-japan-2026\/","name":"MS CORPORATION V\u00eatements de service alimentaire - M's Corporation [CAFERES JAPAN 2026] \u2013 Vid\u00e9o du Salon | WorldTradeShow.TV","isPartOf":{"@id":"https:\/\/www.worldtradeshow.tv\/french\/#website"},"primaryImageOfPage":{"@id":"https:\/\/www.worldtradeshow.tv\/french\/video\/caferes-japan-2026-japan\/ms-corporation-food-service-apparel-ms-corporation-caferes-japan-2026\/#primaryimage"},"image":{"@id":"https:\/\/www.worldtradeshow.tv\/french\/video\/caferes-japan-2026-japan\/ms-corporation-food-service-apparel-ms-corporation-caferes-japan-2026\/#primaryimage"},"thumbnailUrl":"https:\/\/www.worldtradeshow.tv\/french\/wp-content\/uploads\/2026\/08\/maxresdefault-43.jpg","datePublished":"2026-08-14T04:10:14+00:00","dateModified":"2026-08-25T05:43:46+00:00","author":{"@id":"https:\/\/www.worldtradeshow.tv\/french\/#\/schema\/person\/a9d7eceb3b29066a8084fc2872dbed3f"},"breadcrumb":{"@id":"https:\/\/www.worldtradeshow.tv\/french\/video\/caferes-japan-2026-japan\/ms-corporation-food-service-apparel-ms-corporation-caferes-japan-2026\/#breadcrumb"},"inLanguage":"fr-FR","potentialAction":[{"@type":"ReadAction","target":["https:\/\/www.worldtradeshow.tv\/french\/video\/caferes-japan-2026-japan\/ms-corporation-food-service-apparel-ms-corporation-caferes-japan-2026\/"]}]},{"@type":"ImageObject","inLanguage":"fr-FR","@id":"https:\/\/www.worldtradeshow.tv\/french\/video\/caferes-japan-2026-japan\/ms-corporation-food-service-apparel-ms-corporation-caferes-japan-2026\/#primaryimage","url":"https:\/\/www.worldtradeshow.tv\/french\/wp-content\/uploads\/2026\/08\/maxresdefault-43.jpg","contentUrl":"https:\/\/www.worldtradeshow.tv\/french\/wp-content\/uploads\/2026\/08\/maxresdefault-43.jpg","width":1280,"height":720},{"@type":"BreadcrumbList","@id":"https:\/\/www.worldtradeshow.tv\/french\/video\/caferes-japan-2026-japan\/ms-corporation-food-service-apparel-ms-corporation-caferes-japan-2026\/#breadcrumb","itemListElement":[{"@type":"ListItem","position":1,"name":"Accueil","item":"https:\/\/www.worldtradeshow.tv\/french\/"},{"@type":"ListItem","position":2,"name":"MS CORPORATION V\u00eatements de service alimentaire - M's Corporation [CAFERES JAPAN 2026]"}]},{"@type":"WebSite","@id":"https:\/\/www.worldtradeshow.tv\/french\/#website","url":"https:\/\/www.worldtradeshow.tv\/french\/","name":"Vid\u00e9os de Salons Internationaux et Nouveaux Produits \u2013 WorldTradeShow.TV","description":"D\u00e9couvrez des vid\u00e9os de salons internationaux et de nouveaux produits en fran\u00e7ais","potentialAction":[{"@type":"SearchAction","target":{"@type":"EntryPoint","urlTemplate":"https:\/\/www.worldtradeshow.tv\/french\/?s={search_term_string}"},"query-input":{"@type":"PropertyValueSpecification","valueRequired":true,"valueName":"search_term_string"}}],"inLanguage":"fr-FR"},{"@type":"Person","@id":"https:\/\/www.worldtradeshow.tv\/french\/#\/schema\/person\/a9d7eceb3b29066a8084fc2872dbed3f","name":"user","image":{"@type":"ImageObject","inLanguage":"fr-FR","@id":"https:\/\/secure.gravatar.com\/avatar\/b4c9a289323b21a01c3e940f150eb9b8c542587f1abfd8f0e1cc1ffc5e475514?s=96&d=mm&r=g","url":"https:\/\/secure.gravatar.com\/avatar\/b4c9a289323b21a01c3e940f150eb9b8c542587f1abfd8f0e1cc1ffc5e475514?s=96&d=mm&r=g","contentUrl":"https:\/\/secure.gravatar.com\/avatar\/b4c9a289323b21a01c3e940f150eb9b8c542587f1abfd8f0e1cc1ffc5e475514?s=96&d=mm&r=g","caption":"user"},"sameAs":["http:"]}]},"og_video":"https:\/\/www.youtube.com\/embed\/2y9_QFYqJYQ","og_video_type":"text\/html","og_video_duration":"73","og_video_width":"480","og_video_height":"270","ya_ovs_adult":"false","ya_ovs_allow_embed":"true"},"cmb2":{"poster_feature_image":{"vid_m_player_background":"on","vid_m_poster_image":"","vid_m_poster_image_id":""},"gif_feature_image":{"vid_m_gif_image":"","vid_m_gif_image_id":""},"video_movie_settings":{"vid_m_director":"","vid_m_actor":"","vid_m_imdb_ratings":"","vid_m_amazon_associates":"","vid_m_vid_tmdb_movie":"","vid_m_vid_tmdb_tv_shows":"","vid_m_vid_tmdb_thumb":"backdrop_sizes"},"vid_ads_m_videoads_settings_post":{"vid_ads_m_video_ads":"","vid_ads_m_video_ads_type":"","vid_ads_m_group_google_ima":"","vid_ads_m_group_image":"","vid_ads_m_group_html5_video":"","vid_ads_m_group_html":"","vid_ads_m_vpaid_mode":"","vid_ads_m_vast_preroll":"","vid_ads_m_vast_postroll":"","vid_ads_m_vast_pauseroll":"","vid_ads_m_vast_midroll":"","vid_ads_m_group_dynamic":"","vid_ads_m_time_to_show_ads":"","vid_ads_m_time_skip_ads":"","vid_ads_m_time_to_hide_ads":""},"feature_image_settings":{"feature_image_position":""},"video_player_settings":{"single_video_style":"","video_player_position":"","vm_video_url_btn_choose":"","vm_video_url_btn_choose_id":"","vm_video_url":"https:\/\/www.youtube.com\/watch?v=2y9_QFYqJYQ","vm_video_ratio":"16:9","vm_video_ratio_mobile":"16:9","video_player_library":"","plyr_player":"","video_streaming":"","vm_video_shortcode":"","vm_video_timelapse":"","vm_media_subtitles":"","vm_media_sources":"","vid_vtt_preview":"","vid_vtt_preview_vtt_file":"","vid_vtt_preview_vtt_file_id":"","vid_vtt_preview_sprite_image":"","vid_vtt_preview_sprite_image_id":"","vid_auto_play":"","vid_preview_mode":"","vm_video_trailer_manl_url":"","vm_screenshot_preview":"","vid_tags":"","vid_p_sync_playlist":"","vid_c_sync_channel":"","get_post_format":"","multiple_links_structure":"default","multi_links_title":"","original_video_title":"","multi_links_series":"","vm_video_multi_links":"","vm_duration":"","vid_social_locker":"","vid_locker_mode":"social","vid_social_locker_id":"","vid_social_email_locker_id":"","vid_social_signin_locker_id":"","sv_login_to_watch":"","vid_membership_action":"content-video","vm_video_trailer_url":"","vid_download_type":"free","vid_download_target":"download","vid_woo_product":"","vid_download_mode":"","vid_download_mode_trailer":"","vm_media_download":"","user_rating":"","user_rating_position":"","user_rating_mode":"","user_rating_multi_sets":"","ads_above_single_player":""},"video_auto_fetch_settings":{"vm_video_fetch":"on"},"video_fake_views_likes":{"vm_fake_views":"","vm_fake_likes":"","vm_fake_dislikes":""},"gallery_settings":{"gallery_position":""},"quote_settings":{"quote_position":""},"post_options":{"main_layout":"","main_logo":"","main_logo_id":"","main_logo_retina":"","main_logo_retina_id":"","main_logo_mobile":"","main_logo_mobile_id":"","main_logo_mobile_retina":"","main_logo_mobile_retina_id":"","sticky_logo":"","sticky_logo_id":"","sticky_logo_retina":"","sticky_logo_retina_id":"","main_nav_layout":"","header_background":"","theme_sidebar":"","single_post_comment_type":"","theme_background":""}},"_links":{"self":[{"href":"https:\/\/www.worldtradeshow.tv\/french\/wp-json\/wp\/v2\/posts\/98381","targetHints":{"allow":["GET"]}}],"collection":[{"href":"https:\/\/www.worldtradeshow.tv\/french\/wp-json\/wp\/v2\/posts"}],"about":[{"href":"https:\/\/www.worldtradeshow.tv\/french\/wp-json\/wp\/v2\/types\/post"}],"author":[{"embeddable":true,"href":"https:\/\/www.worldtradeshow.tv\/french\/wp-json\/wp\/v2\/users\/1"}],"replies":[{"embeddable":true,"href":"https:\/\/www.worldtradeshow.tv\/french\/wp-json\/wp\/v2\/comments?post=98381"}],"version-history":[{"count":2,"href":"https:\/\/www.worldtradeshow.tv\/french\/wp-json\/wp\/v2\/posts\/98381\/revisions"}],"predecessor-version":[{"id":98500,"href":"https:\/\/www.worldtradeshow.tv\/french\/wp-json\/wp\/v2\/posts\/98381\/revisions\/98500"}],"wp:featuredmedia":[{"embeddable":true,"href":"https:\/\/www.worldtradeshow.tv\/french\/wp-json\/wp\/v2\/media\/98501"}],"wp:attachment":[{"href":"https:\/\/www.worldtradeshow.tv\/french\/wp-json\/wp\/v2\/media?parent=98381"}],"wp:term":[{"taxonomy":"category","embeddable":true,"href":"https:\/\/www.worldtradeshow.tv\/french\/wp-json\/wp\/v2\/categories?post=98381"},{"taxonomy":"post_tag","embeddable":true,"href":"https:\/\/www.worldtradeshow.tv\/french\/wp-json\/wp\/v2\/tags?post=98381"}],"curies":[{"name":"wp","href":"https:\/\/api.w.org\/{rel}","templated":true}]}}